{"id":1033,"date":"2012-11-30T12:45:53","date_gmt":"2012-11-30T11:45:53","guid":{"rendered":"http:\/\/www.gkl-rijeka.hr\/wordpress\/?p=1033"},"modified":"2012-11-30T12:45:53","modified_gmt":"2012-11-30T11:45:53","slug":"poklon-predstava-djecjoj-bolnici-kantrida","status":"publish","type":"post","link":"https:\/\/www.gkl-rijeka.hr\/index.php\/poklon-predstava-djecjoj-bolnici-kantrida\/","title":{"rendered":"POKLON PREDSTAVA DJE\u010cJOJ BOLNICI KANTRIDA"},"content":{"rendered":"<p>Gradsko kazali\u0161te lutaka Rijeka i ove godine poklanja Dje\u010djoj bolnici Kantrida predstavu za njihove male pacijente. U utorak, 4. prosinca u 13,30 izvest \u0107emo predstavu &#8220;Pala\u010dinka mog \u017eivota&#8221;, autorski projekt Davida Petrovi\u0107a uz glazbu Sr\u0111ana Badurine. <\/p>\n","protected":false},"excerpt":{"rendered":"<p>Gradsko kazali\u0161te lutaka Rijeka i ove godine poklanja Dje\u010djoj bolnici Kantrida predstavu za njihove male pacijente. U utorak, 4. prosinca u 13,30 izvest \u0107emo predstavu &#8220;Pala\u010dinka mog \u017eivota&#8221;, autorski projekt Davida Petrovi\u0107a uz glazbu Sr\u0111ana Badurine.<\/p>\n","protected":false},"author":3,"featured_media":0,"comment_status":"closed","ping_status":"closed","sticky":false,"template":"","format":"standard","meta":{"spay_email":""},"categories":[1],"tags":[],"jetpack_featured_media_url":"","yoast_head":"<!-- This site is optimized with the Yoast SEO plugin v15.1.1 - https:\/\/yoast.com\/wordpress\/plugins\/seo\/ -->\n<meta name=\"robots\" content=\"index, follow, max-snippet:-1, max-image-preview:large, max-video-preview:-1\" \/>\n<link rel=\"canonical\" href=\"https:\/\/www.gkl-rijeka.hr\/index.php\/poklon-predstava-djecjoj-bolnici-kantrida\/\" \/>\n<meta property=\"og:locale\" content=\"en_US\" \/>\n<meta property=\"og:type\" content=\"article\" \/>\n<meta property=\"og:title\" content=\"POKLON PREDSTAVA DJE\u010cJOJ BOLNICI KANTRIDA - Gradsko kazali\u0161te lutaka Rijeka\" \/>\n<meta property=\"og:description\" content=\"Gradsko kazali\u0161te lutaka Rijeka i ove godine poklanja Dje\u010djoj bolnici Kantrida predstavu za njihove male pacijente. U utorak, 4. prosinca u 13,30 izvest \u0107emo predstavu &#8220;Pala\u010dinka mog \u017eivota&#8221;, autorski projekt Davida Petrovi\u0107a uz glazbu Sr\u0111ana Badurine.\" \/>\n<meta property=\"og:url\" content=\"https:\/\/www.gkl-rijeka.hr\/index.php\/poklon-predstava-djecjoj-bolnici-kantrida\/\" \/>\n<meta property=\"og:site_name\" content=\"Gradsko kazali\u0161te lutaka Rijeka\" \/>\n<meta property=\"article:publisher\" content=\"https:\/\/www.facebook.com\/gkl.rijeka\" \/>\n<meta property=\"article:published_time\" content=\"2012-11-30T11:45:53+00:00\" \/>\n<meta property=\"og:image\" content=\"https:\/\/www.gkl-rijeka.hr\/wp-content\/uploads\/2020\/10\/promocije.jpg?wsr\" \/>\n\t<meta property=\"og:image:width\" content=\"1920\" \/>\n\t<meta property=\"og:image:height\" content=\"1059\" \/>\n<meta property=\"fb:app_id\" content=\"368762594246882\" \/>\n<meta name=\"twitter:card\" content=\"summary\" \/>\n<script type=\"application\/ld+json\" class=\"yoast-schema-graph\">{\"@context\":\"https:\/\/schema.org\",\"@graph\":[{\"@type\":\"Organization\",\"@id\":\"https:\/\/www.gkl-rijeka.hr\/#organization\",\"name\":\"Gradsko kazali\\u0161te lutaka Rijeka\",\"url\":\"https:\/\/www.gkl-rijeka.hr\/\",\"sameAs\":[\"https:\/\/www.facebook.com\/gkl.rijeka\"],\"logo\":{\"@type\":\"ImageObject\",\"@id\":\"https:\/\/www.gkl-rijeka.hr\/#logo\",\"inLanguage\":\"en-US\",\"url\":\"https:\/\/www.gkl-rijeka.hr\/wp-content\/uploads\/2020\/10\/logo_boja_01.png?wsr\",\"width\":209,\"height\":280,\"caption\":\"Gradsko kazali\\u0161te lutaka Rijeka\"},\"image\":{\"@id\":\"https:\/\/www.gkl-rijeka.hr\/#logo\"}},{\"@type\":\"WebSite\",\"@id\":\"https:\/\/www.gkl-rijeka.hr\/#website\",\"url\":\"https:\/\/www.gkl-rijeka.hr\/\",\"name\":\"Gradsko kazali\\u0161te lutaka Rijeka\",\"description\":\"\",\"publisher\":{\"@id\":\"https:\/\/www.gkl-rijeka.hr\/#organization\"},\"potentialAction\":[{\"@type\":\"SearchAction\",\"target\":\"https:\/\/www.gkl-rijeka.hr\/?s={search_term_string}\",\"query-input\":\"required name=search_term_string\"}],\"inLanguage\":\"en-US\"},{\"@type\":\"WebPage\",\"@id\":\"https:\/\/www.gkl-rijeka.hr\/index.php\/poklon-predstava-djecjoj-bolnici-kantrida\/#webpage\",\"url\":\"https:\/\/www.gkl-rijeka.hr\/index.php\/poklon-predstava-djecjoj-bolnici-kantrida\/\",\"name\":\"POKLON PREDSTAVA DJE\\u010cJOJ BOLNICI KANTRIDA - Gradsko kazali\\u0161te lutaka Rijeka\",\"isPartOf\":{\"@id\":\"https:\/\/www.gkl-rijeka.hr\/#website\"},\"datePublished\":\"2012-11-30T11:45:53+00:00\",\"dateModified\":\"2012-11-30T11:45:53+00:00\",\"inLanguage\":\"en-US\",\"potentialAction\":[{\"@type\":\"ReadAction\",\"target\":[\"https:\/\/www.gkl-rijeka.hr\/index.php\/poklon-predstava-djecjoj-bolnici-kantrida\/\"]}]},{\"@type\":\"Article\",\"@id\":\"https:\/\/www.gkl-rijeka.hr\/index.php\/poklon-predstava-djecjoj-bolnici-kantrida\/#article\",\"isPartOf\":{\"@id\":\"https:\/\/www.gkl-rijeka.hr\/index.php\/poklon-predstava-djecjoj-bolnici-kantrida\/#webpage\"},\"author\":{\"@id\":\"https:\/\/www.gkl-rijeka.hr\/#\/schema\/person\/902062ab3ebb7c87a532ea1895b83da2\"},\"headline\":\"POKLON PREDSTAVA DJE\\u010cJOJ BOLNICI KANTRIDA\",\"datePublished\":\"2012-11-30T11:45:53+00:00\",\"dateModified\":\"2012-11-30T11:45:53+00:00\",\"mainEntityOfPage\":{\"@id\":\"https:\/\/www.gkl-rijeka.hr\/index.php\/poklon-predstava-djecjoj-bolnici-kantrida\/#webpage\"},\"publisher\":{\"@id\":\"https:\/\/www.gkl-rijeka.hr\/#organization\"},\"inLanguage\":\"en-US\"},{\"@type\":\"Person\",\"@id\":\"https:\/\/www.gkl-rijeka.hr\/#\/schema\/person\/902062ab3ebb7c87a532ea1895b83da2\",\"name\":\"Vedrana\",\"image\":{\"@type\":\"ImageObject\",\"@id\":\"https:\/\/www.gkl-rijeka.hr\/#personlogo\",\"inLanguage\":\"en-US\",\"url\":\"https:\/\/secure.gravatar.com\/avatar\/2661cd1c63328b25d3019be485f4794a?s=96&d=mm&r=g\",\"caption\":\"Vedrana\"}}]}<\/script>\n<!-- \/ Yoast SEO plugin. -->","_links":{"self":[{"href":"https:\/\/www.gkl-rijeka.hr\/index.php\/wp-json\/wp\/v2\/posts\/1033"}],"collection":[{"href":"https:\/\/www.gkl-rijeka.hr\/index.php\/wp-json\/wp\/v2\/posts"}],"about":[{"href":"https:\/\/www.gkl-rijeka.hr\/index.php\/wp-json\/wp\/v2\/types\/post"}],"author":[{"embeddable":true,"href":"https:\/\/www.gkl-rijeka.hr\/index.php\/wp-json\/wp\/v2\/users\/3"}],"replies":[{"embeddable":true,"href":"https:\/\/www.gkl-rijeka.hr\/index.php\/wp-json\/wp\/v2\/comments?post=1033"}],"version-history":[{"count":0,"href":"https:\/\/www.gkl-rijeka.hr\/index.php\/wp-json\/wp\/v2\/posts\/1033\/revisions"}],"wp:attachment":[{"href":"https:\/\/www.gkl-rijeka.hr\/index.php\/wp-json\/wp\/v2\/media?parent=1033"}],"wp:term":[{"taxonomy":"category","embeddable":true,"href":"https:\/\/www.gkl-rijeka.hr\/index.php\/wp-json\/wp\/v2\/categories?post=1033"},{"taxonomy":"post_tag","embeddable":true,"href":"https:\/\/www.gkl-rijeka.hr\/index.php\/wp-json\/wp\/v2\/tags?post=1033"}],"curies":[{"name":"wp","href":"https:\/\/api.w.org\/{rel}","templated":true}]}}