{"id":1092,"date":"2013-03-21T15:27:35","date_gmt":"2013-03-21T14:27:35","guid":{"rendered":"http:\/\/www.gkl-rijeka.hr\/wordpress\/?p=1092"},"modified":"2013-03-21T15:27:35","modified_gmt":"2013-03-21T14:27:35","slug":"21-ozujka-svjetski-dan-lutkarstva-2","status":"publish","type":"post","link":"https:\/\/www.gkl-rijeka.hr\/index.php\/21-ozujka-svjetski-dan-lutkarstva-2\/","title":{"rendered":"21. o\u017eujka &#8211; SVJETSKI DAN LUTKARSTVA"},"content":{"rendered":"<p>Obilje\u017eavanjem Svjetskog dana lutkarstva sa zahvalno\u0161\u0107u se sje\u0107amo svih proteklih generacija posve\u0107enih ovoj umjetnosti; svih neumornih, kreativnih i odanih zaljubljenika u lutku posve\u0107enu najmla\u0111ima. Svih vrijednih ljudi koji su svojim srcem i umije\u0107em obogatili djetinjstvo brojnoj djeci, otvorili skrivene svjetove i potaknuli im ma\u0161tu na pragu odrastanja. Nadahnuli su generacije \u010dudesnom magijom lutkarstva u \u010dijem je \u017eivotu sve mogu\u0107e, a lutka je bila i ostala djetetu najbolji prijatelj. Hvala im na predanosti i ljubavi jer su njihove zasluge ugra\u0111ene do danas u na\u0161e kazali\u0161te.<\/p>\n<p>Gradsko kazali\u0161ta lutaka Rijeka<\/p>\n","protected":false},"excerpt":{"rendered":"<p>Obilje\u017eavanjem Svjetskog dana lutkarstva sa zahvalno\u0161\u0107u se sje\u0107amo svih proteklih generacija posve\u0107enih ovoj umjetnosti; svih neumornih, kreativnih i odanih zaljubljenika u lutku posve\u0107enu najmla\u0111ima. Svih vrijednih ljudi koji su svojim srcem i umije\u0107em obogatili djetinjstvo brojnoj djeci, otvorili skrivene svjetove i potaknuli im ma\u0161tu na pragu odrastanja. Nadahnuli su generacije \u010dudesnom magijom lutkarstva u \u010dijem [&hellip;]<\/p>\n","protected":false},"author":3,"featured_media":0,"comment_status":"closed","ping_status":"closed","sticky":false,"template":"","format":"standard","meta":{"spay_email":""},"categories":[1],"tags":[],"jetpack_featured_media_url":"","yoast_head":"<!-- This site is optimized with the Yoast SEO plugin v15.1.1 - https:\/\/yoast.com\/wordpress\/plugins\/seo\/ -->\n<meta name=\"robots\" content=\"index, follow, max-snippet:-1, max-image-preview:large, max-video-preview:-1\" \/>\n<link rel=\"canonical\" href=\"https:\/\/www.gkl-rijeka.hr\/index.php\/21-ozujka-svjetski-dan-lutkarstva-2\/\" \/>\n<meta property=\"og:locale\" content=\"en_US\" \/>\n<meta property=\"og:type\" content=\"article\" \/>\n<meta property=\"og:title\" content=\"21. o\u017eujka - SVJETSKI DAN LUTKARSTVA - Gradsko kazali\u0161te lutaka Rijeka\" \/>\n<meta property=\"og:description\" content=\"Obilje\u017eavanjem Svjetskog dana lutkarstva sa zahvalno\u0161\u0107u se sje\u0107amo svih proteklih generacija posve\u0107enih ovoj umjetnosti; svih neumornih, kreativnih i odanih zaljubljenika u lutku posve\u0107enu najmla\u0111ima. Svih vrijednih ljudi koji su svojim srcem i umije\u0107em obogatili djetinjstvo brojnoj djeci, otvorili skrivene svjetove i potaknuli im ma\u0161tu na pragu odrastanja. Nadahnuli su generacije \u010dudesnom magijom lutkarstva u \u010dijem [&hellip;]\" \/>\n<meta property=\"og:url\" content=\"https:\/\/www.gkl-rijeka.hr\/index.php\/21-ozujka-svjetski-dan-lutkarstva-2\/\" \/>\n<meta property=\"og:site_name\" content=\"Gradsko kazali\u0161te lutaka Rijeka\" \/>\n<meta property=\"article:publisher\" content=\"https:\/\/www.facebook.com\/gkl.rijeka\" \/>\n<meta property=\"article:published_time\" content=\"2013-03-21T14:27:35+00:00\" \/>\n<meta property=\"og:image\" content=\"https:\/\/www.gkl-rijeka.hr\/wp-content\/uploads\/2020\/10\/promocije.jpg?wsr\" \/>\n\t<meta property=\"og:image:width\" content=\"1920\" \/>\n\t<meta property=\"og:image:height\" content=\"1059\" \/>\n<meta property=\"fb:app_id\" content=\"368762594246882\" \/>\n<meta name=\"twitter:card\" content=\"summary\" \/>\n<script type=\"application\/ld+json\" class=\"yoast-schema-graph\">{\"@context\":\"https:\/\/schema.org\",\"@graph\":[{\"@type\":\"Organization\",\"@id\":\"https:\/\/www.gkl-rijeka.hr\/#organization\",\"name\":\"Gradsko kazali\\u0161te lutaka Rijeka\",\"url\":\"https:\/\/www.gkl-rijeka.hr\/\",\"sameAs\":[\"https:\/\/www.facebook.com\/gkl.rijeka\"],\"logo\":{\"@type\":\"ImageObject\",\"@id\":\"https:\/\/www.gkl-rijeka.hr\/#logo\",\"inLanguage\":\"en-US\",\"url\":\"https:\/\/www.gkl-rijeka.hr\/wp-content\/uploads\/2020\/10\/logo_boja_01.png?wsr\",\"width\":209,\"height\":280,\"caption\":\"Gradsko kazali\\u0161te lutaka Rijeka\"},\"image\":{\"@id\":\"https:\/\/www.gkl-rijeka.hr\/#logo\"}},{\"@type\":\"WebSite\",\"@id\":\"https:\/\/www.gkl-rijeka.hr\/#website\",\"url\":\"https:\/\/www.gkl-rijeka.hr\/\",\"name\":\"Gradsko kazali\\u0161te lutaka Rijeka\",\"description\":\"\",\"publisher\":{\"@id\":\"https:\/\/www.gkl-rijeka.hr\/#organization\"},\"potentialAction\":[{\"@type\":\"SearchAction\",\"target\":\"https:\/\/www.gkl-rijeka.hr\/?s={search_term_string}\",\"query-input\":\"required name=search_term_string\"}],\"inLanguage\":\"en-US\"},{\"@type\":\"WebPage\",\"@id\":\"https:\/\/www.gkl-rijeka.hr\/index.php\/21-ozujka-svjetski-dan-lutkarstva-2\/#webpage\",\"url\":\"https:\/\/www.gkl-rijeka.hr\/index.php\/21-ozujka-svjetski-dan-lutkarstva-2\/\",\"name\":\"21. o\\u017eujka - SVJETSKI DAN LUTKARSTVA - Gradsko kazali\\u0161te lutaka Rijeka\",\"isPartOf\":{\"@id\":\"https:\/\/www.gkl-rijeka.hr\/#website\"},\"datePublished\":\"2013-03-21T14:27:35+00:00\",\"dateModified\":\"2013-03-21T14:27:35+00:00\",\"inLanguage\":\"en-US\",\"potentialAction\":[{\"@type\":\"ReadAction\",\"target\":[\"https:\/\/www.gkl-rijeka.hr\/index.php\/21-ozujka-svjetski-dan-lutkarstva-2\/\"]}]},{\"@type\":\"Article\",\"@id\":\"https:\/\/www.gkl-rijeka.hr\/index.php\/21-ozujka-svjetski-dan-lutkarstva-2\/#article\",\"isPartOf\":{\"@id\":\"https:\/\/www.gkl-rijeka.hr\/index.php\/21-ozujka-svjetski-dan-lutkarstva-2\/#webpage\"},\"author\":{\"@id\":\"https:\/\/www.gkl-rijeka.hr\/#\/schema\/person\/902062ab3ebb7c87a532ea1895b83da2\"},\"headline\":\"21. o\\u017eujka &#8211; SVJETSKI DAN LUTKARSTVA\",\"datePublished\":\"2013-03-21T14:27:35+00:00\",\"dateModified\":\"2013-03-21T14:27:35+00:00\",\"mainEntityOfPage\":{\"@id\":\"https:\/\/www.gkl-rijeka.hr\/index.php\/21-ozujka-svjetski-dan-lutkarstva-2\/#webpage\"},\"publisher\":{\"@id\":\"https:\/\/www.gkl-rijeka.hr\/#organization\"},\"inLanguage\":\"en-US\"},{\"@type\":\"Person\",\"@id\":\"https:\/\/www.gkl-rijeka.hr\/#\/schema\/person\/902062ab3ebb7c87a532ea1895b83da2\",\"name\":\"Vedrana\",\"image\":{\"@type\":\"ImageObject\",\"@id\":\"https:\/\/www.gkl-rijeka.hr\/#personlogo\",\"inLanguage\":\"en-US\",\"url\":\"https:\/\/secure.gravatar.com\/avatar\/2661cd1c63328b25d3019be485f4794a?s=96&d=mm&r=g\",\"caption\":\"Vedrana\"}}]}<\/script>\n<!-- \/ Yoast SEO plugin. -->","_links":{"self":[{"href":"https:\/\/www.gkl-rijeka.hr\/index.php\/wp-json\/wp\/v2\/posts\/1092"}],"collection":[{"href":"https:\/\/www.gkl-rijeka.hr\/index.php\/wp-json\/wp\/v2\/posts"}],"about":[{"href":"https:\/\/www.gkl-rijeka.hr\/index.php\/wp-json\/wp\/v2\/types\/post"}],"author":[{"embeddable":true,"href":"https:\/\/www.gkl-rijeka.hr\/index.php\/wp-json\/wp\/v2\/users\/3"}],"replies":[{"embeddable":true,"href":"https:\/\/www.gkl-rijeka.hr\/index.php\/wp-json\/wp\/v2\/comments?post=1092"}],"version-history":[{"count":0,"href":"https:\/\/www.gkl-rijeka.hr\/index.php\/wp-json\/wp\/v2\/posts\/1092\/revisions"}],"wp:attachment":[{"href":"https:\/\/www.gkl-rijeka.hr\/index.php\/wp-json\/wp\/v2\/media?parent=1092"}],"wp:term":[{"taxonomy":"category","embeddable":true,"href":"https:\/\/www.gkl-rijeka.hr\/index.php\/wp-json\/wp\/v2\/categories?post=1092"},{"taxonomy":"post_tag","embeddable":true,"href":"https:\/\/www.gkl-rijeka.hr\/index.php\/wp-json\/wp\/v2\/tags?post=1092"}],"curies":[{"name":"wp","href":"https:\/\/api.w.org\/{rel}","templated":true}]}}