{"id":1135,"date":"2013-07-01T13:04:09","date_gmt":"2013-07-01T12:04:09","guid":{"rendered":"http:\/\/www.gkl-rijeka.hr\/wordpress\/?p=1135"},"modified":"2013-07-01T13:04:09","modified_gmt":"2013-07-01T12:04:09","slug":"audicija-za-glumca-lutkara-m-u-gkl-rijeka","status":"publish","type":"post","link":"https:\/\/www.gkl-rijeka.hr\/index.php\/audicija-za-glumca-lutkara-m-u-gkl-rijeka\/","title":{"rendered":"AUDICIJA ZA GLUMCA &#8211; LUTKARA (m) u GKL Rijeka!!!"},"content":{"rendered":"<p> 8. srpnja u 13:00 odr\u017eat \u0107e se navedena audicija u GKL Rijeka, Bla\u017ea Poli\u0107a 6. Svi zainteresirani mogu joj pristupiti, a pred stru\u010dnim povjerenstvom \u0107e izvesti: animaciju lutke, interpretaciju proze, poezije i glazbe po vlastitom izboru. Po mogu\u0107nosti, kandidati \u0107e trebati obrazlo\u017eiti motivaciju pristupanja audiciji budu\u0107i da se radi o zasnivanju radnog odnosa na odre\u0111eno vrijeme. Kandidati su du\u017eni sa sobom imati dokaz o stru\u010dnoj spremi, presliku domovnice i \u017eivotopis s opisom dosada\u0161njeg rada. Uvjet zasnivanja radnog odnosa je zavr\u0161ena akademija dramskih umjetnosti (VSS) i polo\u017eena audicija pred audicijskim povjerenstvom. Ukoliko kandidat nema zavr\u0161enu akademiju, a polo\u017ei audiciju, radni odnos se mo\u017ee zasnovati.<\/p>\n","protected":false},"excerpt":{"rendered":"<p>8. srpnja u 13:00 odr\u017eat \u0107e se navedena audicija u GKL Rijeka, Bla\u017ea Poli\u0107a 6. Svi zainteresirani mogu joj pristupiti, a pred stru\u010dnim povjerenstvom \u0107e izvesti: animaciju lutke, interpretaciju proze, poezije i glazbe po vlastitom izboru. Po mogu\u0107nosti, kandidati \u0107e trebati obrazlo\u017eiti motivaciju pristupanja audiciji budu\u0107i da se radi o zasnivanju radnog odnosa na odre\u0111eno [&hellip;]<\/p>\n","protected":false},"author":3,"featured_media":0,"comment_status":"closed","ping_status":"closed","sticky":false,"template":"","format":"standard","meta":{"spay_email":""},"categories":[1],"tags":[],"jetpack_featured_media_url":"","yoast_head":"<!-- This site is optimized with the Yoast SEO plugin v15.1.1 - https:\/\/yoast.com\/wordpress\/plugins\/seo\/ -->\n<meta name=\"robots\" content=\"index, follow, max-snippet:-1, max-image-preview:large, max-video-preview:-1\" \/>\n<link rel=\"canonical\" href=\"https:\/\/www.gkl-rijeka.hr\/index.php\/audicija-za-glumca-lutkara-m-u-gkl-rijeka\/\" \/>\n<meta property=\"og:locale\" content=\"en_US\" \/>\n<meta property=\"og:type\" content=\"article\" \/>\n<meta property=\"og:title\" content=\"AUDICIJA ZA GLUMCA - LUTKARA (m) u GKL Rijeka!!! - Gradsko kazali\u0161te lutaka Rijeka\" \/>\n<meta property=\"og:description\" content=\"8. srpnja u 13:00 odr\u017eat \u0107e se navedena audicija u GKL Rijeka, Bla\u017ea Poli\u0107a 6. Svi zainteresirani mogu joj pristupiti, a pred stru\u010dnim povjerenstvom \u0107e izvesti: animaciju lutke, interpretaciju proze, poezije i glazbe po vlastitom izboru. Po mogu\u0107nosti, kandidati \u0107e trebati obrazlo\u017eiti motivaciju pristupanja audiciji budu\u0107i da se radi o zasnivanju radnog odnosa na odre\u0111eno [&hellip;]\" \/>\n<meta property=\"og:url\" content=\"https:\/\/www.gkl-rijeka.hr\/index.php\/audicija-za-glumca-lutkara-m-u-gkl-rijeka\/\" \/>\n<meta property=\"og:site_name\" content=\"Gradsko kazali\u0161te lutaka Rijeka\" \/>\n<meta property=\"article:publisher\" content=\"https:\/\/www.facebook.com\/gkl.rijeka\" \/>\n<meta property=\"article:published_time\" content=\"2013-07-01T12:04:09+00:00\" \/>\n<meta property=\"og:image\" content=\"https:\/\/www.gkl-rijeka.hr\/wp-content\/uploads\/2020\/10\/promocije.jpg?wsr\" \/>\n\t<meta property=\"og:image:width\" content=\"1920\" \/>\n\t<meta property=\"og:image:height\" content=\"1059\" \/>\n<meta property=\"fb:app_id\" content=\"368762594246882\" \/>\n<meta name=\"twitter:card\" content=\"summary\" \/>\n<script type=\"application\/ld+json\" class=\"yoast-schema-graph\">{\"@context\":\"https:\/\/schema.org\",\"@graph\":[{\"@type\":\"Organization\",\"@id\":\"https:\/\/www.gkl-rijeka.hr\/#organization\",\"name\":\"Gradsko kazali\\u0161te lutaka Rijeka\",\"url\":\"https:\/\/www.gkl-rijeka.hr\/\",\"sameAs\":[\"https:\/\/www.facebook.com\/gkl.rijeka\"],\"logo\":{\"@type\":\"ImageObject\",\"@id\":\"https:\/\/www.gkl-rijeka.hr\/#logo\",\"inLanguage\":\"en-US\",\"url\":\"https:\/\/www.gkl-rijeka.hr\/wp-content\/uploads\/2020\/10\/logo_boja_01.png?wsr\",\"width\":209,\"height\":280,\"caption\":\"Gradsko kazali\\u0161te lutaka Rijeka\"},\"image\":{\"@id\":\"https:\/\/www.gkl-rijeka.hr\/#logo\"}},{\"@type\":\"WebSite\",\"@id\":\"https:\/\/www.gkl-rijeka.hr\/#website\",\"url\":\"https:\/\/www.gkl-rijeka.hr\/\",\"name\":\"Gradsko kazali\\u0161te lutaka Rijeka\",\"description\":\"\",\"publisher\":{\"@id\":\"https:\/\/www.gkl-rijeka.hr\/#organization\"},\"potentialAction\":[{\"@type\":\"SearchAction\",\"target\":\"https:\/\/www.gkl-rijeka.hr\/?s={search_term_string}\",\"query-input\":\"required name=search_term_string\"}],\"inLanguage\":\"en-US\"},{\"@type\":\"WebPage\",\"@id\":\"https:\/\/www.gkl-rijeka.hr\/index.php\/audicija-za-glumca-lutkara-m-u-gkl-rijeka\/#webpage\",\"url\":\"https:\/\/www.gkl-rijeka.hr\/index.php\/audicija-za-glumca-lutkara-m-u-gkl-rijeka\/\",\"name\":\"AUDICIJA ZA GLUMCA - LUTKARA (m) u GKL Rijeka!!! - Gradsko kazali\\u0161te lutaka Rijeka\",\"isPartOf\":{\"@id\":\"https:\/\/www.gkl-rijeka.hr\/#website\"},\"datePublished\":\"2013-07-01T12:04:09+00:00\",\"dateModified\":\"2013-07-01T12:04:09+00:00\",\"inLanguage\":\"en-US\",\"potentialAction\":[{\"@type\":\"ReadAction\",\"target\":[\"https:\/\/www.gkl-rijeka.hr\/index.php\/audicija-za-glumca-lutkara-m-u-gkl-rijeka\/\"]}]},{\"@type\":\"Article\",\"@id\":\"https:\/\/www.gkl-rijeka.hr\/index.php\/audicija-za-glumca-lutkara-m-u-gkl-rijeka\/#article\",\"isPartOf\":{\"@id\":\"https:\/\/www.gkl-rijeka.hr\/index.php\/audicija-za-glumca-lutkara-m-u-gkl-rijeka\/#webpage\"},\"author\":{\"@id\":\"https:\/\/www.gkl-rijeka.hr\/#\/schema\/person\/902062ab3ebb7c87a532ea1895b83da2\"},\"headline\":\"AUDICIJA ZA GLUMCA &#8211; LUTKARA (m) u GKL Rijeka!!!\",\"datePublished\":\"2013-07-01T12:04:09+00:00\",\"dateModified\":\"2013-07-01T12:04:09+00:00\",\"mainEntityOfPage\":{\"@id\":\"https:\/\/www.gkl-rijeka.hr\/index.php\/audicija-za-glumca-lutkara-m-u-gkl-rijeka\/#webpage\"},\"publisher\":{\"@id\":\"https:\/\/www.gkl-rijeka.hr\/#organization\"},\"inLanguage\":\"en-US\"},{\"@type\":\"Person\",\"@id\":\"https:\/\/www.gkl-rijeka.hr\/#\/schema\/person\/902062ab3ebb7c87a532ea1895b83da2\",\"name\":\"Vedrana\",\"image\":{\"@type\":\"ImageObject\",\"@id\":\"https:\/\/www.gkl-rijeka.hr\/#personlogo\",\"inLanguage\":\"en-US\",\"url\":\"https:\/\/secure.gravatar.com\/avatar\/2661cd1c63328b25d3019be485f4794a?s=96&d=mm&r=g\",\"caption\":\"Vedrana\"}}]}<\/script>\n<!-- \/ Yoast SEO plugin. -->","_links":{"self":[{"href":"https:\/\/www.gkl-rijeka.hr\/index.php\/wp-json\/wp\/v2\/posts\/1135"}],"collection":[{"href":"https:\/\/www.gkl-rijeka.hr\/index.php\/wp-json\/wp\/v2\/posts"}],"about":[{"href":"https:\/\/www.gkl-rijeka.hr\/index.php\/wp-json\/wp\/v2\/types\/post"}],"author":[{"embeddable":true,"href":"https:\/\/www.gkl-rijeka.hr\/index.php\/wp-json\/wp\/v2\/users\/3"}],"replies":[{"embeddable":true,"href":"https:\/\/www.gkl-rijeka.hr\/index.php\/wp-json\/wp\/v2\/comments?post=1135"}],"version-history":[{"count":0,"href":"https:\/\/www.gkl-rijeka.hr\/index.php\/wp-json\/wp\/v2\/posts\/1135\/revisions"}],"wp:attachment":[{"href":"https:\/\/www.gkl-rijeka.hr\/index.php\/wp-json\/wp\/v2\/media?parent=1135"}],"wp:term":[{"taxonomy":"category","embeddable":true,"href":"https:\/\/www.gkl-rijeka.hr\/index.php\/wp-json\/wp\/v2\/categories?post=1135"},{"taxonomy":"post_tag","embeddable":true,"href":"https:\/\/www.gkl-rijeka.hr\/index.php\/wp-json\/wp\/v2\/tags?post=1135"}],"curies":[{"name":"wp","href":"https:\/\/api.w.org\/{rel}","templated":true}]}}