{"id":14437,"date":"2023-09-06T11:07:06","date_gmt":"2023-09-06T11:07:06","guid":{"rendered":"https:\/\/www.gkl-rijeka.hr\/?p=14437"},"modified":"2023-09-06T11:07:06","modified_gmt":"2023-09-06T11:07:06","slug":"radionica-to-go-or-not-to-go-prijave-u-tijeku","status":"publish","type":"post","link":"https:\/\/www.gkl-rijeka.hr\/index.php\/radionica-to-go-or-not-to-go-prijave-u-tijeku\/","title":{"rendered":"Radionica TO GO OR NOT TO GO &#8211; Prijave u tijeku"},"content":{"rendered":"<p>[et_pb_section admin_label=&#8221;Section&#8221; fullwidth=&#8221;off&#8221; specialty=&#8221;on&#8221; transparent_background=&#8221;off&#8221; allow_player_pause=&#8221;off&#8221; inner_shadow=&#8221;off&#8221; parallax=&#8221;off&#8221; parallax_method=&#8221;off&#8221; padding_mobile=&#8221;off&#8221; make_fullwidth=&#8221;off&#8221; use_custom_width=&#8221;off&#8221; width_unit=&#8221;on&#8221; make_equal=&#8221;off&#8221; use_custom_gutter=&#8221;off&#8221; module_id=&#8221;specialtySectionPIN&#8221;][et_pb_column type=&#8221;3_4&#8243; specialty_columns=&#8221;3&#8243;][et_pb_row_inner admin_label=&#8221;Row&#8221; padding_mobile=&#8221;off&#8221; use_custom_gutter=&#8221;off&#8221; column_padding_mobile=&#8221;on&#8221; make_equal=&#8221;off&#8221;][et_pb_column_inner type=&#8221;4_4&#8243; saved_specialty_column_type=&#8221;3_4&#8243;][et_pb_post_title admin_label=&#8221;Naslov&#8221; title=&#8221;on&#8221; meta=&#8221;off&#8221; author=&#8221;on&#8221; date=&#8221;on&#8221; categories=&#8221;on&#8221; comments=&#8221;on&#8221; featured_image=&#8221;off&#8221; featured_placement=&#8221;below&#8221; parallax_effect=&#8221;on&#8221; parallax_method=&#8221;on&#8221; text_orientation=&#8221;left&#8221; text_color=&#8221;dark&#8221; text_background=&#8221;off&#8221; text_bg_color=&#8221;rgba(255,255,255,0.9)&#8221; module_bg_color=&#8221;rgba(255,255,255,0)&#8221; title_font_size=&#8221;42px&#8221; title_all_caps=&#8221;off&#8221; use_border_color=&#8221;off&#8221; border_color=&#8221;#ffffff&#8221; border_style=&#8221;solid&#8221;]<\/p>\n<p>&nbsp;<\/p>\n<p>[\/et_pb_post_title][et_pb_text admin_label=&#8221;Featured Image&#8221; background_layout=&#8221;light&#8221; text_orientation=&#8221;left&#8221; module_id=&#8221;#featuredImageNovosti&#8221; use_border_color=&#8221;off&#8221; border_color=&#8221;#ffffff&#8221; border_style=&#8221;solid&#8221;]<\/p>\n <div id='featured-img-id'><img src='https:\/\/www.gkl-rijeka.hr\/wp-content\/uploads\/2023\/09\/GKL-Rijeka-Poziv-na-dramsku-radionicu.jpg?wsr' \/><\/div>\n<p>[\/et_pb_text][\/et_pb_column_inner][\/et_pb_row_inner][et_pb_row_inner admin_label=&#8221;Row&#8221;][et_pb_column_inner type=&#8221;4_4&#8243; saved_specialty_column_type=&#8221;3_4&#8243;][et_pb_text admin_label=&#8221;Text&#8221; background_layout=&#8221;light&#8221; text_orientation=&#8221;left&#8221; use_border_color=&#8221;off&#8221; border_color=&#8221;#ffffff&#8221; border_style=&#8221;solid&#8221;]<\/p>\n<p>Gradsko kazali\u0161te lutaka Rijeka otvara prijave za dramsku radionicu za djecu uzrasta 10+ pod nazivom TO GO OR NOT TO GO. Bave\u0107i se te\u0161kom i, na\u017ealost, vrlo aktualnom temom me\u0111uvr\u0161nja\u010dkog nasilja, cilj radionice je zajedno s djecom prona\u0107i kazali\u0161ni jezik njima blizak, intrigantan i zanimljiv. Radionica \u0107e se odr\u017eavati kroz rujan i listopad, a zavr\u0161na produkcija izvela bi se u sklopu Revije lutkarskih kazali\u0161ta po\u010detkom studenog 2023. Radionicu je osmislila glumica Petra \u0160arac, koja \u0107e, uz glumicu Petru Vu\u010dkovi\u0107, biti i voditeljica.<\/p>\n<p>Projekt TO GO OR NOT TO GO, koje Gradsko kazali\u0161te lutaka Rijeka provodi u suradnji s partnerima \u2013 Centrom kreativnosti i umjetnosti za djecu i obitelji La Sala, Sabadell (\u0160panjolska) i Umjetni\u010dkim centrom Annantalo, Helsinki (Finska), poku\u0161ava dati odgovor na pitanje za\u0161to djeca u adolescentskoj dobi gube interes za kazali\u0161ni medij. U dosada\u0161njim fazama projekta GKL Rijeka istra\u017eivalo je postoji li na\u010din da se razvije kazali\u0161te blisko njima; koje su to teme koje ih zanimaju, koje \u017eanrove smatraju najzanimljivijima, koje medije najbliskijima. Djeca su se sjajno odazvala na temu te izrazila \u017eelju za nastavkom projekta. Finalna faza projekta je dramska radionica ranije opisana.<\/p>\n<p>Prijave na radionicu su u tijeku, a po\u010detak iste je u ponedjeljak, 18. rujna 2023.<\/p>\n<p>Termin odr\u017eavanja: od 18. rujna do 12. studenoga 2023., ponedjeljkom i srijedom u 18:30 sati<\/p>\n<p>Lokacija: Kontejner, Dje\u010dja ku\u0107a<\/p>\n<p>Maksimalan broj polaznika: 12<\/p>\n<p>Uzrast: 10+<\/p>\n<p>Cijena: 40,00 eura \/ 301,38 kuna (plativo u dvije rate)<\/p>\n<p>Sve informacije i prijave na sudjelovanje u radionici na <a href=\"mailto:propaganda@gkl-rijeka.hr\">propaganda@gkl-rijeka.hr<\/a><\/p>\n<p>[\/et_pb_text][\/et_pb_column_inner][\/et_pb_row_inner][\/et_pb_column][et_pb_column type=&#8221;1_4&#8243;][et_pb_text admin_label=&#8221;naslovNovosti01&#8243; global_parent=&#8221;2318&#8243; background_layout=&#8221;light&#8221; text_orientation=&#8221;left&#8221; use_border_color=&#8221;off&#8221; border_color=&#8221;#ffffff&#8221; border_style=&#8221;solid&#8221; module_id=&#8221;naslovNovosti01&#8243;]<\/p>\n<h1>Novosti<\/h1>\n<p>[\/et_pb_text][et_pb_blog admin_label=&#8221;NovostiList01&#8243; global_parent=&#8221;2318&#8243; fullwidth=&#8221;off&#8221; posts_number=&#8221;4&#8243; include_categories=&#8221;3&#8243; show_thumbnail=&#8221;on&#8221; show_content=&#8221;off&#8221; show_more=&#8221;off&#8221; show_author=&#8221;off&#8221; show_date=&#8221;off&#8221; show_categories=&#8221;off&#8221; show_comments=&#8221;off&#8221; show_pagination=&#8221;off&#8221; offset_number=&#8221;0&#8243; background_layout=&#8221;light&#8221; use_dropshadow=&#8221;off&#8221; use_border_color=&#8221;off&#8221; border_color=&#8221;#ffffff&#8221; border_style=&#8221;solid&#8221; module_id=&#8221;NovostiList01&#8243; header_font=&#8221;Open Sans||||&#8221;]<\/p>\n<p>&nbsp;<\/p>\n<p>[\/et_pb_blog][et_pb_text admin_label=&#8221;viseVijesti&#8221; global_parent=&#8221;2318&#8243; background_layout=&#8221;light&#8221; text_orientation=&#8221;left&#8221; use_border_color=&#8221;off&#8221; border_color=&#8221;#ffffff&#8221; border_style=&#8221;solid&#8221; module_id=&#8221;viseVijestiLink01&#8243; module_class=&#8221;moreLinks&#8221;]<\/p>\n<p><a href=\"\/index.php\/novosti\/\">Vi\u0161e vijesti&#8230;<\/a><\/p>\n<p>[\/et_pb_text][\/et_pb_column][\/et_pb_section]<\/p>\n","protected":false},"excerpt":{"rendered":"<p>Dramska radionica za djecu uzrasta 10+ pod vodstvom na\u0161ih glumica-lutkarica Petre \u0160arac i Petre Vu\u010dkovi\u0107 <\/p>\n","protected":false},"author":1,"featured_media":14438,"comment_status":"closed","ping_status":"closed","sticky":false,"template":"","format":"standard","meta":{"spay_email":""},"categories":[3],"tags":[],"jetpack_featured_media_url":"https:\/\/www.gkl-rijeka.hr\/wp-content\/uploads\/2023\/09\/GKL-Rijeka-Poziv-na-dramsku-radionicu.jpg?wsr","yoast_head":"<!-- This site is optimized with the Yoast SEO plugin v15.1.1 - https:\/\/yoast.com\/wordpress\/plugins\/seo\/ -->\n<meta name=\"robots\" content=\"index, follow, max-snippet:-1, max-image-preview:large, max-video-preview:-1\" \/>\n<link rel=\"canonical\" href=\"https:\/\/www.gkl-rijeka.hr\/index.php\/radionica-to-go-or-not-to-go-prijave-u-tijeku\/\" \/>\n<meta property=\"og:locale\" content=\"en_US\" \/>\n<meta property=\"og:type\" content=\"article\" \/>\n<meta property=\"og:title\" content=\"Radionica TO GO OR NOT TO GO - Prijave u tijeku - Gradsko kazali\u0161te lutaka Rijeka\" \/>\n<meta property=\"og:description\" content=\"Dramska radionica za djecu uzrasta 10+ pod vodstvom na\u0161ih glumica-lutkarica Petre \u0160arac i Petre Vu\u010dkovi\u0107\" \/>\n<meta property=\"og:url\" content=\"https:\/\/www.gkl-rijeka.hr\/index.php\/radionica-to-go-or-not-to-go-prijave-u-tijeku\/\" \/>\n<meta property=\"og:site_name\" content=\"Gradsko kazali\u0161te lutaka Rijeka\" \/>\n<meta property=\"article:publisher\" content=\"https:\/\/www.facebook.com\/gkl.rijeka\" \/>\n<meta property=\"article:published_time\" content=\"2023-09-06T11:07:06+00:00\" \/>\n<meta property=\"og:image\" content=\"https:\/\/www.gkl-rijeka.hr\/wp-content\/uploads\/2023\/09\/GKL-Rijeka-Poziv-na-dramsku-radionicu.jpg?wsr\" \/>\n\t<meta property=\"og:image:width\" content=\"2200\" \/>\n\t<meta property=\"og:image:height\" content=\"1467\" \/>\n<meta property=\"fb:app_id\" content=\"368762594246882\" \/>\n<meta name=\"twitter:card\" content=\"summary\" \/>\n<script type=\"application\/ld+json\" class=\"yoast-schema-graph\">{\"@context\":\"https:\/\/schema.org\",\"@graph\":[{\"@type\":\"Organization\",\"@id\":\"https:\/\/www.gkl-rijeka.hr\/#organization\",\"name\":\"Gradsko kazali\\u0161te lutaka Rijeka\",\"url\":\"https:\/\/www.gkl-rijeka.hr\/\",\"sameAs\":[\"https:\/\/www.facebook.com\/gkl.rijeka\"],\"logo\":{\"@type\":\"ImageObject\",\"@id\":\"https:\/\/www.gkl-rijeka.hr\/#logo\",\"inLanguage\":\"en-US\",\"url\":\"https:\/\/www.gkl-rijeka.hr\/wp-content\/uploads\/2020\/10\/logo_boja_01.png?wsr\",\"width\":209,\"height\":280,\"caption\":\"Gradsko kazali\\u0161te lutaka Rijeka\"},\"image\":{\"@id\":\"https:\/\/www.gkl-rijeka.hr\/#logo\"}},{\"@type\":\"WebSite\",\"@id\":\"https:\/\/www.gkl-rijeka.hr\/#website\",\"url\":\"https:\/\/www.gkl-rijeka.hr\/\",\"name\":\"Gradsko kazali\\u0161te lutaka Rijeka\",\"description\":\"\",\"publisher\":{\"@id\":\"https:\/\/www.gkl-rijeka.hr\/#organization\"},\"potentialAction\":[{\"@type\":\"SearchAction\",\"target\":\"https:\/\/www.gkl-rijeka.hr\/?s={search_term_string}\",\"query-input\":\"required name=search_term_string\"}],\"inLanguage\":\"en-US\"},{\"@type\":\"ImageObject\",\"@id\":\"https:\/\/www.gkl-rijeka.hr\/index.php\/radionica-to-go-or-not-to-go-prijave-u-tijeku\/#primaryimage\",\"inLanguage\":\"en-US\",\"url\":\"https:\/\/www.gkl-rijeka.hr\/wp-content\/uploads\/2023\/09\/GKL-Rijeka-Poziv-na-dramsku-radionicu.jpg?wsr\",\"width\":2200,\"height\":1467},{\"@type\":\"WebPage\",\"@id\":\"https:\/\/www.gkl-rijeka.hr\/index.php\/radionica-to-go-or-not-to-go-prijave-u-tijeku\/#webpage\",\"url\":\"https:\/\/www.gkl-rijeka.hr\/index.php\/radionica-to-go-or-not-to-go-prijave-u-tijeku\/\",\"name\":\"Radionica TO GO OR NOT TO GO - Prijave u tijeku - Gradsko kazali\\u0161te lutaka Rijeka\",\"isPartOf\":{\"@id\":\"https:\/\/www.gkl-rijeka.hr\/#website\"},\"primaryImageOfPage\":{\"@id\":\"https:\/\/www.gkl-rijeka.hr\/index.php\/radionica-to-go-or-not-to-go-prijave-u-tijeku\/#primaryimage\"},\"datePublished\":\"2023-09-06T11:07:06+00:00\",\"dateModified\":\"2023-09-06T11:07:06+00:00\",\"inLanguage\":\"en-US\",\"potentialAction\":[{\"@type\":\"ReadAction\",\"target\":[\"https:\/\/www.gkl-rijeka.hr\/index.php\/radionica-to-go-or-not-to-go-prijave-u-tijeku\/\"]}]},{\"@type\":\"Article\",\"@id\":\"https:\/\/www.gkl-rijeka.hr\/index.php\/radionica-to-go-or-not-to-go-prijave-u-tijeku\/#article\",\"isPartOf\":{\"@id\":\"https:\/\/www.gkl-rijeka.hr\/index.php\/radionica-to-go-or-not-to-go-prijave-u-tijeku\/#webpage\"},\"author\":{\"@id\":\"https:\/\/www.gkl-rijeka.hr\/#\/schema\/person\/3d9f7620db983ddf36e45ccae28c8651\"},\"headline\":\"Radionica TO GO OR NOT TO GO &#8211; Prijave u tijeku\",\"datePublished\":\"2023-09-06T11:07:06+00:00\",\"dateModified\":\"2023-09-06T11:07:06+00:00\",\"mainEntityOfPage\":{\"@id\":\"https:\/\/www.gkl-rijeka.hr\/index.php\/radionica-to-go-or-not-to-go-prijave-u-tijeku\/#webpage\"},\"publisher\":{\"@id\":\"https:\/\/www.gkl-rijeka.hr\/#organization\"},\"image\":{\"@id\":\"https:\/\/www.gkl-rijeka.hr\/index.php\/radionica-to-go-or-not-to-go-prijave-u-tijeku\/#primaryimage\"},\"articleSection\":\"Novosti\",\"inLanguage\":\"en-US\"},{\"@type\":\"Person\",\"@id\":\"https:\/\/www.gkl-rijeka.hr\/#\/schema\/person\/3d9f7620db983ddf36e45ccae28c8651\",\"name\":\"Marin\",\"image\":{\"@type\":\"ImageObject\",\"@id\":\"https:\/\/www.gkl-rijeka.hr\/#personlogo\",\"inLanguage\":\"en-US\",\"url\":\"https:\/\/secure.gravatar.com\/avatar\/9ba8e90e29bf7b5691a75673ed86bcba?s=96&d=mm&r=g\",\"caption\":\"Marin\"}}]}<\/script>\n<!-- \/ Yoast SEO plugin. -->","_links":{"self":[{"href":"https:\/\/www.gkl-rijeka.hr\/index.php\/wp-json\/wp\/v2\/posts\/14437"}],"collection":[{"href":"https:\/\/www.gkl-rijeka.hr\/index.php\/wp-json\/wp\/v2\/posts"}],"about":[{"href":"https:\/\/www.gkl-rijeka.hr\/index.php\/wp-json\/wp\/v2\/types\/post"}],"author":[{"embeddable":true,"href":"https:\/\/www.gkl-rijeka.hr\/index.php\/wp-json\/wp\/v2\/users\/1"}],"replies":[{"embeddable":true,"href":"https:\/\/www.gkl-rijeka.hr\/index.php\/wp-json\/wp\/v2\/comments?post=14437"}],"version-history":[{"count":1,"href":"https:\/\/www.gkl-rijeka.hr\/index.php\/wp-json\/wp\/v2\/posts\/14437\/revisions"}],"predecessor-version":[{"id":14439,"href":"https:\/\/www.gkl-rijeka.hr\/index.php\/wp-json\/wp\/v2\/posts\/14437\/revisions\/14439"}],"wp:featuredmedia":[{"embeddable":true,"href":"https:\/\/www.gkl-rijeka.hr\/index.php\/wp-json\/wp\/v2\/media\/14438"}],"wp:attachment":[{"href":"https:\/\/www.gkl-rijeka.hr\/index.php\/wp-json\/wp\/v2\/media?parent=14437"}],"wp:term":[{"taxonomy":"category","embeddable":true,"href":"https:\/\/www.gkl-rijeka.hr\/index.php\/wp-json\/wp\/v2\/categories?post=14437"},{"taxonomy":"post_tag","embeddable":true,"href":"https:\/\/www.gkl-rijeka.hr\/index.php\/wp-json\/wp\/v2\/tags?post=14437"}],"curies":[{"name":"wp","href":"https:\/\/api.w.org\/{rel}","templated":true}]}}