{"id":14456,"date":"2023-09-19T15:06:31","date_gmt":"2023-09-19T15:06:31","guid":{"rendered":"https:\/\/www.gkl-rijeka.hr\/?p=14456"},"modified":"2023-09-19T15:06:31","modified_gmt":"2023-09-19T15:06:31","slug":"56-medunarodni-festival-kazalista-lutaka-pif-rijecki-lutkari-predstavljaju-gdje-su-nestale-carapice","status":"publish","type":"post","link":"https:\/\/www.gkl-rijeka.hr\/index.php\/56-medunarodni-festival-kazalista-lutaka-pif-rijecki-lutkari-predstavljaju-gdje-su-nestale-carapice\/","title":{"rendered":"56. Me\u0111unarodni festival kazali\u0161ta lutaka \u2013 PIF: Rije\u010dki lutkari predstavljaju \u201eGdje su nestale \u010darapice?\u201c"},"content":{"rendered":"<p>[et_pb_section admin_label=&#8221;Section&#8221; fullwidth=&#8221;off&#8221; specialty=&#8221;on&#8221; transparent_background=&#8221;off&#8221; allow_player_pause=&#8221;off&#8221; inner_shadow=&#8221;off&#8221; parallax=&#8221;off&#8221; parallax_method=&#8221;off&#8221; padding_mobile=&#8221;off&#8221; make_fullwidth=&#8221;off&#8221; use_custom_width=&#8221;off&#8221; width_unit=&#8221;on&#8221; make_equal=&#8221;off&#8221; use_custom_gutter=&#8221;off&#8221; module_id=&#8221;specialtySectionPIN&#8221;][et_pb_column type=&#8221;3_4&#8243; specialty_columns=&#8221;3&#8243;][et_pb_row_inner admin_label=&#8221;Row&#8221; padding_mobile=&#8221;off&#8221; use_custom_gutter=&#8221;off&#8221; column_padding_mobile=&#8221;on&#8221; make_equal=&#8221;off&#8221;][et_pb_column_inner type=&#8221;4_4&#8243; saved_specialty_column_type=&#8221;3_4&#8243;][et_pb_post_title admin_label=&#8221;Naslov&#8221; title=&#8221;on&#8221; meta=&#8221;off&#8221; author=&#8221;on&#8221; date=&#8221;on&#8221; categories=&#8221;on&#8221; comments=&#8221;on&#8221; featured_image=&#8221;off&#8221; featured_placement=&#8221;below&#8221; parallax_effect=&#8221;on&#8221; parallax_method=&#8221;on&#8221; text_orientation=&#8221;left&#8221; text_color=&#8221;dark&#8221; text_background=&#8221;off&#8221; text_bg_color=&#8221;rgba(255,255,255,0.9)&#8221; module_bg_color=&#8221;rgba(255,255,255,0)&#8221; title_font_size=&#8221;42px&#8221; title_all_caps=&#8221;off&#8221; use_border_color=&#8221;off&#8221; border_color=&#8221;#ffffff&#8221; border_style=&#8221;solid&#8221;]<\/p>\n<p>&nbsp;<\/p>\n<p>[\/et_pb_post_title][et_pb_text admin_label=&#8221;Featured Image&#8221; background_layout=&#8221;light&#8221; text_orientation=&#8221;left&#8221; module_id=&#8221;#featuredImageNovosti&#8221; use_border_color=&#8221;off&#8221; border_color=&#8221;#ffffff&#8221; border_style=&#8221;solid&#8221;]  <div id='featured-img-id'><img src='https:\/\/www.gkl-rijeka.hr\/wp-content\/uploads\/2023\/09\/Gdje-su-nestale-carapice-2.jpg?wsr' \/><\/div> [\/et_pb_text][\/et_pb_column_inner][\/et_pb_row_inner][et_pb_row_inner admin_label=&#8221;Row&#8221;][et_pb_column_inner type=&#8221;4_4&#8243; saved_specialty_column_type=&#8221;3_4&#8243;][et_pb_text admin_label=&#8221;Text&#8221; background_layout=&#8221;light&#8221; text_orientation=&#8221;left&#8221; use_border_color=&#8221;off&#8221; border_color=&#8221;#ffffff&#8221; border_style=&#8221;solid&#8221;]<\/p>\n<p>Gradsko kazali\u0161te lutaka Rijeka u \u010detvrtak, 21. rujna sudjelovat \u0107e na 56. PIF-u, u Zagrebu, na svom prvom kazali\u0161nom festivalu u novoj sezoni 2023.\/2024., i to s do\u017eivljajnim kazali\u0161tem za bebe \u201eGdje su nestale \u010darapice?\u201c autorice koncepta i redateljice Mile \u010culjak.<\/p>\n<p>U Zagrebu se od 15. do 21. rujna 2023. odr\u017eava 56. Me\u0111unarodni festival kazali\u0161ta lutaka \u2013 PIF u organizaciji Kulturnog centra Travno. Tijekom sedam dana festivala, koji je natjecateljskog karaktera, gostuje 14 kazali\u0161ta i kazali\u0161nih skupina iz dvanaest zemalja \u2013 Austrije, Bosne i Hercegovine, Bugarske, Hrvatske, \u010ce\u0161ke, Italije, Izraela, Ju\u017ene Koreje, Poljske, Slovenije, Srbije i \u0160panjolske. Planirano je ukupno odr\u017eati 21 izvedbu. Urednica slu\u017ebenog dijela programa je dr. sc. Livija Kroflin uz suglasnost Umjetni\u010dkog savjeta PIF-a.<\/p>\n<p>Gradsko kazali\u0161te lutaka Rijeka u Kulturnom centru Travno gostovat \u0107e u \u010detvrtak, 21. rujna u 10:00 i 11:30 sati s kazali\u0161nom formom koja se vratila nakon pandemijskih godina \u2013 do\u017eivljajnom kazali\u0161tu za bebe i najmla\u0111u djecu koja jo\u0161 puze, koja su tek prohodala, djecu u pelenama naslova \u201eGdje su nestale \u010darapice?\u201c, \u010dija je autorica koncepta i redateljica Mila \u010culjak. Autorsku ekipu \u010dine i scenografkinja, kostimografkinja i autorica vizualnog identiteta Mejra Muji\u010di\u0107 te skladatelj Adam Semijalac.<\/p>\n<p>Koautori ove predstave na rubu izme\u0111u kazali\u0161ne izvedbe s animacijskim elementima i likovno-zvu\u010dne instalacije u prostoru su Alex \u0110akovi\u0107, Damir Orli\u0107 i David Petrovi\u0107, a izvo\u0111a\u010di na ovom festivalu bit \u0107e ve\u0107 spomenuti Alex \u0110akovi\u0107 i Damir Orli\u0107 te Petra Vu\u010dkovi\u0107.<\/p>\n<p>[\/et_pb_text][\/et_pb_column_inner][\/et_pb_row_inner][\/et_pb_column][et_pb_column type=&#8221;1_4&#8243;][et_pb_text admin_label=&#8221;naslovNovosti01&#8243; global_parent=&#8221;2318&#8243; background_layout=&#8221;light&#8221; text_orientation=&#8221;left&#8221; use_border_color=&#8221;off&#8221; border_color=&#8221;#ffffff&#8221; border_style=&#8221;solid&#8221; module_id=&#8221;naslovNovosti01&#8243;]<\/p>\n<h1>Novosti<\/h1>\n<p>[\/et_pb_text][et_pb_blog admin_label=&#8221;NovostiList01&#8243; global_parent=&#8221;2318&#8243; fullwidth=&#8221;off&#8221; posts_number=&#8221;4&#8243; include_categories=&#8221;3&#8243; show_thumbnail=&#8221;on&#8221; show_content=&#8221;off&#8221; show_more=&#8221;off&#8221; show_author=&#8221;off&#8221; show_date=&#8221;off&#8221; show_categories=&#8221;off&#8221; show_comments=&#8221;off&#8221; show_pagination=&#8221;off&#8221; offset_number=&#8221;0&#8243; background_layout=&#8221;light&#8221; use_dropshadow=&#8221;off&#8221; use_border_color=&#8221;off&#8221; border_color=&#8221;#ffffff&#8221; border_style=&#8221;solid&#8221; module_id=&#8221;NovostiList01&#8243; header_font=&#8221;Open Sans||||&#8221;]<\/p>\n<p>&nbsp;<\/p>\n<p>[\/et_pb_blog][et_pb_text admin_label=&#8221;viseVijesti&#8221; global_parent=&#8221;2318&#8243; background_layout=&#8221;light&#8221; text_orientation=&#8221;left&#8221; use_border_color=&#8221;off&#8221; border_color=&#8221;#ffffff&#8221; border_style=&#8221;solid&#8221; module_id=&#8221;viseVijestiLink01&#8243; module_class=&#8221;moreLinks&#8221;]<\/p>\n<p><a href=\"\/index.php\/novosti\/\">Vi\u0161e vijesti&#8230;<\/a><\/p>\n<p>[\/et_pb_text][\/et_pb_column][\/et_pb_section]<\/p>\n","protected":false},"excerpt":{"rendered":"<p>U \u010detvrtak, 21. rujna 2023.<\/p>\n","protected":false},"author":1,"featured_media":14457,"comment_status":"closed","ping_status":"closed","sticky":false,"template":"","format":"standard","meta":{"spay_email":""},"categories":[3],"tags":[],"jetpack_featured_media_url":"https:\/\/www.gkl-rijeka.hr\/wp-content\/uploads\/2023\/09\/Gdje-su-nestale-carapice-2.jpg?wsr","yoast_head":"<!-- This site is optimized with the Yoast SEO plugin v15.1.1 - https:\/\/yoast.com\/wordpress\/plugins\/seo\/ -->\n<meta name=\"robots\" content=\"index, follow, max-snippet:-1, max-image-preview:large, max-video-preview:-1\" \/>\n<link rel=\"canonical\" href=\"https:\/\/www.gkl-rijeka.hr\/index.php\/56-medunarodni-festival-kazalista-lutaka-pif-rijecki-lutkari-predstavljaju-gdje-su-nestale-carapice\/\" \/>\n<meta property=\"og:locale\" content=\"en_US\" \/>\n<meta property=\"og:type\" content=\"article\" \/>\n<meta property=\"og:title\" content=\"56. Me\u0111unarodni festival kazali\u0161ta lutaka \u2013 PIF: Rije\u010dki lutkari predstavljaju \u201eGdje su nestale \u010darapice?\u201c - Gradsko kazali\u0161te lutaka Rijeka\" \/>\n<meta property=\"og:description\" content=\"U \u010detvrtak, 21. rujna 2023.\" \/>\n<meta property=\"og:url\" content=\"https:\/\/www.gkl-rijeka.hr\/index.php\/56-medunarodni-festival-kazalista-lutaka-pif-rijecki-lutkari-predstavljaju-gdje-su-nestale-carapice\/\" \/>\n<meta property=\"og:site_name\" content=\"Gradsko kazali\u0161te lutaka Rijeka\" \/>\n<meta property=\"article:publisher\" content=\"https:\/\/www.facebook.com\/gkl.rijeka\" \/>\n<meta property=\"article:published_time\" content=\"2023-09-19T15:06:31+00:00\" \/>\n<meta property=\"og:image\" content=\"https:\/\/www.gkl-rijeka.hr\/wp-content\/uploads\/2023\/09\/Gdje-su-nestale-carapice-2.jpg?wsr\" \/>\n\t<meta property=\"og:image:width\" content=\"1200\" \/>\n\t<meta property=\"og:image:height\" content=\"800\" \/>\n<meta property=\"fb:app_id\" content=\"368762594246882\" \/>\n<meta name=\"twitter:card\" content=\"summary\" \/>\n<script type=\"application\/ld+json\" class=\"yoast-schema-graph\">{\"@context\":\"https:\/\/schema.org\",\"@graph\":[{\"@type\":\"Organization\",\"@id\":\"https:\/\/www.gkl-rijeka.hr\/#organization\",\"name\":\"Gradsko kazali\\u0161te lutaka Rijeka\",\"url\":\"https:\/\/www.gkl-rijeka.hr\/\",\"sameAs\":[\"https:\/\/www.facebook.com\/gkl.rijeka\"],\"logo\":{\"@type\":\"ImageObject\",\"@id\":\"https:\/\/www.gkl-rijeka.hr\/#logo\",\"inLanguage\":\"en-US\",\"url\":\"https:\/\/www.gkl-rijeka.hr\/wp-content\/uploads\/2020\/10\/logo_boja_01.png?wsr\",\"width\":209,\"height\":280,\"caption\":\"Gradsko kazali\\u0161te lutaka Rijeka\"},\"image\":{\"@id\":\"https:\/\/www.gkl-rijeka.hr\/#logo\"}},{\"@type\":\"WebSite\",\"@id\":\"https:\/\/www.gkl-rijeka.hr\/#website\",\"url\":\"https:\/\/www.gkl-rijeka.hr\/\",\"name\":\"Gradsko kazali\\u0161te lutaka Rijeka\",\"description\":\"\",\"publisher\":{\"@id\":\"https:\/\/www.gkl-rijeka.hr\/#organization\"},\"potentialAction\":[{\"@type\":\"SearchAction\",\"target\":\"https:\/\/www.gkl-rijeka.hr\/?s={search_term_string}\",\"query-input\":\"required name=search_term_string\"}],\"inLanguage\":\"en-US\"},{\"@type\":\"ImageObject\",\"@id\":\"https:\/\/www.gkl-rijeka.hr\/index.php\/56-medunarodni-festival-kazalista-lutaka-pif-rijecki-lutkari-predstavljaju-gdje-su-nestale-carapice\/#primaryimage\",\"inLanguage\":\"en-US\",\"url\":\"https:\/\/www.gkl-rijeka.hr\/wp-content\/uploads\/2023\/09\/Gdje-su-nestale-carapice-2.jpg?wsr\",\"width\":1200,\"height\":800},{\"@type\":\"WebPage\",\"@id\":\"https:\/\/www.gkl-rijeka.hr\/index.php\/56-medunarodni-festival-kazalista-lutaka-pif-rijecki-lutkari-predstavljaju-gdje-su-nestale-carapice\/#webpage\",\"url\":\"https:\/\/www.gkl-rijeka.hr\/index.php\/56-medunarodni-festival-kazalista-lutaka-pif-rijecki-lutkari-predstavljaju-gdje-su-nestale-carapice\/\",\"name\":\"56. Me\\u0111unarodni festival kazali\\u0161ta lutaka \\u2013 PIF: Rije\\u010dki lutkari predstavljaju \\u201eGdje su nestale \\u010darapice?\\u201c - Gradsko kazali\\u0161te lutaka Rijeka\",\"isPartOf\":{\"@id\":\"https:\/\/www.gkl-rijeka.hr\/#website\"},\"primaryImageOfPage\":{\"@id\":\"https:\/\/www.gkl-rijeka.hr\/index.php\/56-medunarodni-festival-kazalista-lutaka-pif-rijecki-lutkari-predstavljaju-gdje-su-nestale-carapice\/#primaryimage\"},\"datePublished\":\"2023-09-19T15:06:31+00:00\",\"dateModified\":\"2023-09-19T15:06:31+00:00\",\"inLanguage\":\"en-US\",\"potentialAction\":[{\"@type\":\"ReadAction\",\"target\":[\"https:\/\/www.gkl-rijeka.hr\/index.php\/56-medunarodni-festival-kazalista-lutaka-pif-rijecki-lutkari-predstavljaju-gdje-su-nestale-carapice\/\"]}]},{\"@type\":\"Article\",\"@id\":\"https:\/\/www.gkl-rijeka.hr\/index.php\/56-medunarodni-festival-kazalista-lutaka-pif-rijecki-lutkari-predstavljaju-gdje-su-nestale-carapice\/#article\",\"isPartOf\":{\"@id\":\"https:\/\/www.gkl-rijeka.hr\/index.php\/56-medunarodni-festival-kazalista-lutaka-pif-rijecki-lutkari-predstavljaju-gdje-su-nestale-carapice\/#webpage\"},\"author\":{\"@id\":\"https:\/\/www.gkl-rijeka.hr\/#\/schema\/person\/3d9f7620db983ddf36e45ccae28c8651\"},\"headline\":\"56. Me\\u0111unarodni festival kazali\\u0161ta lutaka \\u2013 PIF: Rije\\u010dki lutkari predstavljaju \\u201eGdje su nestale \\u010darapice?\\u201c\",\"datePublished\":\"2023-09-19T15:06:31+00:00\",\"dateModified\":\"2023-09-19T15:06:31+00:00\",\"mainEntityOfPage\":{\"@id\":\"https:\/\/www.gkl-rijeka.hr\/index.php\/56-medunarodni-festival-kazalista-lutaka-pif-rijecki-lutkari-predstavljaju-gdje-su-nestale-carapice\/#webpage\"},\"publisher\":{\"@id\":\"https:\/\/www.gkl-rijeka.hr\/#organization\"},\"image\":{\"@id\":\"https:\/\/www.gkl-rijeka.hr\/index.php\/56-medunarodni-festival-kazalista-lutaka-pif-rijecki-lutkari-predstavljaju-gdje-su-nestale-carapice\/#primaryimage\"},\"articleSection\":\"Novosti\",\"inLanguage\":\"en-US\"},{\"@type\":\"Person\",\"@id\":\"https:\/\/www.gkl-rijeka.hr\/#\/schema\/person\/3d9f7620db983ddf36e45ccae28c8651\",\"name\":\"Marin\",\"image\":{\"@type\":\"ImageObject\",\"@id\":\"https:\/\/www.gkl-rijeka.hr\/#personlogo\",\"inLanguage\":\"en-US\",\"url\":\"https:\/\/secure.gravatar.com\/avatar\/9ba8e90e29bf7b5691a75673ed86bcba?s=96&d=mm&r=g\",\"caption\":\"Marin\"}}]}<\/script>\n<!-- \/ Yoast SEO plugin. -->","_links":{"self":[{"href":"https:\/\/www.gkl-rijeka.hr\/index.php\/wp-json\/wp\/v2\/posts\/14456"}],"collection":[{"href":"https:\/\/www.gkl-rijeka.hr\/index.php\/wp-json\/wp\/v2\/posts"}],"about":[{"href":"https:\/\/www.gkl-rijeka.hr\/index.php\/wp-json\/wp\/v2\/types\/post"}],"author":[{"embeddable":true,"href":"https:\/\/www.gkl-rijeka.hr\/index.php\/wp-json\/wp\/v2\/users\/1"}],"replies":[{"embeddable":true,"href":"https:\/\/www.gkl-rijeka.hr\/index.php\/wp-json\/wp\/v2\/comments?post=14456"}],"version-history":[{"count":1,"href":"https:\/\/www.gkl-rijeka.hr\/index.php\/wp-json\/wp\/v2\/posts\/14456\/revisions"}],"predecessor-version":[{"id":14458,"href":"https:\/\/www.gkl-rijeka.hr\/index.php\/wp-json\/wp\/v2\/posts\/14456\/revisions\/14458"}],"wp:featuredmedia":[{"embeddable":true,"href":"https:\/\/www.gkl-rijeka.hr\/index.php\/wp-json\/wp\/v2\/media\/14457"}],"wp:attachment":[{"href":"https:\/\/www.gkl-rijeka.hr\/index.php\/wp-json\/wp\/v2\/media?parent=14456"}],"wp:term":[{"taxonomy":"category","embeddable":true,"href":"https:\/\/www.gkl-rijeka.hr\/index.php\/wp-json\/wp\/v2\/categories?post=14456"},{"taxonomy":"post_tag","embeddable":true,"href":"https:\/\/www.gkl-rijeka.hr\/index.php\/wp-json\/wp\/v2\/tags?post=14456"}],"curies":[{"name":"wp","href":"https:\/\/api.w.org\/{rel}","templated":true}]}}