{"id":14656,"date":"2023-10-26T11:06:35","date_gmt":"2023-10-26T11:06:35","guid":{"rendered":"https:\/\/www.gkl-rijeka.hr\/?p=14656"},"modified":"2023-10-26T11:06:35","modified_gmt":"2023-10-26T11:06:35","slug":"sretna-kucica-na-festivalu-u-skoplju","status":"publish","type":"post","link":"https:\/\/www.gkl-rijeka.hr\/index.php\/sretna-kucica-na-festivalu-u-skoplju\/","title":{"rendered":"\u201eSretna ku\u0107ica\u201c na festivalu u Skoplju"},"content":{"rendered":"<p>[et_pb_section admin_label=&#8221;Section&#8221; fullwidth=&#8221;off&#8221; specialty=&#8221;on&#8221; transparent_background=&#8221;off&#8221; allow_player_pause=&#8221;off&#8221; inner_shadow=&#8221;off&#8221; parallax=&#8221;off&#8221; parallax_method=&#8221;off&#8221; padding_mobile=&#8221;off&#8221; make_fullwidth=&#8221;off&#8221; use_custom_width=&#8221;off&#8221; width_unit=&#8221;on&#8221; make_equal=&#8221;off&#8221; use_custom_gutter=&#8221;off&#8221; module_id=&#8221;specialtySectionPIN&#8221;][et_pb_column type=&#8221;3_4&#8243; specialty_columns=&#8221;3&#8243;][et_pb_row_inner admin_label=&#8221;Row&#8221; padding_mobile=&#8221;off&#8221; use_custom_gutter=&#8221;off&#8221; column_padding_mobile=&#8221;on&#8221; make_equal=&#8221;off&#8221;][et_pb_column_inner type=&#8221;4_4&#8243; saved_specialty_column_type=&#8221;3_4&#8243;][et_pb_post_title admin_label=&#8221;Naslov&#8221; title=&#8221;on&#8221; meta=&#8221;off&#8221; author=&#8221;on&#8221; date=&#8221;on&#8221; categories=&#8221;on&#8221; comments=&#8221;on&#8221; featured_image=&#8221;off&#8221; featured_placement=&#8221;below&#8221; parallax_effect=&#8221;on&#8221; parallax_method=&#8221;on&#8221; text_orientation=&#8221;left&#8221; text_color=&#8221;dark&#8221; text_background=&#8221;off&#8221; text_bg_color=&#8221;rgba(255,255,255,0.9)&#8221; module_bg_color=&#8221;rgba(255,255,255,0)&#8221; title_font_size=&#8221;42px&#8221; title_all_caps=&#8221;off&#8221; use_border_color=&#8221;off&#8221; border_color=&#8221;#ffffff&#8221; border_style=&#8221;solid&#8221;]<\/p>\n<p>&nbsp;<\/p>\n<p>[\/et_pb_post_title][et_pb_text admin_label=&#8221;Featured Image&#8221; background_layout=&#8221;light&#8221; text_orientation=&#8221;left&#8221; module_id=&#8221;#featuredImageNovosti&#8221; use_border_color=&#8221;off&#8221; border_color=&#8221;#ffffff&#8221; border_style=&#8221;solid&#8221;]<\/p>\n <div id='featured-img-id'><img src='https:\/\/www.gkl-rijeka.hr\/wp-content\/uploads\/2020\/09\/Sretna_kuc\u2560\u00fcica_130.jpg?wsr' \/><\/div>\n<p>[\/et_pb_text][\/et_pb_column_inner][\/et_pb_row_inner][et_pb_row_inner admin_label=&#8221;Row&#8221;][et_pb_column_inner type=&#8221;4_4&#8243; saved_specialty_column_type=&#8221;3_4&#8243;][et_pb_text admin_label=&#8221;Text&#8221; background_layout=&#8221;light&#8221; text_orientation=&#8221;left&#8221; use_border_color=&#8221;off&#8221; border_color=&#8221;#ffffff&#8221; border_style=&#8221;solid&#8221;]<\/p>\n<p>Gradsko kazali\u0161te lutaka Rijeka s nagra\u0111ivanom predstavom \u201eSretna ku\u0107ica\u201c autorica Ivane \u0110ule i Milice Sinkauz te u re\u017eiji Morane Dolenc gostuje na festivalu \u201eIgor Mad\u017eirov\u201c u Skoplju, u Sjevernoj Makedoniji, ovaj petak, 29. rujna 2023.<\/p>\n<p>Me\u0111unarodni festival kazali\u0161ta za djecu \u201eIgor Mad\u017eirov\u201c ove se godine odr\u017eava po drugi put u organizaciji Kazali\u0161ta za djecu i mlade Skoplje, Sjeverna Makedonija, i to od 27. do 30. rujna. Na Festivalu koji je natjecateljskog karaktera predstavit \u0107e se devet predstava iz pet zemalja \u2013 Sjeverne Makedonije, Slovenije, Srbije, \u0160panjolske i Hrvatske. Ve\u0107 svima poznata \u201eSretna ku\u0107ica\u201c rije\u010dkih lutkara na repertoaru je u petak, 29. rujna u 19:30 sati.<\/p>\n<p>Predstava \u201eSretna ku\u0107ica\u201c nastala je prema istoimenoj slikovnici Karmen Dela\u010d Petkovi\u0107 i Dijane Arbanas napisanoj prema intrigantnoj, istinitoj pri\u010di o osnivanju prve knji\u017enice u malom selu Kuti u Gorskom kotaru jo\u0161 1936. godine, i to na poticaj samih seljana. Pri\u010da je to o mo\u017eda najmanjoj knji\u017enici i \u010ditaonici u Hrvatskoj, koja je posebnost u hrvatskim, pa i u europskim okvirima. <\/p>\n<p>Uz spomenute autorice i redateljicu, autorice dramatizacije tako\u0111er su Ivana \u0110ula i Milica Sinkauz, a Ivana \u0110ula je i dramaturginja. Scenografija i lutke nadahnute \u0161umom Gorskog kotara u kreaciji su Lu\u010di Vidanovi\u0107, glazbu za predstavu skladao je Sandi Bratonja, a svjetlo je oblikovao Sanjin Ser\u0161i\u0107. Sjajan rije\u010dki glumac-lutkar Zlatko Vici\u0107 ovu \u0161armantnu predstavu nosi sam.<\/p>\n<p>[\/et_pb_text][\/et_pb_column_inner][\/et_pb_row_inner][\/et_pb_column][et_pb_column type=&#8221;1_4&#8243;][et_pb_text admin_label=&#8221;naslovNovosti01&#8243; global_parent=&#8221;2318&#8243; background_layout=&#8221;light&#8221; text_orientation=&#8221;left&#8221; use_border_color=&#8221;off&#8221; border_color=&#8221;#ffffff&#8221; border_style=&#8221;solid&#8221; module_id=&#8221;naslovNovosti01&#8243;]<\/p>\n<h1>Novosti<\/h1>\n<p>[\/et_pb_text][et_pb_blog admin_label=&#8221;NovostiList01&#8243; global_parent=&#8221;2318&#8243; fullwidth=&#8221;off&#8221; posts_number=&#8221;4&#8243; include_categories=&#8221;3&#8243; show_thumbnail=&#8221;on&#8221; show_content=&#8221;off&#8221; show_more=&#8221;off&#8221; show_author=&#8221;off&#8221; show_date=&#8221;off&#8221; show_categories=&#8221;off&#8221; show_comments=&#8221;off&#8221; show_pagination=&#8221;off&#8221; offset_number=&#8221;0&#8243; background_layout=&#8221;light&#8221; use_dropshadow=&#8221;off&#8221; use_border_color=&#8221;off&#8221; border_color=&#8221;#ffffff&#8221; border_style=&#8221;solid&#8221; module_id=&#8221;NovostiList01&#8243; header_font=&#8221;Open Sans||||&#8221;]<\/p>\n<p>&nbsp;<\/p>\n<p>[\/et_pb_blog][et_pb_text admin_label=&#8221;viseVijesti&#8221; global_parent=&#8221;2318&#8243; background_layout=&#8221;light&#8221; text_orientation=&#8221;left&#8221; use_border_color=&#8221;off&#8221; border_color=&#8221;#ffffff&#8221; border_style=&#8221;solid&#8221; module_id=&#8221;viseVijestiLink01&#8243; module_class=&#8221;moreLinks&#8221;]<\/p>\n<p><a href=\"\/index.php\/novosti\/\">Vi\u0161e vijesti&#8230;<\/a><\/p>\n<p>[\/et_pb_text][\/et_pb_column][\/et_pb_section]<\/p>\n","protected":false},"excerpt":{"rendered":"<p>U petak, 29. rujna 2023.<\/p>\n","protected":false},"author":1,"featured_media":9534,"comment_status":"closed","ping_status":"closed","sticky":false,"template":"","format":"standard","meta":{"spay_email":""},"categories":[3],"tags":[],"jetpack_featured_media_url":"https:\/\/www.gkl-rijeka.hr\/wp-content\/uploads\/2020\/09\/Sretna_kuc\u2560\u00fcica_130.jpg?wsr","yoast_head":"<!-- This site is optimized with the Yoast SEO plugin v15.1.1 - https:\/\/yoast.com\/wordpress\/plugins\/seo\/ -->\n<meta name=\"robots\" content=\"index, follow, max-snippet:-1, max-image-preview:large, max-video-preview:-1\" \/>\n<link rel=\"canonical\" href=\"https:\/\/www.gkl-rijeka.hr\/index.php\/sretna-kucica-na-festivalu-u-skoplju\/\" \/>\n<meta property=\"og:locale\" content=\"en_US\" \/>\n<meta property=\"og:type\" content=\"article\" \/>\n<meta property=\"og:title\" content=\"\u201eSretna ku\u0107ica\u201c na festivalu u Skoplju - Gradsko kazali\u0161te lutaka Rijeka\" \/>\n<meta property=\"og:description\" content=\"U petak, 29. rujna 2023.\" \/>\n<meta property=\"og:url\" content=\"https:\/\/www.gkl-rijeka.hr\/index.php\/sretna-kucica-na-festivalu-u-skoplju\/\" \/>\n<meta property=\"og:site_name\" content=\"Gradsko kazali\u0161te lutaka Rijeka\" \/>\n<meta property=\"article:publisher\" content=\"https:\/\/www.facebook.com\/gkl.rijeka\" \/>\n<meta property=\"article:published_time\" content=\"2023-10-26T11:06:35+00:00\" \/>\n<meta property=\"og:image\" content=\"https:\/\/www.gkl-rijeka.hr\/wp-content\/uploads\/2020\/09\/Sretna_kuc\u2560\u00fcica_130.jpg?wsr\" \/>\n\t<meta property=\"og:image:width\" content=\"2200\" \/>\n\t<meta property=\"og:image:height\" content=\"1467\" \/>\n<meta property=\"fb:app_id\" content=\"368762594246882\" \/>\n<meta name=\"twitter:card\" content=\"summary\" \/>\n<script type=\"application\/ld+json\" class=\"yoast-schema-graph\">{\"@context\":\"https:\/\/schema.org\",\"@graph\":[{\"@type\":\"Organization\",\"@id\":\"https:\/\/www.gkl-rijeka.hr\/#organization\",\"name\":\"Gradsko kazali\\u0161te lutaka Rijeka\",\"url\":\"https:\/\/www.gkl-rijeka.hr\/\",\"sameAs\":[\"https:\/\/www.facebook.com\/gkl.rijeka\"],\"logo\":{\"@type\":\"ImageObject\",\"@id\":\"https:\/\/www.gkl-rijeka.hr\/#logo\",\"inLanguage\":\"en-US\",\"url\":\"https:\/\/www.gkl-rijeka.hr\/wp-content\/uploads\/2020\/10\/logo_boja_01.png?wsr\",\"width\":209,\"height\":280,\"caption\":\"Gradsko kazali\\u0161te lutaka Rijeka\"},\"image\":{\"@id\":\"https:\/\/www.gkl-rijeka.hr\/#logo\"}},{\"@type\":\"WebSite\",\"@id\":\"https:\/\/www.gkl-rijeka.hr\/#website\",\"url\":\"https:\/\/www.gkl-rijeka.hr\/\",\"name\":\"Gradsko kazali\\u0161te lutaka Rijeka\",\"description\":\"\",\"publisher\":{\"@id\":\"https:\/\/www.gkl-rijeka.hr\/#organization\"},\"potentialAction\":[{\"@type\":\"SearchAction\",\"target\":\"https:\/\/www.gkl-rijeka.hr\/?s={search_term_string}\",\"query-input\":\"required name=search_term_string\"}],\"inLanguage\":\"en-US\"},{\"@type\":\"ImageObject\",\"@id\":\"https:\/\/www.gkl-rijeka.hr\/index.php\/sretna-kucica-na-festivalu-u-skoplju\/#primaryimage\",\"inLanguage\":\"en-US\",\"url\":\"https:\/\/www.gkl-rijeka.hr\/wp-content\/uploads\/2020\/09\/Sretna_kuc\\u2560\\u00fcica_130.jpg?wsr\",\"width\":2200,\"height\":1467},{\"@type\":\"WebPage\",\"@id\":\"https:\/\/www.gkl-rijeka.hr\/index.php\/sretna-kucica-na-festivalu-u-skoplju\/#webpage\",\"url\":\"https:\/\/www.gkl-rijeka.hr\/index.php\/sretna-kucica-na-festivalu-u-skoplju\/\",\"name\":\"\\u201eSretna ku\\u0107ica\\u201c na festivalu u Skoplju - Gradsko kazali\\u0161te lutaka Rijeka\",\"isPartOf\":{\"@id\":\"https:\/\/www.gkl-rijeka.hr\/#website\"},\"primaryImageOfPage\":{\"@id\":\"https:\/\/www.gkl-rijeka.hr\/index.php\/sretna-kucica-na-festivalu-u-skoplju\/#primaryimage\"},\"datePublished\":\"2023-10-26T11:06:35+00:00\",\"dateModified\":\"2023-10-26T11:06:35+00:00\",\"inLanguage\":\"en-US\",\"potentialAction\":[{\"@type\":\"ReadAction\",\"target\":[\"https:\/\/www.gkl-rijeka.hr\/index.php\/sretna-kucica-na-festivalu-u-skoplju\/\"]}]},{\"@type\":\"Article\",\"@id\":\"https:\/\/www.gkl-rijeka.hr\/index.php\/sretna-kucica-na-festivalu-u-skoplju\/#article\",\"isPartOf\":{\"@id\":\"https:\/\/www.gkl-rijeka.hr\/index.php\/sretna-kucica-na-festivalu-u-skoplju\/#webpage\"},\"author\":{\"@id\":\"https:\/\/www.gkl-rijeka.hr\/#\/schema\/person\/3d9f7620db983ddf36e45ccae28c8651\"},\"headline\":\"\\u201eSretna ku\\u0107ica\\u201c na festivalu u Skoplju\",\"datePublished\":\"2023-10-26T11:06:35+00:00\",\"dateModified\":\"2023-10-26T11:06:35+00:00\",\"mainEntityOfPage\":{\"@id\":\"https:\/\/www.gkl-rijeka.hr\/index.php\/sretna-kucica-na-festivalu-u-skoplju\/#webpage\"},\"publisher\":{\"@id\":\"https:\/\/www.gkl-rijeka.hr\/#organization\"},\"image\":{\"@id\":\"https:\/\/www.gkl-rijeka.hr\/index.php\/sretna-kucica-na-festivalu-u-skoplju\/#primaryimage\"},\"articleSection\":\"Novosti\",\"inLanguage\":\"en-US\"},{\"@type\":\"Person\",\"@id\":\"https:\/\/www.gkl-rijeka.hr\/#\/schema\/person\/3d9f7620db983ddf36e45ccae28c8651\",\"name\":\"Marin\",\"image\":{\"@type\":\"ImageObject\",\"@id\":\"https:\/\/www.gkl-rijeka.hr\/#personlogo\",\"inLanguage\":\"en-US\",\"url\":\"https:\/\/secure.gravatar.com\/avatar\/9ba8e90e29bf7b5691a75673ed86bcba?s=96&d=mm&r=g\",\"caption\":\"Marin\"}}]}<\/script>\n<!-- \/ Yoast SEO plugin. -->","_links":{"self":[{"href":"https:\/\/www.gkl-rijeka.hr\/index.php\/wp-json\/wp\/v2\/posts\/14656"}],"collection":[{"href":"https:\/\/www.gkl-rijeka.hr\/index.php\/wp-json\/wp\/v2\/posts"}],"about":[{"href":"https:\/\/www.gkl-rijeka.hr\/index.php\/wp-json\/wp\/v2\/types\/post"}],"author":[{"embeddable":true,"href":"https:\/\/www.gkl-rijeka.hr\/index.php\/wp-json\/wp\/v2\/users\/1"}],"replies":[{"embeddable":true,"href":"https:\/\/www.gkl-rijeka.hr\/index.php\/wp-json\/wp\/v2\/comments?post=14656"}],"version-history":[{"count":1,"href":"https:\/\/www.gkl-rijeka.hr\/index.php\/wp-json\/wp\/v2\/posts\/14656\/revisions"}],"predecessor-version":[{"id":14657,"href":"https:\/\/www.gkl-rijeka.hr\/index.php\/wp-json\/wp\/v2\/posts\/14656\/revisions\/14657"}],"wp:featuredmedia":[{"embeddable":true,"href":"https:\/\/www.gkl-rijeka.hr\/index.php\/wp-json\/wp\/v2\/media\/9534"}],"wp:attachment":[{"href":"https:\/\/www.gkl-rijeka.hr\/index.php\/wp-json\/wp\/v2\/media?parent=14656"}],"wp:term":[{"taxonomy":"category","embeddable":true,"href":"https:\/\/www.gkl-rijeka.hr\/index.php\/wp-json\/wp\/v2\/categories?post=14656"},{"taxonomy":"post_tag","embeddable":true,"href":"https:\/\/www.gkl-rijeka.hr\/index.php\/wp-json\/wp\/v2\/tags?post=14656"}],"curies":[{"name":"wp","href":"https:\/\/api.w.org\/{rel}","templated":true}]}}