{"id":14658,"date":"2023-10-26T11:14:13","date_gmt":"2023-10-26T11:14:13","guid":{"rendered":"https:\/\/www.gkl-rijeka.hr\/?p=14658"},"modified":"2023-10-26T11:14:13","modified_gmt":"2023-10-26T11:14:13","slug":"europski-listopad-gradskog-kazalista-lutaka-rijeka","status":"publish","type":"post","link":"https:\/\/www.gkl-rijeka.hr\/index.php\/europski-listopad-gradskog-kazalista-lutaka-rijeka\/","title":{"rendered":"Europski listopad Gradskog kazali\u0161ta lutaka Rijeka"},"content":{"rendered":"<p>[et_pb_section admin_label=&#8221;Section&#8221; fullwidth=&#8221;off&#8221; specialty=&#8221;on&#8221; transparent_background=&#8221;off&#8221; allow_player_pause=&#8221;off&#8221; inner_shadow=&#8221;off&#8221; parallax=&#8221;off&#8221; parallax_method=&#8221;off&#8221; padding_mobile=&#8221;off&#8221; make_fullwidth=&#8221;off&#8221; use_custom_width=&#8221;off&#8221; width_unit=&#8221;on&#8221; make_equal=&#8221;off&#8221; use_custom_gutter=&#8221;off&#8221; module_id=&#8221;specialtySectionPIN&#8221;][et_pb_column type=&#8221;3_4&#8243; specialty_columns=&#8221;3&#8243;][et_pb_row_inner admin_label=&#8221;Row&#8221; padding_mobile=&#8221;off&#8221; use_custom_gutter=&#8221;off&#8221; column_padding_mobile=&#8221;on&#8221; make_equal=&#8221;off&#8221;][et_pb_column_inner type=&#8221;4_4&#8243; saved_specialty_column_type=&#8221;3_4&#8243;][et_pb_post_title admin_label=&#8221;Naslov&#8221; title=&#8221;on&#8221; meta=&#8221;off&#8221; author=&#8221;on&#8221; date=&#8221;on&#8221; categories=&#8221;on&#8221; comments=&#8221;on&#8221; featured_image=&#8221;off&#8221; featured_placement=&#8221;below&#8221; parallax_effect=&#8221;on&#8221; parallax_method=&#8221;on&#8221; text_orientation=&#8221;left&#8221; text_color=&#8221;dark&#8221; text_background=&#8221;off&#8221; text_bg_color=&#8221;rgba(255,255,255,0.9)&#8221; module_bg_color=&#8221;rgba(255,255,255,0)&#8221; title_font_size=&#8221;42px&#8221; title_all_caps=&#8221;off&#8221; use_border_color=&#8221;off&#8221; border_color=&#8221;#ffffff&#8221; border_style=&#8221;solid&#8221;]<\/p>\n<p>&nbsp;<\/p>\n<p>[\/et_pb_post_title][et_pb_text admin_label=&#8221;Featured Image&#8221; background_layout=&#8221;light&#8221; text_orientation=&#8221;left&#8221; module_id=&#8221;#featuredImageNovosti&#8221; use_border_color=&#8221;off&#8221; border_color=&#8221;#ffffff&#8221; border_style=&#8221;solid&#8221;]<\/p>\n <div id='featured-img-id'><img src='https:\/\/www.gkl-rijeka.hr\/wp-content\/uploads\/2017\/11\/Vanda_207.jpg?wsr' \/><\/div>\n<p>[\/et_pb_text][\/et_pb_column_inner][\/et_pb_row_inner][et_pb_row_inner admin_label=&#8221;Row&#8221;][et_pb_column_inner type=&#8221;4_4&#8243; saved_specialty_column_type=&#8221;3_4&#8243;][et_pb_text admin_label=&#8221;Text&#8221; background_layout=&#8221;light&#8221; text_orientation=&#8221;left&#8221; use_border_color=&#8221;off&#8221; border_color=&#8221;#ffffff&#8221; border_style=&#8221;solid&#8221;]<\/p>\n<p>Pred rije\u010dkim lutkarima dva su vrlo zanimljiva inozemna gostovanja; jedno u Bruxellesu, u Belgiji, gdje \u0107e se sutra, 21. listopada 2023. predstaviti sa svojom lutkarskom uspje\u0161nicom \u201eWanda LaVanda\u201c autorice Jelene Tondini i redateljice Morane Dolenc te drugo na Me\u0111unarodnom lutkarskom festivalu Mistelbach, u Austriji, gdje \u0107e idu\u0107i tjedan sudjelovati s do\u017eivljajnim kazali\u0161tem za bebe \u201eGdje su nestale \u010darapice?\u201c autorice koncepta i redateljice Mile \u010culjak, i to s \u010dak \u010detiri izvedbe.<\/p>\n<p>Na poziv Udruge roditelja hrvatske nastave u Bruxellesu, Gradsko kazali\u0161te lutaka Rijeka otputovalo je u Bruxelles, u Belgiju, gdje \u0107e sutra, u subotu, 21. listopada 2023. u 19 sati u teatru La Venerie gostovati sa svojom nagra\u0111ivanom predstavom \u201eWanda LaVanda\u201c autorice Jelene Tondini i redateljice Morane Dolenc. Naime, na poziv iste Udruge Kazali\u0161te je u Bruxellesu ve\u0107 gostovalo pro\u0161le godine, a obzirom na lijepu i emotivnu suradnju pozvano je ponovno. Ovaj \u0107e se put predstaviti sa svojom ranije spomenutom uspje\u0161nicom te tako predstaviti i na\u0161 grad i na\u0161 kraj u srce Europske unije. <\/p>\n<p>Rije\u010dki \u0107e lutkari biti i dio Me\u0111unarodnog lutkarskog festivala Mistelbach, u Austriji, gdje \u0107e idu\u0107i tjedan u utorak i srijedu, odnosno 24. i 25. listopada 2023. sudjelovati s do\u017eivljajnim kazali\u0161tem za bebe \u201eGdje su nestale \u010darapice?\u201c autorice koncepta i redateljice Mile \u010culjak, i to s \u010dak \u010detiri izvedbe.  <\/p>\n<p>Inozemna i doma\u0107a listopadska gostovanja su i iza rije\u010dkih lutkara; predstava \u201eTrnoru\u017eica \u2013 elektro bajka\u201c autora i redatelja Mattea Spiazzija (prema G. Basileu i C. Perraultu) sudjelovala je na festivalu naziva \u201eTrallallero \u2013 festival internazionale di teatro ragazzi\u201c u \u010detvrtak, 12. listopada 2023., gdje je u Artegni, blizu Udina, u Italiji biti izvedena na talijanskom jeziku. Uo\u010di odlaska na Festival, Gradsko kazali\u0161te lutaka Rijeka u svom je domu na Brajdi odr\u017ealo izvedbu na talijanskom jeziku i to kao dio ovogodi\u0161nje manifestacije Dani Mjesnog odbora Brajda-Dolac.<\/p>\n<p>Nedugo nakon, u subotu, 14. listopada 2023., rije\u010dki lutkarski ansambl u Koprivnici je izveo svoju istovremeno nje\u017enu i sna\u017enu predstavu \u201eSrce ve\u0107e od mene samog\u201c autorice i redateljice Tamare Ku\u010dinovi\u0107, a u sklopu Kazali\u0161nog festivala \u201eJaje\u201c.  <\/p>\n<p>Prisjetimo se, pro\u0161li je mjesec, to\u010dnije 29. rujna 2023., \u201eSretna ku\u0107ica\u201c autorica Ivane \u0110ule i Milice Sinkauz prema istoimenoj slikovnici K. i D. Arbanas, a u re\u017eiji Morane Dolenc sudjelovala na drugom Me\u0111unarodnom festivalu kazali\u0161ta za djecu \u201eIgor Mad\u017eirov\u201c u organizaciji Kazali\u0161ta za djecu i mlade, Skoplje, Sjeverna Makedonija. <\/p>\n<p>Naravno, paralelno s gostovanjima, Gradsko kazali\u0161te lutaka Rijeka izvodi predstave i u svom domu na Brajdi, kako one jutarnje za organizirane grupe tako i one popodnevne u slobodnoj prodaji.<\/p>\n<p>[\/et_pb_text][\/et_pb_column_inner][\/et_pb_row_inner][\/et_pb_column][et_pb_column type=&#8221;1_4&#8243;][et_pb_text admin_label=&#8221;naslovNovosti01&#8243; global_parent=&#8221;2318&#8243; background_layout=&#8221;light&#8221; text_orientation=&#8221;left&#8221; use_border_color=&#8221;off&#8221; border_color=&#8221;#ffffff&#8221; border_style=&#8221;solid&#8221; module_id=&#8221;naslovNovosti01&#8243;]<\/p>\n<h1>Novosti<\/h1>\n<p>[\/et_pb_text][et_pb_blog admin_label=&#8221;NovostiList01&#8243; global_parent=&#8221;2318&#8243; fullwidth=&#8221;off&#8221; posts_number=&#8221;4&#8243; include_categories=&#8221;3&#8243; show_thumbnail=&#8221;on&#8221; show_content=&#8221;off&#8221; show_more=&#8221;off&#8221; show_author=&#8221;off&#8221; show_date=&#8221;off&#8221; show_categories=&#8221;off&#8221; show_comments=&#8221;off&#8221; show_pagination=&#8221;off&#8221; offset_number=&#8221;0&#8243; background_layout=&#8221;light&#8221; use_dropshadow=&#8221;off&#8221; use_border_color=&#8221;off&#8221; border_color=&#8221;#ffffff&#8221; border_style=&#8221;solid&#8221; module_id=&#8221;NovostiList01&#8243; header_font=&#8221;Open Sans||||&#8221;]<\/p>\n<p>&nbsp;<\/p>\n<p>[\/et_pb_blog][et_pb_text admin_label=&#8221;viseVijesti&#8221; global_parent=&#8221;2318&#8243; background_layout=&#8221;light&#8221; text_orientation=&#8221;left&#8221; use_border_color=&#8221;off&#8221; border_color=&#8221;#ffffff&#8221; border_style=&#8221;solid&#8221; module_id=&#8221;viseVijestiLink01&#8243; module_class=&#8221;moreLinks&#8221;]<\/p>\n<p><a href=\"\/index.php\/novosti\/\">Vi\u0161e vijesti&#8230;<\/a><\/p>\n<p>[\/et_pb_text][\/et_pb_column][\/et_pb_section]<\/p>\n","protected":false},"excerpt":{"rendered":"<p>U prvoj polovici listopada GKL Rijeka gostovalo je u Koprivnici i Artegni (Italija), a u drugoj polovici u Bruxellesu (Belgija) i Mistelbachu (Austrija)<\/p>\n","protected":false},"author":1,"featured_media":7237,"comment_status":"closed","ping_status":"closed","sticky":false,"template":"","format":"standard","meta":{"spay_email":""},"categories":[3],"tags":[],"jetpack_featured_media_url":"https:\/\/www.gkl-rijeka.hr\/wp-content\/uploads\/2017\/11\/Vanda_207.jpg?wsr","yoast_head":"<!-- This site is optimized with the Yoast SEO plugin v15.1.1 - https:\/\/yoast.com\/wordpress\/plugins\/seo\/ -->\n<meta name=\"robots\" content=\"index, follow, max-snippet:-1, max-image-preview:large, max-video-preview:-1\" \/>\n<link rel=\"canonical\" href=\"https:\/\/www.gkl-rijeka.hr\/index.php\/europski-listopad-gradskog-kazalista-lutaka-rijeka\/\" \/>\n<meta property=\"og:locale\" content=\"en_US\" \/>\n<meta property=\"og:type\" content=\"article\" \/>\n<meta property=\"og:title\" content=\"Europski listopad Gradskog kazali\u0161ta lutaka Rijeka - Gradsko kazali\u0161te lutaka Rijeka\" \/>\n<meta property=\"og:description\" content=\"U prvoj polovici listopada GKL Rijeka gostovalo je u Koprivnici i Artegni (Italija), a u drugoj polovici u Bruxellesu (Belgija) i Mistelbachu (Austrija)\" \/>\n<meta property=\"og:url\" content=\"https:\/\/www.gkl-rijeka.hr\/index.php\/europski-listopad-gradskog-kazalista-lutaka-rijeka\/\" \/>\n<meta property=\"og:site_name\" content=\"Gradsko kazali\u0161te lutaka Rijeka\" \/>\n<meta property=\"article:publisher\" content=\"https:\/\/www.facebook.com\/gkl.rijeka\" \/>\n<meta property=\"article:published_time\" content=\"2023-10-26T11:14:13+00:00\" \/>\n<meta property=\"og:image\" content=\"https:\/\/www.gkl-rijeka.hr\/wp-content\/uploads\/2017\/11\/Vanda_207.jpg?wsr\" \/>\n\t<meta property=\"og:image:width\" content=\"1600\" \/>\n\t<meta property=\"og:image:height\" content=\"1067\" \/>\n<meta property=\"fb:app_id\" content=\"368762594246882\" \/>\n<meta name=\"twitter:card\" content=\"summary\" \/>\n<script type=\"application\/ld+json\" class=\"yoast-schema-graph\">{\"@context\":\"https:\/\/schema.org\",\"@graph\":[{\"@type\":\"Organization\",\"@id\":\"https:\/\/www.gkl-rijeka.hr\/#organization\",\"name\":\"Gradsko kazali\\u0161te lutaka Rijeka\",\"url\":\"https:\/\/www.gkl-rijeka.hr\/\",\"sameAs\":[\"https:\/\/www.facebook.com\/gkl.rijeka\"],\"logo\":{\"@type\":\"ImageObject\",\"@id\":\"https:\/\/www.gkl-rijeka.hr\/#logo\",\"inLanguage\":\"en-US\",\"url\":\"https:\/\/www.gkl-rijeka.hr\/wp-content\/uploads\/2020\/10\/logo_boja_01.png?wsr\",\"width\":209,\"height\":280,\"caption\":\"Gradsko kazali\\u0161te lutaka Rijeka\"},\"image\":{\"@id\":\"https:\/\/www.gkl-rijeka.hr\/#logo\"}},{\"@type\":\"WebSite\",\"@id\":\"https:\/\/www.gkl-rijeka.hr\/#website\",\"url\":\"https:\/\/www.gkl-rijeka.hr\/\",\"name\":\"Gradsko kazali\\u0161te lutaka Rijeka\",\"description\":\"\",\"publisher\":{\"@id\":\"https:\/\/www.gkl-rijeka.hr\/#organization\"},\"potentialAction\":[{\"@type\":\"SearchAction\",\"target\":\"https:\/\/www.gkl-rijeka.hr\/?s={search_term_string}\",\"query-input\":\"required name=search_term_string\"}],\"inLanguage\":\"en-US\"},{\"@type\":\"ImageObject\",\"@id\":\"https:\/\/www.gkl-rijeka.hr\/index.php\/europski-listopad-gradskog-kazalista-lutaka-rijeka\/#primaryimage\",\"inLanguage\":\"en-US\",\"url\":\"https:\/\/www.gkl-rijeka.hr\/wp-content\/uploads\/2017\/11\/Vanda_207.jpg?wsr\",\"width\":1600,\"height\":1067},{\"@type\":\"WebPage\",\"@id\":\"https:\/\/www.gkl-rijeka.hr\/index.php\/europski-listopad-gradskog-kazalista-lutaka-rijeka\/#webpage\",\"url\":\"https:\/\/www.gkl-rijeka.hr\/index.php\/europski-listopad-gradskog-kazalista-lutaka-rijeka\/\",\"name\":\"Europski listopad Gradskog kazali\\u0161ta lutaka Rijeka - Gradsko kazali\\u0161te lutaka Rijeka\",\"isPartOf\":{\"@id\":\"https:\/\/www.gkl-rijeka.hr\/#website\"},\"primaryImageOfPage\":{\"@id\":\"https:\/\/www.gkl-rijeka.hr\/index.php\/europski-listopad-gradskog-kazalista-lutaka-rijeka\/#primaryimage\"},\"datePublished\":\"2023-10-26T11:14:13+00:00\",\"dateModified\":\"2023-10-26T11:14:13+00:00\",\"inLanguage\":\"en-US\",\"potentialAction\":[{\"@type\":\"ReadAction\",\"target\":[\"https:\/\/www.gkl-rijeka.hr\/index.php\/europski-listopad-gradskog-kazalista-lutaka-rijeka\/\"]}]},{\"@type\":\"Article\",\"@id\":\"https:\/\/www.gkl-rijeka.hr\/index.php\/europski-listopad-gradskog-kazalista-lutaka-rijeka\/#article\",\"isPartOf\":{\"@id\":\"https:\/\/www.gkl-rijeka.hr\/index.php\/europski-listopad-gradskog-kazalista-lutaka-rijeka\/#webpage\"},\"author\":{\"@id\":\"https:\/\/www.gkl-rijeka.hr\/#\/schema\/person\/3d9f7620db983ddf36e45ccae28c8651\"},\"headline\":\"Europski listopad Gradskog kazali\\u0161ta lutaka Rijeka\",\"datePublished\":\"2023-10-26T11:14:13+00:00\",\"dateModified\":\"2023-10-26T11:14:13+00:00\",\"mainEntityOfPage\":{\"@id\":\"https:\/\/www.gkl-rijeka.hr\/index.php\/europski-listopad-gradskog-kazalista-lutaka-rijeka\/#webpage\"},\"publisher\":{\"@id\":\"https:\/\/www.gkl-rijeka.hr\/#organization\"},\"image\":{\"@id\":\"https:\/\/www.gkl-rijeka.hr\/index.php\/europski-listopad-gradskog-kazalista-lutaka-rijeka\/#primaryimage\"},\"articleSection\":\"Novosti\",\"inLanguage\":\"en-US\"},{\"@type\":\"Person\",\"@id\":\"https:\/\/www.gkl-rijeka.hr\/#\/schema\/person\/3d9f7620db983ddf36e45ccae28c8651\",\"name\":\"Marin\",\"image\":{\"@type\":\"ImageObject\",\"@id\":\"https:\/\/www.gkl-rijeka.hr\/#personlogo\",\"inLanguage\":\"en-US\",\"url\":\"https:\/\/secure.gravatar.com\/avatar\/9ba8e90e29bf7b5691a75673ed86bcba?s=96&d=mm&r=g\",\"caption\":\"Marin\"}}]}<\/script>\n<!-- \/ Yoast SEO plugin. -->","_links":{"self":[{"href":"https:\/\/www.gkl-rijeka.hr\/index.php\/wp-json\/wp\/v2\/posts\/14658"}],"collection":[{"href":"https:\/\/www.gkl-rijeka.hr\/index.php\/wp-json\/wp\/v2\/posts"}],"about":[{"href":"https:\/\/www.gkl-rijeka.hr\/index.php\/wp-json\/wp\/v2\/types\/post"}],"author":[{"embeddable":true,"href":"https:\/\/www.gkl-rijeka.hr\/index.php\/wp-json\/wp\/v2\/users\/1"}],"replies":[{"embeddable":true,"href":"https:\/\/www.gkl-rijeka.hr\/index.php\/wp-json\/wp\/v2\/comments?post=14658"}],"version-history":[{"count":1,"href":"https:\/\/www.gkl-rijeka.hr\/index.php\/wp-json\/wp\/v2\/posts\/14658\/revisions"}],"predecessor-version":[{"id":14659,"href":"https:\/\/www.gkl-rijeka.hr\/index.php\/wp-json\/wp\/v2\/posts\/14658\/revisions\/14659"}],"wp:featuredmedia":[{"embeddable":true,"href":"https:\/\/www.gkl-rijeka.hr\/index.php\/wp-json\/wp\/v2\/media\/7237"}],"wp:attachment":[{"href":"https:\/\/www.gkl-rijeka.hr\/index.php\/wp-json\/wp\/v2\/media?parent=14658"}],"wp:term":[{"taxonomy":"category","embeddable":true,"href":"https:\/\/www.gkl-rijeka.hr\/index.php\/wp-json\/wp\/v2\/categories?post=14658"},{"taxonomy":"post_tag","embeddable":true,"href":"https:\/\/www.gkl-rijeka.hr\/index.php\/wp-json\/wp\/v2\/tags?post=14658"}],"curies":[{"name":"wp","href":"https:\/\/api.w.org\/{rel}","templated":true}]}}