{"id":14660,"date":"2023-10-26T11:21:09","date_gmt":"2023-10-26T11:21:09","guid":{"rendered":"https:\/\/www.gkl-rijeka.hr\/?p=14660"},"modified":"2023-10-26T11:21:09","modified_gmt":"2023-10-26T11:21:09","slug":"najavljena-28-revija-lutkarskih-kazalista","status":"publish","type":"post","link":"https:\/\/www.gkl-rijeka.hr\/index.php\/najavljena-28-revija-lutkarskih-kazalista\/","title":{"rendered":"Najavljena 28. revija lutkarskih kazali\u0161ta"},"content":{"rendered":"<p>[et_pb_section admin_label=&#8221;Section&#8221; fullwidth=&#8221;off&#8221; specialty=&#8221;on&#8221; transparent_background=&#8221;off&#8221; allow_player_pause=&#8221;off&#8221; inner_shadow=&#8221;off&#8221; parallax=&#8221;off&#8221; parallax_method=&#8221;off&#8221; padding_mobile=&#8221;off&#8221; make_fullwidth=&#8221;off&#8221; use_custom_width=&#8221;off&#8221; width_unit=&#8221;on&#8221; make_equal=&#8221;off&#8221; use_custom_gutter=&#8221;off&#8221; module_id=&#8221;specialtySectionPIN&#8221;][et_pb_column type=&#8221;3_4&#8243; specialty_columns=&#8221;3&#8243;][et_pb_row_inner admin_label=&#8221;Row&#8221; padding_mobile=&#8221;off&#8221; use_custom_gutter=&#8221;off&#8221; column_padding_mobile=&#8221;on&#8221; make_equal=&#8221;off&#8221;][et_pb_column_inner type=&#8221;4_4&#8243; saved_specialty_column_type=&#8221;3_4&#8243;][et_pb_post_title admin_label=&#8221;Naslov&#8221; title=&#8221;on&#8221; meta=&#8221;off&#8221; author=&#8221;on&#8221; date=&#8221;on&#8221; categories=&#8221;on&#8221; comments=&#8221;on&#8221; featured_image=&#8221;off&#8221; featured_placement=&#8221;below&#8221; parallax_effect=&#8221;on&#8221; parallax_method=&#8221;on&#8221; text_orientation=&#8221;left&#8221; text_color=&#8221;dark&#8221; text_background=&#8221;off&#8221; text_bg_color=&#8221;rgba(255,255,255,0.9)&#8221; module_bg_color=&#8221;rgba(255,255,255,0)&#8221; title_font_size=&#8221;42px&#8221; title_all_caps=&#8221;off&#8221; use_border_color=&#8221;off&#8221; border_color=&#8221;#ffffff&#8221; border_style=&#8221;solid&#8221;]<\/p>\n<p>\n&nbsp;<\/p>\n<p>[\/et_pb_post_title][et_pb_text admin_label=&#8221;Featured Image&#8221; background_layout=&#8221;light&#8221; text_orientation=&#8221;left&#8221; module_id=&#8221;#featuredImageNovosti&#8221; use_border_color=&#8221;off&#8221; border_color=&#8221;#ffffff&#8221; border_style=&#8221;solid&#8221;]<\/p>\n <div id='featured-img-id'><img src='https:\/\/www.gkl-rijeka.hr\/wp-content\/uploads\/2023\/10\/GKLRi_28Revija_FBobjava.jpg?wsr' \/><\/div>\n<p>[\/et_pb_text][\/et_pb_column_inner][\/et_pb_row_inner][et_pb_row_inner admin_label=&#8221;Row&#8221;][et_pb_column_inner type=&#8221;4_4&#8243; saved_specialty_column_type=&#8221;3_4&#8243;][et_pb_text admin_label=&#8221;Text&#8221; background_layout=&#8221;light&#8221; text_orientation=&#8221;left&#8221; use_border_color=&#8221;off&#8221; border_color=&#8221;#ffffff&#8221; border_style=&#8221;solid&#8221;]<\/p>\n<p>U organizaciji Gradskog kazali\u0161ta lutaka Rijeka, na ovogodi\u0161njoj Reviji lutkarskih kazali\u0161ta predstavit \u0107e se dvanaest kazali\u0161ta \u2013 sedam inozemnih i pet doma\u0107ih, a Revija \u0107e se odr\u017eavati od 3. do 11. studenoga na \u010dak \u010detiri rije\u010dke lokacije.<\/p>\n<p>Revija lutkarskih kazali\u0161ta me\u0111unarodni je festival koji se kontinuirano odr\u017eava, ove godine 28. put po redu, a u tome ga nisu sprije\u010dile niti pandemijske godine koje su svih zatekle. Ove godine na Reviji \u0107e se predstaviti \u010dak sedam inozemnih kazali\u0161ta \u2013 tri iz Slovenije i po jedno iz Sjeverne Makedonije, \u010ce\u0161ke, Srbije i Litve.<\/p>\n<p>Predstave koje Revija donosi za razli\u010dite su uzraste, od onih namijenjenih najmla\u0111ima do onih za za odrasle. Upravo \u0107e se predstavom za odrasle \u201eMesarica\u201c autora Matije Solcea i Frana Levstika, a u izvedbi Teatra Matita iz Slovenije, Revija sve\u010dano i otvoriti 3. studenoga u 19:30 sati u Gradskom kazali\u0161tu lutaka Rijeka. Sve\u010dano zatvaranje Revije planirano je 11. studenoga u 19:00 sati tako\u0111er u GKL Rijeka i to predstavom \u201eTrnoru\u017eica \u2013 elektro bajka\u201c redatelja i autora Mattea Spiazzija (prema G. Basileu i C. Perraultu) u izvedbi doma\u0107ina \u2013 GKL Rijeka. Uz rije\u010dko lutkarsko kazali\u0161te, na Reviji \u0107e sudjelovati jo\u0161 \u010detiri hrvatska kazali\u0161ta \u2013 Zagreba\u010dko kazali\u0161te lutaka, Dje\u010dje kazali\u0161te Branka Mihaljevi\u0107a u Osijeku, Kazali\u0161na dru\u017eina Pinklec, \u010cakovec te koprodukcijska predstava Kazali\u0161ta Virovitica, Gradskog kazali\u0161ta Po\u017eega i Gradskog kazali\u0161ta Joza Ivaki\u0107 Vinkovci. Svaka predstava na Reviji ima svoju zanimljivu estetiku te hrabro progovara o razli\u010ditim \u017eivotnim temama i situacijama.<\/p>\n<p>Uz izvedbeni kazali\u0161ni program Revija \u0107e ponuditi i popratni program; kao i svake godine tu je lutkarska radionica i igraonica, projekt \u201eLutke u izloge!\u201c gdje su gra\u0111anstvu u raznim izlozima Rijeke prezentirane i razli\u010dite lutke iz fundusa Kazali\u0161ta te nagradu publike Domino, odnosno najbolje ocijenjenu predstavu Revije prema glasovima i male i velike publike. Nagradu Domino, kao i vizualni identitet Revije, osmislio je i oblikovao Studio Cuculi\u0107, dugogodi\u0161nji suradnik Kazali\u0161ta. Tako\u0111er, ove \u0107e godine Revija obuhvatiti i dvije prezentacije \u2013 prezentaciju knjige autora Igora Tretinjaka pod naslovom \u201eSuvremeno lutkarstvo i kritika\u201c te prezentaciju dramske radionice za djecu pod vodstvom Petre \u0160arac i Petre Vu\u010dkovi\u0107 imena \u201eTO GO OR NOT TO GO\u201c i zanimljivog projekta u sklopu kojeg je radionica, a sve sura\u0111uju\u0107i s dje\u010djim ku\u0107ama, partnerima Centrom kreativnosti i umjetnosti za djecu i obitelji La Sala, Sabadell (\u0160panjolska) i Umjetni\u010dkim centrom Annantalo, Helsinki (Finska). Obe prezentacije bit \u0107e u rije\u010dkoj Dje\u010djoj ku\u0107i, a svi ostali izvedbeni programi u ve\u0107 spomenutom Gradskom kazali\u0161tu lutaka Rijeka, Hrvatskom kulturnom domu na Su\u0161aku te u Filodrammatici.<\/p>\n<p>Organizator Revije je Gradsko kazali\u0161te lutaka Rijeka, a Reviju sufinanciraju Grad Rijeka, Primorsko-goranska \u017eupanija te Ministarstvo kulture Republike Hrvatske. Tu su naravno i sponzori Revije te medijski pokrovitelji koji olak\u0161avaju cjelokupnu organizaciju i posje\u0107enost programa Revije, a koji su navedeni na slu\u017ebenoj web stranici Revije, na linku <a href=\"https:\/\/www.gkl-rijeka.hr\/index.php\/28revija\/\">https:\/\/www.gkl-rijeka.hr\/index.php\/28revija\/<\/a>. Na istom linku nalaze se i sve informacije o ulaznicama.<\/p>\n<p>[\/et_pb_text][\/et_pb_column_inner][\/et_pb_row_inner][\/et_pb_column][et_pb_column type=&#8221;1_4&#8243;][et_pb_text admin_label=&#8221;naslovNovosti01&#8243; global_parent=&#8221;2318&#8243; background_layout=&#8221;light&#8221; text_orientation=&#8221;left&#8221; use_border_color=&#8221;off&#8221; border_color=&#8221;#ffffff&#8221; border_style=&#8221;solid&#8221; module_id=&#8221;naslovNovosti01&#8243;]<\/p>\n<h1>Novosti<\/h1>\n<p>[\/et_pb_text][et_pb_blog admin_label=&#8221;NovostiList01&#8243; global_parent=&#8221;2318&#8243; fullwidth=&#8221;off&#8221; posts_number=&#8221;4&#8243; include_categories=&#8221;3&#8243; show_thumbnail=&#8221;on&#8221; show_content=&#8221;off&#8221; show_more=&#8221;off&#8221; show_author=&#8221;off&#8221; show_date=&#8221;off&#8221; show_categories=&#8221;off&#8221; show_comments=&#8221;off&#8221; show_pagination=&#8221;off&#8221; offset_number=&#8221;0&#8243; background_layout=&#8221;light&#8221; use_dropshadow=&#8221;off&#8221; use_border_color=&#8221;off&#8221; border_color=&#8221;#ffffff&#8221; border_style=&#8221;solid&#8221; module_id=&#8221;NovostiList01&#8243; header_font=&#8221;Open Sans||||&#8221;]<\/p>\n<p>\n&nbsp;<\/p>\n<p>[\/et_pb_blog][et_pb_text admin_label=&#8221;viseVijesti&#8221; global_parent=&#8221;2318&#8243; background_layout=&#8221;light&#8221; text_orientation=&#8221;left&#8221; use_border_color=&#8221;off&#8221; border_color=&#8221;#ffffff&#8221; border_style=&#8221;solid&#8221; module_id=&#8221;viseVijestiLink01&#8243; module_class=&#8221;moreLinks&#8221;]<\/p>\n<p>\n<a href=\"\/index.php\/novosti\/\">Vi\u0161e vijesti&#8230;<\/a><\/p>\n<p>[\/et_pb_text][\/et_pb_column][\/et_pb_section]<\/p>\n","protected":false},"excerpt":{"rendered":"<p>3. &#8211; 11. studenoga 2023. <\/p>\n","protected":false},"author":1,"featured_media":14648,"comment_status":"closed","ping_status":"closed","sticky":false,"template":"","format":"standard","meta":{"spay_email":""},"categories":[3],"tags":[],"jetpack_featured_media_url":"https:\/\/www.gkl-rijeka.hr\/wp-content\/uploads\/2023\/10\/GKLRi_28Revija_FBobjava.jpg?wsr","yoast_head":"<!-- This site is optimized with the Yoast SEO plugin v15.1.1 - https:\/\/yoast.com\/wordpress\/plugins\/seo\/ -->\n<meta name=\"robots\" content=\"index, follow, max-snippet:-1, max-image-preview:large, max-video-preview:-1\" \/>\n<link rel=\"canonical\" href=\"https:\/\/www.gkl-rijeka.hr\/index.php\/najavljena-28-revija-lutkarskih-kazalista\/\" \/>\n<meta property=\"og:locale\" content=\"en_US\" \/>\n<meta property=\"og:type\" content=\"article\" \/>\n<meta property=\"og:title\" content=\"Najavljena 28. revija lutkarskih kazali\u0161ta - Gradsko kazali\u0161te lutaka Rijeka\" \/>\n<meta property=\"og:description\" content=\"3. - 11. studenoga 2023.\" \/>\n<meta property=\"og:url\" content=\"https:\/\/www.gkl-rijeka.hr\/index.php\/najavljena-28-revija-lutkarskih-kazalista\/\" \/>\n<meta property=\"og:site_name\" content=\"Gradsko kazali\u0161te lutaka Rijeka\" \/>\n<meta property=\"article:publisher\" content=\"https:\/\/www.facebook.com\/gkl.rijeka\" \/>\n<meta property=\"article:published_time\" content=\"2023-10-26T11:21:09+00:00\" \/>\n<meta property=\"og:image\" content=\"https:\/\/www.gkl-rijeka.hr\/wp-content\/uploads\/2023\/10\/GKLRi_28Revija_FBobjava.jpg?wsr\" \/>\n\t<meta property=\"og:image:width\" content=\"1080\" \/>\n\t<meta property=\"og:image:height\" content=\"1080\" \/>\n<meta property=\"fb:app_id\" content=\"368762594246882\" \/>\n<meta name=\"twitter:card\" content=\"summary\" \/>\n<script type=\"application\/ld+json\" class=\"yoast-schema-graph\">{\"@context\":\"https:\/\/schema.org\",\"@graph\":[{\"@type\":\"Organization\",\"@id\":\"https:\/\/www.gkl-rijeka.hr\/#organization\",\"name\":\"Gradsko kazali\\u0161te lutaka Rijeka\",\"url\":\"https:\/\/www.gkl-rijeka.hr\/\",\"sameAs\":[\"https:\/\/www.facebook.com\/gkl.rijeka\"],\"logo\":{\"@type\":\"ImageObject\",\"@id\":\"https:\/\/www.gkl-rijeka.hr\/#logo\",\"inLanguage\":\"en-US\",\"url\":\"https:\/\/www.gkl-rijeka.hr\/wp-content\/uploads\/2020\/10\/logo_boja_01.png?wsr\",\"width\":209,\"height\":280,\"caption\":\"Gradsko kazali\\u0161te lutaka Rijeka\"},\"image\":{\"@id\":\"https:\/\/www.gkl-rijeka.hr\/#logo\"}},{\"@type\":\"WebSite\",\"@id\":\"https:\/\/www.gkl-rijeka.hr\/#website\",\"url\":\"https:\/\/www.gkl-rijeka.hr\/\",\"name\":\"Gradsko kazali\\u0161te lutaka Rijeka\",\"description\":\"\",\"publisher\":{\"@id\":\"https:\/\/www.gkl-rijeka.hr\/#organization\"},\"potentialAction\":[{\"@type\":\"SearchAction\",\"target\":\"https:\/\/www.gkl-rijeka.hr\/?s={search_term_string}\",\"query-input\":\"required name=search_term_string\"}],\"inLanguage\":\"en-US\"},{\"@type\":\"ImageObject\",\"@id\":\"https:\/\/www.gkl-rijeka.hr\/index.php\/najavljena-28-revija-lutkarskih-kazalista\/#primaryimage\",\"inLanguage\":\"en-US\",\"url\":\"https:\/\/www.gkl-rijeka.hr\/wp-content\/uploads\/2023\/10\/GKLRi_28Revija_FBobjava.jpg?wsr\",\"width\":1080,\"height\":1080},{\"@type\":\"WebPage\",\"@id\":\"https:\/\/www.gkl-rijeka.hr\/index.php\/najavljena-28-revija-lutkarskih-kazalista\/#webpage\",\"url\":\"https:\/\/www.gkl-rijeka.hr\/index.php\/najavljena-28-revija-lutkarskih-kazalista\/\",\"name\":\"Najavljena 28. revija lutkarskih kazali\\u0161ta - Gradsko kazali\\u0161te lutaka Rijeka\",\"isPartOf\":{\"@id\":\"https:\/\/www.gkl-rijeka.hr\/#website\"},\"primaryImageOfPage\":{\"@id\":\"https:\/\/www.gkl-rijeka.hr\/index.php\/najavljena-28-revija-lutkarskih-kazalista\/#primaryimage\"},\"datePublished\":\"2023-10-26T11:21:09+00:00\",\"dateModified\":\"2023-10-26T11:21:09+00:00\",\"inLanguage\":\"en-US\",\"potentialAction\":[{\"@type\":\"ReadAction\",\"target\":[\"https:\/\/www.gkl-rijeka.hr\/index.php\/najavljena-28-revija-lutkarskih-kazalista\/\"]}]},{\"@type\":\"Article\",\"@id\":\"https:\/\/www.gkl-rijeka.hr\/index.php\/najavljena-28-revija-lutkarskih-kazalista\/#article\",\"isPartOf\":{\"@id\":\"https:\/\/www.gkl-rijeka.hr\/index.php\/najavljena-28-revija-lutkarskih-kazalista\/#webpage\"},\"author\":{\"@id\":\"https:\/\/www.gkl-rijeka.hr\/#\/schema\/person\/3d9f7620db983ddf36e45ccae28c8651\"},\"headline\":\"Najavljena 28. revija lutkarskih kazali\\u0161ta\",\"datePublished\":\"2023-10-26T11:21:09+00:00\",\"dateModified\":\"2023-10-26T11:21:09+00:00\",\"mainEntityOfPage\":{\"@id\":\"https:\/\/www.gkl-rijeka.hr\/index.php\/najavljena-28-revija-lutkarskih-kazalista\/#webpage\"},\"publisher\":{\"@id\":\"https:\/\/www.gkl-rijeka.hr\/#organization\"},\"image\":{\"@id\":\"https:\/\/www.gkl-rijeka.hr\/index.php\/najavljena-28-revija-lutkarskih-kazalista\/#primaryimage\"},\"articleSection\":\"Novosti\",\"inLanguage\":\"en-US\"},{\"@type\":\"Person\",\"@id\":\"https:\/\/www.gkl-rijeka.hr\/#\/schema\/person\/3d9f7620db983ddf36e45ccae28c8651\",\"name\":\"Marin\",\"image\":{\"@type\":\"ImageObject\",\"@id\":\"https:\/\/www.gkl-rijeka.hr\/#personlogo\",\"inLanguage\":\"en-US\",\"url\":\"https:\/\/secure.gravatar.com\/avatar\/9ba8e90e29bf7b5691a75673ed86bcba?s=96&d=mm&r=g\",\"caption\":\"Marin\"}}]}<\/script>\n<!-- \/ Yoast SEO plugin. -->","_links":{"self":[{"href":"https:\/\/www.gkl-rijeka.hr\/index.php\/wp-json\/wp\/v2\/posts\/14660"}],"collection":[{"href":"https:\/\/www.gkl-rijeka.hr\/index.php\/wp-json\/wp\/v2\/posts"}],"about":[{"href":"https:\/\/www.gkl-rijeka.hr\/index.php\/wp-json\/wp\/v2\/types\/post"}],"author":[{"embeddable":true,"href":"https:\/\/www.gkl-rijeka.hr\/index.php\/wp-json\/wp\/v2\/users\/1"}],"replies":[{"embeddable":true,"href":"https:\/\/www.gkl-rijeka.hr\/index.php\/wp-json\/wp\/v2\/comments?post=14660"}],"version-history":[{"count":1,"href":"https:\/\/www.gkl-rijeka.hr\/index.php\/wp-json\/wp\/v2\/posts\/14660\/revisions"}],"predecessor-version":[{"id":14661,"href":"https:\/\/www.gkl-rijeka.hr\/index.php\/wp-json\/wp\/v2\/posts\/14660\/revisions\/14661"}],"wp:featuredmedia":[{"embeddable":true,"href":"https:\/\/www.gkl-rijeka.hr\/index.php\/wp-json\/wp\/v2\/media\/14648"}],"wp:attachment":[{"href":"https:\/\/www.gkl-rijeka.hr\/index.php\/wp-json\/wp\/v2\/media?parent=14660"}],"wp:term":[{"taxonomy":"category","embeddable":true,"href":"https:\/\/www.gkl-rijeka.hr\/index.php\/wp-json\/wp\/v2\/categories?post=14660"},{"taxonomy":"post_tag","embeddable":true,"href":"https:\/\/www.gkl-rijeka.hr\/index.php\/wp-json\/wp\/v2\/tags?post=14660"}],"curies":[{"name":"wp","href":"https:\/\/api.w.org\/{rel}","templated":true}]}}