{"id":15776,"date":"2023-12-13T13:47:55","date_gmt":"2023-12-13T13:47:55","guid":{"rendered":"https:\/\/www.gkl-rijeka.hr\/?p=15776"},"modified":"2023-12-13T13:57:25","modified_gmt":"2023-12-13T13:57:25","slug":"zimska-prica-iz-bencica-3","status":"publish","type":"post","link":"https:\/\/www.gkl-rijeka.hr\/index.php\/zimska-prica-iz-bencica-3\/","title":{"rendered":"Zimska pri\u010da iz Ben\u010di\u0107a #3"},"content":{"rendered":"<p>[et_pb_section admin_label=&#8221;Section&#8221; fullwidth=&#8221;off&#8221; specialty=&#8221;on&#8221; transparent_background=&#8221;off&#8221; allow_player_pause=&#8221;off&#8221; inner_shadow=&#8221;off&#8221; parallax=&#8221;off&#8221; parallax_method=&#8221;off&#8221; padding_mobile=&#8221;off&#8221; make_fullwidth=&#8221;off&#8221; use_custom_width=&#8221;off&#8221; width_unit=&#8221;on&#8221; make_equal=&#8221;off&#8221; use_custom_gutter=&#8221;off&#8221; module_id=&#8221;specialtySectionPIN&#8221;][et_pb_column type=&#8221;3_4&#8243; specialty_columns=&#8221;3&#8243;][et_pb_row_inner admin_label=&#8221;Row&#8221; padding_mobile=&#8221;off&#8221; use_custom_gutter=&#8221;off&#8221; column_padding_mobile=&#8221;on&#8221; make_equal=&#8221;off&#8221;][et_pb_column_inner type=&#8221;4_4&#8243; saved_specialty_column_type=&#8221;3_4&#8243;][et_pb_post_title admin_label=&#8221;Naslov&#8221; title=&#8221;on&#8221; meta=&#8221;off&#8221; author=&#8221;on&#8221; date=&#8221;on&#8221; categories=&#8221;on&#8221; comments=&#8221;on&#8221; featured_image=&#8221;off&#8221; featured_placement=&#8221;below&#8221; parallax_effect=&#8221;on&#8221; parallax_method=&#8221;on&#8221; text_orientation=&#8221;left&#8221; text_color=&#8221;dark&#8221; text_background=&#8221;off&#8221; text_bg_color=&#8221;rgba(255,255,255,0.9)&#8221; module_bg_color=&#8221;rgba(255,255,255,0)&#8221; title_font_size=&#8221;42px&#8221; title_all_caps=&#8221;off&#8221; use_border_color=&#8221;off&#8221; border_color=&#8221;#ffffff&#8221; border_style=&#8221;solid&#8221;]<\/p>\n<p>&nbsp;<\/p>\n<p>[\/et_pb_post_title][et_pb_text admin_label=&#8221;Featured Image&#8221; background_layout=&#8221;light&#8221; text_orientation=&#8221;left&#8221; module_id=&#8221;#featuredImageNovosti&#8221; use_border_color=&#8221;off&#8221; border_color=&#8221;#ffffff&#8221; border_style=&#8221;solid&#8221;]  <div id='featured-img-id'><img src='https:\/\/www.gkl-rijeka.hr\/wp-content\/uploads\/2023\/12\/ZIMA_BENCIC_2023_8.png?wsr' \/><\/div> [\/et_pb_text][\/et_pb_column_inner][\/et_pb_row_inner][et_pb_row_inner admin_label=&#8221;Row&#8221;][et_pb_column_inner type=&#8221;4_4&#8243; saved_specialty_column_type=&#8221;3_4&#8243;][et_pb_text admin_label=&#8221;Text&#8221; background_layout=&#8221;light&#8221; text_orientation=&#8221;left&#8221; use_border_color=&#8221;off&#8221; border_color=&#8221;#ffffff&#8221; border_style=&#8221;solid&#8221;]<\/p>\n<p><em>Zimska pri\u010da iz Ben\u010di\u0107a, manifestacija koja je po prvi puta odr\u017eana 2021. godine, organizira se i tre\u0107i put te nudi bogat osmodnevni program kojim \u0107e rije\u010dki kvart kulture u ovo predblagdansko vrijeme dodatno o\u017eivjeti.<\/em><\/p>\n<p>U tjednu od 15. do 22. prosinca 2023. prostor Dje\u010dje ku\u0107e, Muzeja Grada Rijeke i Muzeja moderne i suvremene umjetnosti te prostor dvori\u0161ta u \u201cBen\u010di\u0107u\u201d ispred budu\u0107e Gradske knji\u017enice Rijeka bit \u0107e popri\u0161te \u0161arolikih doga\u0111anja namijenjenih naj\u0161iroj publici te posebno djeci.<\/p>\n<p>Kreativne radionice, svirke, izlo\u017ebe, predavanja, susreti\u2026 sve \u0107e to biti dio prosina\u010dkog \u0111ira &#8220;Ben\u010di\u0107em&#8221;. I svi su pozvani do\u0107i u \u0111ir.<\/p>\n<p>Zimska pri\u010da otvara se 15. prosinca u 18.30 sati u dvori\u0161tu &#8220;Ben\u010di\u0107a&#8221; paljenjem rasvjete, showom vatrogasaca Javne vatrogasne postrojbe Grada Rijeke i nastupom Limene glazbe Trsat.<\/p>\n<p>Samom otvorenju prethodit \u0107e 12., 13. i 15. prosinca radionice animiranog filma, inspiriranog ljepotom Rijeke i naslje\u0111em Gustava Klimta, koje \u0107e se odr\u017eavati u Pala\u010di \u0161e\u0107era. Tako\u0111er, uo\u010di otvorenja Zimske pri\u010de odr\u017eavaju se i Norve\u0161ki dani u Rijeci koji uklju\u010duju blok norve\u0161kih kratkometra\u017enih filmova za djecu i projekciju filma &#8220;Kraljica plesa (Dancing Queen)&#8221; koje \u0107e se odr\u017eati u Dje\u010djoj ku\u0107i 14. prosinca te filmsku projekciju &#8220;Patke selice (Migration)&#8221;, Striborovu blablaonicu &#8220;Bo\u017ei\u0107 nam dolazi&#8221; i norve\u0161ki obiteljski kviz &#8220;Jooooj\u2026.kako se ono zove&#8221; koji \u0107e se redom odr\u017eati 15. prosinca, tako\u0111er u Dje\u010djoj ku\u0107i.<\/p>\n<p>Nakon samog otvorenja Zimske pri\u010de, u Dje\u010djoj ku\u0107i \u0107e se u 19 sati odr\u017eati projekcija filma &#8220;Wonka&#8221; te nastupi dje\u010djih plesnih skupina \u2013 Plesne radionice M, Flash Dance Unita i Plesne grupe Flame. Program je to pod nazivom &#8220;Ple\u0161emo!&#8221;<\/p>\n<p>Istoga dana u 19 sati, u Muzeju moderne i suvremene umjetnosti bit \u0107e otvorena izlo\u017eba &#8220;Vidljive&#8221; koja predstavlja vi\u0161e od pedeset autorica, a rezultat je istra\u017eivanja zastupljenosti radova umjetnica u muzejskim zbirkama.<\/p>\n<p>Nakon otvorenja, ve\u0107 od subote 16.12. pa sve do 22.12., Zimska pri\u010da donosi u Art kvart Ben\u010di\u0107 niz kreativnih radionica, radionice pisanja, filmske projekcije, buvljak, dru\u0161tvene igre i igre rje\u0161avanja zagonetki, pri\u010daonice, stru\u010dna vodstva i \u0161etnje muzejima art kvarta te pravu kvartovsku zabavu uz svakodnevni ve\u010dernji nastup DJ Mirilo.<\/p>\n<p>Pozivaju se sva djeca, roditelji, bake i djedovi da detaljan program Zimske pri\u010de iz Ben\u010di\u0107a te da se na vrijeme prijave na ona doga\u0111anja za koja je, zbog ograni\u010denog broja polaznika, nu\u017ena prethodna prijava.<\/p>\n<p>U \u010detvrtak 21.12. u sklopu Zimske pri\u010de nastupit \u0107e Pachamamma Street Connection, odr\u017eat \u0107e se i show s vatrom &#8220;Tko je ukrao Bo\u017ei\u0107&#8221;, a u petak 22.12. posjetitelje \u0107e uz pop i rock evergreene zabavljati Akusti\u010dni duo Blu: Kanu.<\/p>\n<p>Organizatori programa Zimske pri\u010de iz Ben\u010di\u0107a su gradske ustanove u kulturi: Art kino Croatia, Gradska knji\u017enica Rijeka, Gradsko kazali\u0161te lutaka Rijeka, Muzej moderne i suvremene umjetnosti i Muzej Grada Rijeke.<\/p>\n<p>Svi poru\u010duju: vidimo se u Ben\u010di\u0107u!<\/p>\n<p>Raspored i opis svih programa nalazi se na linku: <a href=\"https:\/\/djecjakuca.hr\/zimska-prica-iz-bencica-3-veselo-uz-radionice-filmove-svirku-i-zezanje\/\">https:\/\/djecjakuca.hr\/zimska-prica-iz-bencica-3-veselo-uz-radionice-filmove-svirku-i-zezanje\/<\/a><\/p>\n<p>[\/et_pb_text][\/et_pb_column_inner][\/et_pb_row_inner][\/et_pb_column][et_pb_column type=&#8221;1_4&#8243;][et_pb_text admin_label=&#8221;naslovNovosti01&#8243; global_parent=&#8221;2318&#8243; background_layout=&#8221;light&#8221; text_orientation=&#8221;left&#8221; use_border_color=&#8221;off&#8221; border_color=&#8221;#ffffff&#8221; border_style=&#8221;solid&#8221; module_id=&#8221;naslovNovosti01&#8243;]<\/p>\n<h1>Novosti<\/h1>\n<p>[\/et_pb_text][et_pb_blog admin_label=&#8221;NovostiList01&#8243; global_parent=&#8221;2318&#8243; fullwidth=&#8221;off&#8221; posts_number=&#8221;4&#8243; include_categories=&#8221;3&#8243; show_thumbnail=&#8221;on&#8221; show_content=&#8221;off&#8221; show_more=&#8221;off&#8221; show_author=&#8221;off&#8221; show_date=&#8221;off&#8221; show_categories=&#8221;off&#8221; show_comments=&#8221;off&#8221; show_pagination=&#8221;off&#8221; offset_number=&#8221;0&#8243; background_layout=&#8221;light&#8221; use_dropshadow=&#8221;off&#8221; use_border_color=&#8221;off&#8221; border_color=&#8221;#ffffff&#8221; border_style=&#8221;solid&#8221; module_id=&#8221;NovostiList01&#8243; header_font=&#8221;Open Sans||||&#8221;]<\/p>\n<p>&nbsp;<\/p>\n<p>[\/et_pb_blog][et_pb_text admin_label=&#8221;viseVijesti&#8221; global_parent=&#8221;2318&#8243; background_layout=&#8221;light&#8221; text_orientation=&#8221;left&#8221; use_border_color=&#8221;off&#8221; border_color=&#8221;#ffffff&#8221; border_style=&#8221;solid&#8221; module_id=&#8221;viseVijestiLink01&#8243; module_class=&#8221;moreLinks&#8221;]<\/p>\n<p><a href=\"\/index.php\/novosti\/\">Vi\u0161e vijesti&#8230;<\/a><\/p>\n<p>[\/et_pb_text][\/et_pb_column][\/et_pb_section]<\/p>\n","protected":false},"excerpt":{"rendered":"<p>Veselo uz radionice, filmove, svirku i zezanje<\/p>\n","protected":false},"author":1,"featured_media":15777,"comment_status":"closed","ping_status":"closed","sticky":false,"template":"","format":"standard","meta":{"spay_email":""},"categories":[3],"tags":[],"jetpack_featured_media_url":"https:\/\/www.gkl-rijeka.hr\/wp-content\/uploads\/2023\/12\/ZIMA_BENCIC_2023_8.png?wsr","yoast_head":"<!-- This site is optimized with the Yoast SEO plugin v15.1.1 - https:\/\/yoast.com\/wordpress\/plugins\/seo\/ -->\n<meta name=\"robots\" content=\"index, follow, max-snippet:-1, max-image-preview:large, max-video-preview:-1\" \/>\n<link rel=\"canonical\" href=\"https:\/\/www.gkl-rijeka.hr\/index.php\/zimska-prica-iz-bencica-3\/\" \/>\n<meta property=\"og:locale\" content=\"en_US\" \/>\n<meta property=\"og:type\" content=\"article\" \/>\n<meta property=\"og:title\" content=\"Zimska pri\u010da iz Ben\u010di\u0107a #3 - Gradsko kazali\u0161te lutaka Rijeka\" \/>\n<meta property=\"og:description\" content=\"Veselo uz radionice, filmove, svirku i zezanje\" \/>\n<meta property=\"og:url\" content=\"https:\/\/www.gkl-rijeka.hr\/index.php\/zimska-prica-iz-bencica-3\/\" \/>\n<meta property=\"og:site_name\" content=\"Gradsko kazali\u0161te lutaka Rijeka\" \/>\n<meta property=\"article:publisher\" content=\"https:\/\/www.facebook.com\/gkl.rijeka\" \/>\n<meta property=\"article:published_time\" content=\"2023-12-13T13:47:55+00:00\" \/>\n<meta property=\"article:modified_time\" content=\"2023-12-13T13:57:25+00:00\" \/>\n<meta property=\"og:image\" content=\"https:\/\/www.gkl-rijeka.hr\/wp-content\/uploads\/2023\/12\/ZIMA_BENCIC_2023_8.png?wsr\" \/>\n\t<meta property=\"og:image:width\" content=\"1200\" \/>\n\t<meta property=\"og:image:height\" content=\"628\" \/>\n<meta property=\"fb:app_id\" content=\"368762594246882\" \/>\n<meta name=\"twitter:card\" content=\"summary\" \/>\n<script type=\"application\/ld+json\" class=\"yoast-schema-graph\">{\"@context\":\"https:\/\/schema.org\",\"@graph\":[{\"@type\":\"Organization\",\"@id\":\"https:\/\/www.gkl-rijeka.hr\/#organization\",\"name\":\"Gradsko kazali\\u0161te lutaka Rijeka\",\"url\":\"https:\/\/www.gkl-rijeka.hr\/\",\"sameAs\":[\"https:\/\/www.facebook.com\/gkl.rijeka\"],\"logo\":{\"@type\":\"ImageObject\",\"@id\":\"https:\/\/www.gkl-rijeka.hr\/#logo\",\"inLanguage\":\"en-US\",\"url\":\"https:\/\/www.gkl-rijeka.hr\/wp-content\/uploads\/2020\/10\/logo_boja_01.png?wsr\",\"width\":209,\"height\":280,\"caption\":\"Gradsko kazali\\u0161te lutaka Rijeka\"},\"image\":{\"@id\":\"https:\/\/www.gkl-rijeka.hr\/#logo\"}},{\"@type\":\"WebSite\",\"@id\":\"https:\/\/www.gkl-rijeka.hr\/#website\",\"url\":\"https:\/\/www.gkl-rijeka.hr\/\",\"name\":\"Gradsko kazali\\u0161te lutaka Rijeka\",\"description\":\"\",\"publisher\":{\"@id\":\"https:\/\/www.gkl-rijeka.hr\/#organization\"},\"potentialAction\":[{\"@type\":\"SearchAction\",\"target\":\"https:\/\/www.gkl-rijeka.hr\/?s={search_term_string}\",\"query-input\":\"required name=search_term_string\"}],\"inLanguage\":\"en-US\"},{\"@type\":\"ImageObject\",\"@id\":\"https:\/\/www.gkl-rijeka.hr\/index.php\/zimska-prica-iz-bencica-3\/#primaryimage\",\"inLanguage\":\"en-US\",\"url\":\"https:\/\/www.gkl-rijeka.hr\/wp-content\/uploads\/2023\/12\/ZIMA_BENCIC_2023_8.png?wsr\",\"width\":1200,\"height\":628},{\"@type\":\"WebPage\",\"@id\":\"https:\/\/www.gkl-rijeka.hr\/index.php\/zimska-prica-iz-bencica-3\/#webpage\",\"url\":\"https:\/\/www.gkl-rijeka.hr\/index.php\/zimska-prica-iz-bencica-3\/\",\"name\":\"Zimska pri\\u010da iz Ben\\u010di\\u0107a #3 - Gradsko kazali\\u0161te lutaka Rijeka\",\"isPartOf\":{\"@id\":\"https:\/\/www.gkl-rijeka.hr\/#website\"},\"primaryImageOfPage\":{\"@id\":\"https:\/\/www.gkl-rijeka.hr\/index.php\/zimska-prica-iz-bencica-3\/#primaryimage\"},\"datePublished\":\"2023-12-13T13:47:55+00:00\",\"dateModified\":\"2023-12-13T13:57:25+00:00\",\"inLanguage\":\"en-US\",\"potentialAction\":[{\"@type\":\"ReadAction\",\"target\":[\"https:\/\/www.gkl-rijeka.hr\/index.php\/zimska-prica-iz-bencica-3\/\"]}]},{\"@type\":\"Article\",\"@id\":\"https:\/\/www.gkl-rijeka.hr\/index.php\/zimska-prica-iz-bencica-3\/#article\",\"isPartOf\":{\"@id\":\"https:\/\/www.gkl-rijeka.hr\/index.php\/zimska-prica-iz-bencica-3\/#webpage\"},\"author\":{\"@id\":\"https:\/\/www.gkl-rijeka.hr\/#\/schema\/person\/3d9f7620db983ddf36e45ccae28c8651\"},\"headline\":\"Zimska pri\\u010da iz Ben\\u010di\\u0107a #3\",\"datePublished\":\"2023-12-13T13:47:55+00:00\",\"dateModified\":\"2023-12-13T13:57:25+00:00\",\"mainEntityOfPage\":{\"@id\":\"https:\/\/www.gkl-rijeka.hr\/index.php\/zimska-prica-iz-bencica-3\/#webpage\"},\"publisher\":{\"@id\":\"https:\/\/www.gkl-rijeka.hr\/#organization\"},\"image\":{\"@id\":\"https:\/\/www.gkl-rijeka.hr\/index.php\/zimska-prica-iz-bencica-3\/#primaryimage\"},\"articleSection\":\"Novosti\",\"inLanguage\":\"en-US\"},{\"@type\":\"Person\",\"@id\":\"https:\/\/www.gkl-rijeka.hr\/#\/schema\/person\/3d9f7620db983ddf36e45ccae28c8651\",\"name\":\"Marin\",\"image\":{\"@type\":\"ImageObject\",\"@id\":\"https:\/\/www.gkl-rijeka.hr\/#personlogo\",\"inLanguage\":\"en-US\",\"url\":\"https:\/\/secure.gravatar.com\/avatar\/9ba8e90e29bf7b5691a75673ed86bcba?s=96&d=mm&r=g\",\"caption\":\"Marin\"}}]}<\/script>\n<!-- \/ Yoast SEO plugin. -->","_links":{"self":[{"href":"https:\/\/www.gkl-rijeka.hr\/index.php\/wp-json\/wp\/v2\/posts\/15776"}],"collection":[{"href":"https:\/\/www.gkl-rijeka.hr\/index.php\/wp-json\/wp\/v2\/posts"}],"about":[{"href":"https:\/\/www.gkl-rijeka.hr\/index.php\/wp-json\/wp\/v2\/types\/post"}],"author":[{"embeddable":true,"href":"https:\/\/www.gkl-rijeka.hr\/index.php\/wp-json\/wp\/v2\/users\/1"}],"replies":[{"embeddable":true,"href":"https:\/\/www.gkl-rijeka.hr\/index.php\/wp-json\/wp\/v2\/comments?post=15776"}],"version-history":[{"count":2,"href":"https:\/\/www.gkl-rijeka.hr\/index.php\/wp-json\/wp\/v2\/posts\/15776\/revisions"}],"predecessor-version":[{"id":15779,"href":"https:\/\/www.gkl-rijeka.hr\/index.php\/wp-json\/wp\/v2\/posts\/15776\/revisions\/15779"}],"wp:featuredmedia":[{"embeddable":true,"href":"https:\/\/www.gkl-rijeka.hr\/index.php\/wp-json\/wp\/v2\/media\/15777"}],"wp:attachment":[{"href":"https:\/\/www.gkl-rijeka.hr\/index.php\/wp-json\/wp\/v2\/media?parent=15776"}],"wp:term":[{"taxonomy":"category","embeddable":true,"href":"https:\/\/www.gkl-rijeka.hr\/index.php\/wp-json\/wp\/v2\/categories?post=15776"},{"taxonomy":"post_tag","embeddable":true,"href":"https:\/\/www.gkl-rijeka.hr\/index.php\/wp-json\/wp\/v2\/tags?post=15776"}],"curies":[{"name":"wp","href":"https:\/\/api.w.org\/{rel}","templated":true}]}}