{"id":15791,"date":"2023-12-15T11:54:59","date_gmt":"2023-12-15T11:54:59","guid":{"rendered":"https:\/\/www.gkl-rijeka.hr\/?p=15791"},"modified":"2023-12-15T11:54:59","modified_gmt":"2023-12-15T11:54:59","slug":"izgubljena-prica-ivica-i-marica-umjesto-predstave-avanture-maloga-juju","status":"publish","type":"post","link":"https:\/\/www.gkl-rijeka.hr\/index.php\/izgubljena-prica-ivica-i-marica-umjesto-predstave-avanture-maloga-juju\/","title":{"rendered":"\u201eIzgubljena pri\u010da: Ivica i Marica\u201c umjesto predstave \u201eAvanture maloga Juju\u201c"},"content":{"rendered":"<p>[et_pb_section admin_label=&#8221;Section&#8221; fullwidth=&#8221;off&#8221; specialty=&#8221;on&#8221; transparent_background=&#8221;off&#8221; allow_player_pause=&#8221;off&#8221; inner_shadow=&#8221;off&#8221; parallax=&#8221;off&#8221; parallax_method=&#8221;off&#8221; padding_mobile=&#8221;off&#8221; make_fullwidth=&#8221;off&#8221; use_custom_width=&#8221;off&#8221; width_unit=&#8221;on&#8221; make_equal=&#8221;off&#8221; use_custom_gutter=&#8221;off&#8221; module_id=&#8221;specialtySectionPIN&#8221;][et_pb_column type=&#8221;3_4&#8243; specialty_columns=&#8221;3&#8243;][et_pb_row_inner admin_label=&#8221;Row&#8221; padding_mobile=&#8221;off&#8221; use_custom_gutter=&#8221;off&#8221; column_padding_mobile=&#8221;on&#8221; make_equal=&#8221;off&#8221;][et_pb_column_inner type=&#8221;4_4&#8243; saved_specialty_column_type=&#8221;3_4&#8243;][et_pb_post_title admin_label=&#8221;Naslov&#8221; title=&#8221;on&#8221; meta=&#8221;off&#8221; author=&#8221;on&#8221; date=&#8221;on&#8221; categories=&#8221;on&#8221; comments=&#8221;on&#8221; featured_image=&#8221;off&#8221; featured_placement=&#8221;below&#8221; parallax_effect=&#8221;on&#8221; parallax_method=&#8221;on&#8221; text_orientation=&#8221;left&#8221; text_color=&#8221;dark&#8221; text_background=&#8221;off&#8221; text_bg_color=&#8221;rgba(255,255,255,0.9)&#8221; module_bg_color=&#8221;rgba(255,255,255,0)&#8221; title_font_size=&#8221;42px&#8221; title_all_caps=&#8221;off&#8221; use_border_color=&#8221;off&#8221; border_color=&#8221;#ffffff&#8221; border_style=&#8221;solid&#8221;]<\/p>\n<p>&nbsp;<\/p>\n<p>[\/et_pb_post_title][et_pb_text admin_label=&#8221;Featured Image&#8221; background_layout=&#8221;light&#8221; text_orientation=&#8221;left&#8221; module_id=&#8221;#featuredImageNovosti&#8221; use_border_color=&#8221;off&#8221; border_color=&#8221;#ffffff&#8221; border_style=&#8221;solid&#8221;]  <div id='featured-img-id'><img src='https:\/\/www.gkl-rijeka.hr\/wp-content\/uploads\/2021\/05\/Ivica-i-Marica-GKL-Rijeka.jpg?wsr' \/><\/div> [\/et_pb_text][\/et_pb_column_inner][\/et_pb_row_inner][et_pb_row_inner admin_label=&#8221;Row&#8221;][et_pb_column_inner type=&#8221;4_4&#8243; saved_specialty_column_type=&#8221;3_4&#8243;][et_pb_text admin_label=&#8221;Text&#8221; background_layout=&#8221;light&#8221; text_orientation=&#8221;left&#8221; use_border_color=&#8221;off&#8221; border_color=&#8221;#ffffff&#8221; border_style=&#8221;solid&#8221;]<\/p>\n<p>Zbog smrtnog slu\u010daja u obitelji glumca, predstava \u201eAvanture maloga Juju\u201c autorica Ivane \u0110ule i Milice Sinkauz (prema stihovima i skladbi istoimene pjesme autora \u017darka Roje i Petra Bergama) te Renate Carole Gatice ne\u0107e biti odr\u017eana sutra, u subotu, 16. prosinca u 11:00 i 18:00 sati.<\/p>\n<p>Umjesto navedene predstave, u istim terminima na repertoar Gradskog kazali\u0161ta lutaka Rijeka bit \u0107e postavljena predstava \u201eIzgubljena pri\u010da: Ivica i Marica\u201c autorice Vedrane Balen Spin\u010di\u0107 (prema bra\u0107i Grimm) i redatelja Ser\u0111a Dla\u010di\u0107a.<\/p>\n<p>Kazali\u0161te moli da se publika s kupljenim ili rezerviranim ulaznicama za predstavu \u201eAvanture maloga Juju\u201d javi na Blagajnu &#8211; <a href=\"mailto:blagajna.gklri@gmail.com\">blagajna.gklri@gmail.com<\/a> radi povrata novca ili zamjenske rezervacije.<\/p>\n<p>Ulaznice za predstavu \u201eIzgubljena pri\u010da: Ivica i Marica\u201c mogu se kupiti u webshopu Kazali\u0161ta te na portalu Mojekarte.hr ili rezervirati i kupiti na blagajni Kazali\u0161ta (<a href=\"mailto:blagajna.gklri@gmail.com\">blagajna.gklri@gmail.com<\/a>, Bla\u017ea Poli\u0107a 3b) sat vremena prije po\u010detka izvedbe.<\/p>\n<p>Rije\u010dki lutkari zahvaljuju na razumijevanju!<\/p>\n<p>[\/et_pb_text][\/et_pb_column_inner][\/et_pb_row_inner][\/et_pb_column][et_pb_column type=&#8221;1_4&#8243;][et_pb_text admin_label=&#8221;naslovNovosti01&#8243; global_parent=&#8221;2318&#8243; background_layout=&#8221;light&#8221; text_orientation=&#8221;left&#8221; use_border_color=&#8221;off&#8221; border_color=&#8221;#ffffff&#8221; border_style=&#8221;solid&#8221; module_id=&#8221;naslovNovosti01&#8243;]<\/p>\n<h1>Novosti<\/h1>\n<p>[\/et_pb_text][et_pb_blog admin_label=&#8221;NovostiList01&#8243; global_parent=&#8221;2318&#8243; fullwidth=&#8221;off&#8221; posts_number=&#8221;4&#8243; include_categories=&#8221;3&#8243; show_thumbnail=&#8221;on&#8221; show_content=&#8221;off&#8221; show_more=&#8221;off&#8221; show_author=&#8221;off&#8221; show_date=&#8221;off&#8221; show_categories=&#8221;off&#8221; show_comments=&#8221;off&#8221; show_pagination=&#8221;off&#8221; offset_number=&#8221;0&#8243; background_layout=&#8221;light&#8221; use_dropshadow=&#8221;off&#8221; use_border_color=&#8221;off&#8221; border_color=&#8221;#ffffff&#8221; border_style=&#8221;solid&#8221; module_id=&#8221;NovostiList01&#8243; header_font=&#8221;Open Sans||||&#8221;]<\/p>\n<p>&nbsp;<\/p>\n<p>[\/et_pb_blog][et_pb_text admin_label=&#8221;viseVijesti&#8221; global_parent=&#8221;2318&#8243; background_layout=&#8221;light&#8221; text_orientation=&#8221;left&#8221; use_border_color=&#8221;off&#8221; border_color=&#8221;#ffffff&#8221; border_style=&#8221;solid&#8221; module_id=&#8221;viseVijestiLink01&#8243; module_class=&#8221;moreLinks&#8221;]<\/p>\n<p><a href=\"\/index.php\/novosti\/\">Vi\u0161e vijesti&#8230;<\/a><\/p>\n<p>[\/et_pb_text][\/et_pb_column][\/et_pb_section]<\/p>\n","protected":false},"excerpt":{"rendered":"<p>16. prosinca 2023. u 11:00 i 18:00 sati<\/p>\n","protected":false},"author":1,"featured_media":11569,"comment_status":"closed","ping_status":"closed","sticky":false,"template":"","format":"standard","meta":{"spay_email":""},"categories":[3],"tags":[],"jetpack_featured_media_url":"https:\/\/www.gkl-rijeka.hr\/wp-content\/uploads\/2021\/05\/Ivica-i-Marica-GKL-Rijeka.jpg?wsr","yoast_head":"<!-- This site is optimized with the Yoast SEO plugin v15.1.1 - https:\/\/yoast.com\/wordpress\/plugins\/seo\/ -->\n<meta name=\"robots\" content=\"index, follow, max-snippet:-1, max-image-preview:large, max-video-preview:-1\" \/>\n<link rel=\"canonical\" href=\"https:\/\/www.gkl-rijeka.hr\/index.php\/izgubljena-prica-ivica-i-marica-umjesto-predstave-avanture-maloga-juju\/\" \/>\n<meta property=\"og:locale\" content=\"en_US\" \/>\n<meta property=\"og:type\" content=\"article\" \/>\n<meta property=\"og:title\" content=\"\u201eIzgubljena pri\u010da: Ivica i Marica\u201c umjesto predstave \u201eAvanture maloga Juju\u201c - Gradsko kazali\u0161te lutaka Rijeka\" \/>\n<meta property=\"og:description\" content=\"16. prosinca 2023. u 11:00 i 18:00 sati\" \/>\n<meta property=\"og:url\" content=\"https:\/\/www.gkl-rijeka.hr\/index.php\/izgubljena-prica-ivica-i-marica-umjesto-predstave-avanture-maloga-juju\/\" \/>\n<meta property=\"og:site_name\" content=\"Gradsko kazali\u0161te lutaka Rijeka\" \/>\n<meta property=\"article:publisher\" content=\"https:\/\/www.facebook.com\/gkl.rijeka\" \/>\n<meta property=\"article:published_time\" content=\"2023-12-15T11:54:59+00:00\" \/>\n<meta property=\"og:image\" content=\"https:\/\/www.gkl-rijeka.hr\/wp-content\/uploads\/2021\/05\/Ivica-i-Marica-GKL-Rijeka.jpg?wsr\" \/>\n\t<meta property=\"og:image:width\" content=\"1208\" \/>\n\t<meta property=\"og:image:height\" content=\"800\" \/>\n<meta property=\"fb:app_id\" content=\"368762594246882\" \/>\n<meta name=\"twitter:card\" content=\"summary\" \/>\n<script type=\"application\/ld+json\" class=\"yoast-schema-graph\">{\"@context\":\"https:\/\/schema.org\",\"@graph\":[{\"@type\":\"Organization\",\"@id\":\"https:\/\/www.gkl-rijeka.hr\/#organization\",\"name\":\"Gradsko kazali\\u0161te lutaka Rijeka\",\"url\":\"https:\/\/www.gkl-rijeka.hr\/\",\"sameAs\":[\"https:\/\/www.facebook.com\/gkl.rijeka\"],\"logo\":{\"@type\":\"ImageObject\",\"@id\":\"https:\/\/www.gkl-rijeka.hr\/#logo\",\"inLanguage\":\"en-US\",\"url\":\"https:\/\/www.gkl-rijeka.hr\/wp-content\/uploads\/2020\/10\/logo_boja_01.png?wsr\",\"width\":209,\"height\":280,\"caption\":\"Gradsko kazali\\u0161te lutaka Rijeka\"},\"image\":{\"@id\":\"https:\/\/www.gkl-rijeka.hr\/#logo\"}},{\"@type\":\"WebSite\",\"@id\":\"https:\/\/www.gkl-rijeka.hr\/#website\",\"url\":\"https:\/\/www.gkl-rijeka.hr\/\",\"name\":\"Gradsko kazali\\u0161te lutaka Rijeka\",\"description\":\"\",\"publisher\":{\"@id\":\"https:\/\/www.gkl-rijeka.hr\/#organization\"},\"potentialAction\":[{\"@type\":\"SearchAction\",\"target\":\"https:\/\/www.gkl-rijeka.hr\/?s={search_term_string}\",\"query-input\":\"required name=search_term_string\"}],\"inLanguage\":\"en-US\"},{\"@type\":\"ImageObject\",\"@id\":\"https:\/\/www.gkl-rijeka.hr\/index.php\/izgubljena-prica-ivica-i-marica-umjesto-predstave-avanture-maloga-juju\/#primaryimage\",\"inLanguage\":\"en-US\",\"url\":\"https:\/\/www.gkl-rijeka.hr\/wp-content\/uploads\/2021\/05\/Ivica-i-Marica-GKL-Rijeka.jpg?wsr\",\"width\":1208,\"height\":800},{\"@type\":\"WebPage\",\"@id\":\"https:\/\/www.gkl-rijeka.hr\/index.php\/izgubljena-prica-ivica-i-marica-umjesto-predstave-avanture-maloga-juju\/#webpage\",\"url\":\"https:\/\/www.gkl-rijeka.hr\/index.php\/izgubljena-prica-ivica-i-marica-umjesto-predstave-avanture-maloga-juju\/\",\"name\":\"\\u201eIzgubljena pri\\u010da: Ivica i Marica\\u201c umjesto predstave \\u201eAvanture maloga Juju\\u201c - Gradsko kazali\\u0161te lutaka Rijeka\",\"isPartOf\":{\"@id\":\"https:\/\/www.gkl-rijeka.hr\/#website\"},\"primaryImageOfPage\":{\"@id\":\"https:\/\/www.gkl-rijeka.hr\/index.php\/izgubljena-prica-ivica-i-marica-umjesto-predstave-avanture-maloga-juju\/#primaryimage\"},\"datePublished\":\"2023-12-15T11:54:59+00:00\",\"dateModified\":\"2023-12-15T11:54:59+00:00\",\"inLanguage\":\"en-US\",\"potentialAction\":[{\"@type\":\"ReadAction\",\"target\":[\"https:\/\/www.gkl-rijeka.hr\/index.php\/izgubljena-prica-ivica-i-marica-umjesto-predstave-avanture-maloga-juju\/\"]}]},{\"@type\":\"Article\",\"@id\":\"https:\/\/www.gkl-rijeka.hr\/index.php\/izgubljena-prica-ivica-i-marica-umjesto-predstave-avanture-maloga-juju\/#article\",\"isPartOf\":{\"@id\":\"https:\/\/www.gkl-rijeka.hr\/index.php\/izgubljena-prica-ivica-i-marica-umjesto-predstave-avanture-maloga-juju\/#webpage\"},\"author\":{\"@id\":\"https:\/\/www.gkl-rijeka.hr\/#\/schema\/person\/3d9f7620db983ddf36e45ccae28c8651\"},\"headline\":\"\\u201eIzgubljena pri\\u010da: Ivica i Marica\\u201c umjesto predstave \\u201eAvanture maloga Juju\\u201c\",\"datePublished\":\"2023-12-15T11:54:59+00:00\",\"dateModified\":\"2023-12-15T11:54:59+00:00\",\"mainEntityOfPage\":{\"@id\":\"https:\/\/www.gkl-rijeka.hr\/index.php\/izgubljena-prica-ivica-i-marica-umjesto-predstave-avanture-maloga-juju\/#webpage\"},\"publisher\":{\"@id\":\"https:\/\/www.gkl-rijeka.hr\/#organization\"},\"image\":{\"@id\":\"https:\/\/www.gkl-rijeka.hr\/index.php\/izgubljena-prica-ivica-i-marica-umjesto-predstave-avanture-maloga-juju\/#primaryimage\"},\"articleSection\":\"Novosti\",\"inLanguage\":\"en-US\"},{\"@type\":\"Person\",\"@id\":\"https:\/\/www.gkl-rijeka.hr\/#\/schema\/person\/3d9f7620db983ddf36e45ccae28c8651\",\"name\":\"Marin\",\"image\":{\"@type\":\"ImageObject\",\"@id\":\"https:\/\/www.gkl-rijeka.hr\/#personlogo\",\"inLanguage\":\"en-US\",\"url\":\"https:\/\/secure.gravatar.com\/avatar\/9ba8e90e29bf7b5691a75673ed86bcba?s=96&d=mm&r=g\",\"caption\":\"Marin\"}}]}<\/script>\n<!-- \/ Yoast SEO plugin. -->","_links":{"self":[{"href":"https:\/\/www.gkl-rijeka.hr\/index.php\/wp-json\/wp\/v2\/posts\/15791"}],"collection":[{"href":"https:\/\/www.gkl-rijeka.hr\/index.php\/wp-json\/wp\/v2\/posts"}],"about":[{"href":"https:\/\/www.gkl-rijeka.hr\/index.php\/wp-json\/wp\/v2\/types\/post"}],"author":[{"embeddable":true,"href":"https:\/\/www.gkl-rijeka.hr\/index.php\/wp-json\/wp\/v2\/users\/1"}],"replies":[{"embeddable":true,"href":"https:\/\/www.gkl-rijeka.hr\/index.php\/wp-json\/wp\/v2\/comments?post=15791"}],"version-history":[{"count":1,"href":"https:\/\/www.gkl-rijeka.hr\/index.php\/wp-json\/wp\/v2\/posts\/15791\/revisions"}],"predecessor-version":[{"id":15792,"href":"https:\/\/www.gkl-rijeka.hr\/index.php\/wp-json\/wp\/v2\/posts\/15791\/revisions\/15792"}],"wp:featuredmedia":[{"embeddable":true,"href":"https:\/\/www.gkl-rijeka.hr\/index.php\/wp-json\/wp\/v2\/media\/11569"}],"wp:attachment":[{"href":"https:\/\/www.gkl-rijeka.hr\/index.php\/wp-json\/wp\/v2\/media?parent=15791"}],"wp:term":[{"taxonomy":"category","embeddable":true,"href":"https:\/\/www.gkl-rijeka.hr\/index.php\/wp-json\/wp\/v2\/categories?post=15791"},{"taxonomy":"post_tag","embeddable":true,"href":"https:\/\/www.gkl-rijeka.hr\/index.php\/wp-json\/wp\/v2\/tags?post=15791"}],"curies":[{"name":"wp","href":"https:\/\/api.w.org\/{rel}","templated":true}]}}