{"id":15858,"date":"2024-02-06T15:32:49","date_gmt":"2024-02-06T15:32:49","guid":{"rendered":"https:\/\/www.gkl-rijeka.hr\/?p=15858"},"modified":"2024-02-06T15:32:49","modified_gmt":"2024-02-06T15:32:49","slug":"najavljena-jedinstvena-bomboniera-variete","status":"publish","type":"post","link":"https:\/\/www.gkl-rijeka.hr\/index.php\/najavljena-jedinstvena-bomboniera-variete\/","title":{"rendered":"Najavljena jedinstvena \u201eBomboniera variete!\u201c"},"content":{"rendered":"<p>[et_pb_section admin_label=&#8221;Section&#8221; fullwidth=&#8221;off&#8221; specialty=&#8221;on&#8221; transparent_background=&#8221;off&#8221; allow_player_pause=&#8221;off&#8221; inner_shadow=&#8221;off&#8221; parallax=&#8221;off&#8221; parallax_method=&#8221;off&#8221; padding_mobile=&#8221;off&#8221; make_fullwidth=&#8221;off&#8221; use_custom_width=&#8221;off&#8221; width_unit=&#8221;on&#8221; make_equal=&#8221;off&#8221; use_custom_gutter=&#8221;off&#8221; module_id=&#8221;specialtySectionPIN&#8221;][et_pb_column type=&#8221;3_4&#8243; specialty_columns=&#8221;3&#8243;][et_pb_row_inner admin_label=&#8221;Row&#8221; padding_mobile=&#8221;off&#8221; use_custom_gutter=&#8221;off&#8221; column_padding_mobile=&#8221;on&#8221; make_equal=&#8221;off&#8221;][et_pb_column_inner type=&#8221;4_4&#8243; saved_specialty_column_type=&#8221;3_4&#8243;][et_pb_post_title admin_label=&#8221;Naslov&#8221; title=&#8221;on&#8221; meta=&#8221;off&#8221; author=&#8221;on&#8221; date=&#8221;on&#8221; categories=&#8221;on&#8221; comments=&#8221;on&#8221; featured_image=&#8221;off&#8221; featured_placement=&#8221;below&#8221; parallax_effect=&#8221;on&#8221; parallax_method=&#8221;on&#8221; text_orientation=&#8221;left&#8221; text_color=&#8221;dark&#8221; text_background=&#8221;off&#8221; text_bg_color=&#8221;rgba(255,255,255,0.9)&#8221; module_bg_color=&#8221;rgba(255,255,255,0)&#8221; title_font_size=&#8221;42px&#8221; title_all_caps=&#8221;off&#8221; use_border_color=&#8221;off&#8221; border_color=&#8221;#ffffff&#8221; border_style=&#8221;solid&#8221;]<\/p>\n<p>&nbsp;<\/p>\n<p>[\/et_pb_post_title][et_pb_text admin_label=&#8221;Featured Image&#8221; background_layout=&#8221;light&#8221; text_orientation=&#8221;left&#8221; module_id=&#8221;#featuredImageNovosti&#8221; use_border_color=&#8221;off&#8221; border_color=&#8221;#ffffff&#8221; border_style=&#8221;solid&#8221;]<\/p>\n <div id='featured-img-id'><img src='https:\/\/www.gkl-rijeka.hr\/wp-content\/uploads\/2024\/02\/Bomboniere_012-scaled.jpg?wsr' \/><\/div>\n<p>[\/et_pb_text][\/et_pb_column_inner][\/et_pb_row_inner][et_pb_row_inner admin_label=&#8221;Row&#8221;][et_pb_column_inner type=&#8221;4_4&#8243; saved_specialty_column_type=&#8221;3_4&#8243;][et_pb_text admin_label=&#8221;Text&#8221; background_layout=&#8221;light&#8221; text_orientation=&#8221;left&#8221; use_border_color=&#8221;off&#8221; border_color=&#8221;#ffffff&#8221; border_style=&#8221;solid&#8221;]<\/p>\n<p>U Gradskom kazali\u0161tu lutaka Rijeka danas, 6. velja\u010de 2024. najavljena je nova predstava rije\u010dkih lutkara u stilu predmetno-glazbenog cabareta \u2013 \u201eBomboniera Variete!\u201c autora, redatelja i skladatelja Matije Solcea, koja \u0107e premijerno biti prikazana u \u010detvrtak, 8. velja\u010de 2024. u 18 sati. Uz Matiju Solcea, konferenciji za medije prisustvovali su i ravnateljica Gradskog kazali\u0161ta lutaka Rijeka Magdalena Lupi Alvir, koja je u ovoj predstavi i dramatur\u0161ka suradnica, kreator objekata i lutaka, scenograf i kostimograf i oblikovatelj svjetla Toma\u0161 \u017di\u017eka te glumci Kazali\u0161ta i koautori izvedbenog materijala Petra \u0160arac, Andrea \u0160pindel, Tilen Ko\u017eamelj, Damir Orli\u0107 i David Petrovi\u0107.<\/p>\n<p>\u201eKoriste\u0107i u naslovu nekada\u0161nji stari naziv dana\u0161njeg kazali\u0161ta lutaka, ovaj \u010dudnovati lutkarski varijete u svome ludom putovanju kroz prostor i vrijeme inspiriran je gradom Rijekom i njegovim ljudima te sje\u0107anjima lutkarskog kazali\u0161ta s po\u010detaka lutkarstva u Rijeci, od marionetnog teatra Lukezi\u0107a iz Fiume do lutka legendarnog Juri\u0107a sa Su\u0161aka\u201c, kazala je Magdalena Lupi Alvir.<\/p>\n<p>Predstava nema namjeru rekonstruirati povijesno-dokumentarne \u010dinjenice o na\u0161em gradu, ve\u0107 ispisati vlastiti imaginativni svijet u kojemu se isprepli\u0107u prizori sje\u0107anja i \u017eelja iz djetinjstva glumaca s izmi\u0161ljenim ili stvarnim doga\u0111ajima i ljudima, spajaju\u0107i tako pro\u0161lost i sada\u0161njost, fikciju i zbilju. To\u010dnije, ranije navedeni glumci-lutkari svoja su sje\u0107anja iz djetinjstva isprepreli s povije\u0161\u0107u Rijeke, njezinih ljudi, ulica, kulturnih i jezi\u010dnih posebnosti. U igri \u201ekola sre\u0107e\u201c pred gledateljima se vrte dinami\u010dni prizori u raznolikim lutkarskim formama \u2013 od teatra sjena, ru\u010dnih, plo\u0161nih lutaka, do uzbudljivog teatra objekata kojega \u010dine obi\u010dni uporabni ili pak odba\u010deni predmeti, a sve uz glazbu i zvukove izvo\u0111ene u\u017eivo. Scena i gledali\u0161te Kazali\u0161ta ovdje su svojevrsna kutija bomboniere razli\u010ditih okusa, s kojom mo\u017eemo usporediti \u017eivot, sladak, gorak, papren&#8230;<\/p>\n<p>Kako je poru\u010dio Matija Solce, ova glazbeno-kazali\u0161na kompozicija obra\u0107a se i mladom i odraslom gledatelju koji je u potpunosti uklju\u010den u igru. Glumci-lutkari ove neobi\u010dne predstave upravo su to i istaknuli \u2013 lutkarstvo nije, odnosno ne mora biti, samo za malu i malo ve\u0107u djecu ve\u0107 i za mlade i odrasle gledatelje koji kroz lutkarsku umjetnost mogu upoznavati i istra\u017eivati svijet oko sebe, od kazali\u0161ta do pa na dalje. I zato su na ovu predstavu pozvani svi stariji od 8 godina!<\/p>\n<p>U svome radu Matija Solce, glasoviti lutkar i redatelj, ali prije svega glazbenik, istra\u017euje intrigantan odnos izme\u0111u lutke, glumca, teatra objekata i same glazbe, na \u010demu zasniva i ovaj cabaret u suradnji s profesorom Toma\u0161em \u017di\u017ekom koji je od naizgled nepotrebnih predmeta, mo\u017eda i starih i odba\u010denih, stvorio objekte i lutke za predstavu te cjelokupnu scenu koja ve\u0107 na prvi pogled otkriva za\u010dudnost ovoga projekta. Specifi\u010dni su i kostimi u kojima \u0107e glumci-lutkari iznijeti cijelu predstavu, kao i svjetlosne izmjene oblikovane zajedno s majstorom rasvjete Kazali\u0161ta Sanjinom Ser\u0161i\u0107em.<\/p>\n<p>Ovo je druga premijerna predstava rije\u010dkih lutkara u sezoni 2023.\/2024., a kao \u0161to je ve\u0107 re\u010deno, premijerna izvedba planirana je za \u010detvrtak, 8. velja\u010de u 18 sati, a premijera II za petak, 9. velja\u010de u 18 sati. Predstava \u0107e dalje igrati u standardnim terminima za gra\u0111anstvo \u2013 slobodnu prodaju, a ulaznice se mogu kupiti putem webshopa Kazali\u0161ta, portala Mojekarte.hr ili na blagajni Kazali\u0161ta uz prethodnu rezervaciju. Vi\u0161e informacija dostupno je na slu\u017ebenoj web stranici Kazali\u0161ta \u2013 www.gkl-rijeka.hr<\/p>\n<p>Vidimo se na planetu Brajda!<\/p>\n<p>[\/et_pb_text][\/et_pb_column_inner][\/et_pb_row_inner][\/et_pb_column][et_pb_column type=&#8221;1_4&#8243;][et_pb_text admin_label=&#8221;naslovNovosti01&#8243; global_parent=&#8221;2318&#8243; background_layout=&#8221;light&#8221; text_orientation=&#8221;left&#8221; use_border_color=&#8221;off&#8221; border_color=&#8221;#ffffff&#8221; border_style=&#8221;solid&#8221; module_id=&#8221;naslovNovosti01&#8243;]<\/p>\n<h1>Novosti<\/h1>\n<p>[\/et_pb_text][et_pb_blog admin_label=&#8221;NovostiList01&#8243; global_parent=&#8221;2318&#8243; fullwidth=&#8221;off&#8221; posts_number=&#8221;4&#8243; include_categories=&#8221;3&#8243; show_thumbnail=&#8221;on&#8221; show_content=&#8221;off&#8221; show_more=&#8221;off&#8221; show_author=&#8221;off&#8221; show_date=&#8221;off&#8221; show_categories=&#8221;off&#8221; show_comments=&#8221;off&#8221; show_pagination=&#8221;off&#8221; offset_number=&#8221;0&#8243; background_layout=&#8221;light&#8221; use_dropshadow=&#8221;off&#8221; use_border_color=&#8221;off&#8221; border_color=&#8221;#ffffff&#8221; border_style=&#8221;solid&#8221; module_id=&#8221;NovostiList01&#8243; header_font=&#8221;Open Sans||||&#8221;]<\/p>\n<p>&nbsp;<\/p>\n<p>[\/et_pb_blog][et_pb_text admin_label=&#8221;viseVijesti&#8221; global_parent=&#8221;2318&#8243; background_layout=&#8221;light&#8221; text_orientation=&#8221;left&#8221; use_border_color=&#8221;off&#8221; border_color=&#8221;#ffffff&#8221; border_style=&#8221;solid&#8221; module_id=&#8221;viseVijestiLink01&#8243; module_class=&#8221;moreLinks&#8221;]<\/p>\n<p><a href=\"\/index.php\/novosti\/\">Vi\u0161e vijesti&#8230;<\/a><\/p>\n<p>[\/et_pb_text][\/et_pb_column][\/et_pb_section]<\/p>\n","protected":false},"excerpt":{"rendered":"<p>Premijera: 8. velja\u010de 2024.<br \/>\nPremijera II: 9. velja\u010de 2024.  <\/p>\n","protected":false},"author":1,"featured_media":15859,"comment_status":"closed","ping_status":"closed","sticky":false,"template":"","format":"standard","meta":{"spay_email":""},"categories":[3],"tags":[],"jetpack_featured_media_url":"https:\/\/www.gkl-rijeka.hr\/wp-content\/uploads\/2024\/02\/Bomboniere_012-scaled.jpg?wsr","yoast_head":"<!-- This site is optimized with the Yoast SEO plugin v15.1.1 - https:\/\/yoast.com\/wordpress\/plugins\/seo\/ -->\n<meta name=\"robots\" content=\"index, follow, max-snippet:-1, max-image-preview:large, max-video-preview:-1\" \/>\n<link rel=\"canonical\" href=\"https:\/\/www.gkl-rijeka.hr\/index.php\/najavljena-jedinstvena-bomboniera-variete\/\" \/>\n<meta property=\"og:locale\" content=\"en_US\" \/>\n<meta property=\"og:type\" content=\"article\" \/>\n<meta property=\"og:title\" content=\"Najavljena jedinstvena \u201eBomboniera variete!\u201c - Gradsko kazali\u0161te lutaka Rijeka\" \/>\n<meta property=\"og:description\" content=\"Premijera: 8. velja\u010de 2024. Premijera II: 9. velja\u010de 2024.\" \/>\n<meta property=\"og:url\" content=\"https:\/\/www.gkl-rijeka.hr\/index.php\/najavljena-jedinstvena-bomboniera-variete\/\" \/>\n<meta property=\"og:site_name\" content=\"Gradsko kazali\u0161te lutaka Rijeka\" \/>\n<meta property=\"article:publisher\" content=\"https:\/\/www.facebook.com\/gkl.rijeka\" \/>\n<meta property=\"article:published_time\" content=\"2024-02-06T15:32:49+00:00\" \/>\n<meta property=\"og:image\" content=\"https:\/\/www.gkl-rijeka.hr\/wp-content\/uploads\/2024\/02\/Bomboniere_012-scaled.jpg?wsr\" \/>\n\t<meta property=\"og:image:width\" content=\"2560\" \/>\n\t<meta property=\"og:image:height\" content=\"1707\" \/>\n<meta property=\"fb:app_id\" content=\"368762594246882\" \/>\n<meta name=\"twitter:card\" content=\"summary\" \/>\n<script type=\"application\/ld+json\" class=\"yoast-schema-graph\">{\"@context\":\"https:\/\/schema.org\",\"@graph\":[{\"@type\":\"Organization\",\"@id\":\"https:\/\/www.gkl-rijeka.hr\/#organization\",\"name\":\"Gradsko kazali\\u0161te lutaka Rijeka\",\"url\":\"https:\/\/www.gkl-rijeka.hr\/\",\"sameAs\":[\"https:\/\/www.facebook.com\/gkl.rijeka\"],\"logo\":{\"@type\":\"ImageObject\",\"@id\":\"https:\/\/www.gkl-rijeka.hr\/#logo\",\"inLanguage\":\"en-US\",\"url\":\"https:\/\/www.gkl-rijeka.hr\/wp-content\/uploads\/2020\/10\/logo_boja_01.png?wsr\",\"width\":209,\"height\":280,\"caption\":\"Gradsko kazali\\u0161te lutaka Rijeka\"},\"image\":{\"@id\":\"https:\/\/www.gkl-rijeka.hr\/#logo\"}},{\"@type\":\"WebSite\",\"@id\":\"https:\/\/www.gkl-rijeka.hr\/#website\",\"url\":\"https:\/\/www.gkl-rijeka.hr\/\",\"name\":\"Gradsko kazali\\u0161te lutaka Rijeka\",\"description\":\"\",\"publisher\":{\"@id\":\"https:\/\/www.gkl-rijeka.hr\/#organization\"},\"potentialAction\":[{\"@type\":\"SearchAction\",\"target\":\"https:\/\/www.gkl-rijeka.hr\/?s={search_term_string}\",\"query-input\":\"required name=search_term_string\"}],\"inLanguage\":\"en-US\"},{\"@type\":\"ImageObject\",\"@id\":\"https:\/\/www.gkl-rijeka.hr\/index.php\/najavljena-jedinstvena-bomboniera-variete\/#primaryimage\",\"inLanguage\":\"en-US\",\"url\":\"https:\/\/www.gkl-rijeka.hr\/wp-content\/uploads\/2024\/02\/Bomboniere_012-scaled.jpg?wsr\",\"width\":2560,\"height\":1707},{\"@type\":\"WebPage\",\"@id\":\"https:\/\/www.gkl-rijeka.hr\/index.php\/najavljena-jedinstvena-bomboniera-variete\/#webpage\",\"url\":\"https:\/\/www.gkl-rijeka.hr\/index.php\/najavljena-jedinstvena-bomboniera-variete\/\",\"name\":\"Najavljena jedinstvena \\u201eBomboniera variete!\\u201c - Gradsko kazali\\u0161te lutaka Rijeka\",\"isPartOf\":{\"@id\":\"https:\/\/www.gkl-rijeka.hr\/#website\"},\"primaryImageOfPage\":{\"@id\":\"https:\/\/www.gkl-rijeka.hr\/index.php\/najavljena-jedinstvena-bomboniera-variete\/#primaryimage\"},\"datePublished\":\"2024-02-06T15:32:49+00:00\",\"dateModified\":\"2024-02-06T15:32:49+00:00\",\"inLanguage\":\"en-US\",\"potentialAction\":[{\"@type\":\"ReadAction\",\"target\":[\"https:\/\/www.gkl-rijeka.hr\/index.php\/najavljena-jedinstvena-bomboniera-variete\/\"]}]},{\"@type\":\"Article\",\"@id\":\"https:\/\/www.gkl-rijeka.hr\/index.php\/najavljena-jedinstvena-bomboniera-variete\/#article\",\"isPartOf\":{\"@id\":\"https:\/\/www.gkl-rijeka.hr\/index.php\/najavljena-jedinstvena-bomboniera-variete\/#webpage\"},\"author\":{\"@id\":\"https:\/\/www.gkl-rijeka.hr\/#\/schema\/person\/3d9f7620db983ddf36e45ccae28c8651\"},\"headline\":\"Najavljena jedinstvena \\u201eBomboniera variete!\\u201c\",\"datePublished\":\"2024-02-06T15:32:49+00:00\",\"dateModified\":\"2024-02-06T15:32:49+00:00\",\"mainEntityOfPage\":{\"@id\":\"https:\/\/www.gkl-rijeka.hr\/index.php\/najavljena-jedinstvena-bomboniera-variete\/#webpage\"},\"publisher\":{\"@id\":\"https:\/\/www.gkl-rijeka.hr\/#organization\"},\"image\":{\"@id\":\"https:\/\/www.gkl-rijeka.hr\/index.php\/najavljena-jedinstvena-bomboniera-variete\/#primaryimage\"},\"articleSection\":\"Novosti\",\"inLanguage\":\"en-US\"},{\"@type\":\"Person\",\"@id\":\"https:\/\/www.gkl-rijeka.hr\/#\/schema\/person\/3d9f7620db983ddf36e45ccae28c8651\",\"name\":\"Marin\",\"image\":{\"@type\":\"ImageObject\",\"@id\":\"https:\/\/www.gkl-rijeka.hr\/#personlogo\",\"inLanguage\":\"en-US\",\"url\":\"https:\/\/secure.gravatar.com\/avatar\/9ba8e90e29bf7b5691a75673ed86bcba?s=96&d=mm&r=g\",\"caption\":\"Marin\"}}]}<\/script>\n<!-- \/ Yoast SEO plugin. -->","_links":{"self":[{"href":"https:\/\/www.gkl-rijeka.hr\/index.php\/wp-json\/wp\/v2\/posts\/15858"}],"collection":[{"href":"https:\/\/www.gkl-rijeka.hr\/index.php\/wp-json\/wp\/v2\/posts"}],"about":[{"href":"https:\/\/www.gkl-rijeka.hr\/index.php\/wp-json\/wp\/v2\/types\/post"}],"author":[{"embeddable":true,"href":"https:\/\/www.gkl-rijeka.hr\/index.php\/wp-json\/wp\/v2\/users\/1"}],"replies":[{"embeddable":true,"href":"https:\/\/www.gkl-rijeka.hr\/index.php\/wp-json\/wp\/v2\/comments?post=15858"}],"version-history":[{"count":1,"href":"https:\/\/www.gkl-rijeka.hr\/index.php\/wp-json\/wp\/v2\/posts\/15858\/revisions"}],"predecessor-version":[{"id":15860,"href":"https:\/\/www.gkl-rijeka.hr\/index.php\/wp-json\/wp\/v2\/posts\/15858\/revisions\/15860"}],"wp:featuredmedia":[{"embeddable":true,"href":"https:\/\/www.gkl-rijeka.hr\/index.php\/wp-json\/wp\/v2\/media\/15859"}],"wp:attachment":[{"href":"https:\/\/www.gkl-rijeka.hr\/index.php\/wp-json\/wp\/v2\/media?parent=15858"}],"wp:term":[{"taxonomy":"category","embeddable":true,"href":"https:\/\/www.gkl-rijeka.hr\/index.php\/wp-json\/wp\/v2\/categories?post=15858"},{"taxonomy":"post_tag","embeddable":true,"href":"https:\/\/www.gkl-rijeka.hr\/index.php\/wp-json\/wp\/v2\/tags?post=15858"}],"curies":[{"name":"wp","href":"https:\/\/api.w.org\/{rel}","templated":true}]}}