{"id":15932,"date":"2024-03-12T10:09:14","date_gmt":"2024-03-12T10:09:14","guid":{"rendered":"https:\/\/www.gkl-rijeka.hr\/?p=15932"},"modified":"2024-03-21T09:37:30","modified_gmt":"2024-03-21T09:37:30","slug":"lutkarsko-likovna-radionica-kokoda-2","status":"publish","type":"post","link":"https:\/\/www.gkl-rijeka.hr\/index.php\/lutkarsko-likovna-radionica-kokoda-2\/","title":{"rendered":"Lutkarsko-likovna radionica &#8220;KOKODA&#8221;"},"content":{"rendered":"<p>U subotu, 23. o\u017eujka 2024. od 10:00 do 11:30 sati u Dje\u010djoj ku\u0107i, u Kontejneru, u organizaciji Gradskog kazali\u0161ta lutaka Rijeka bit \u0107e odr\u017eana kreativna likovna radionica \u201eKOKODA\u201c.<\/p>\n<p>Od kartona i papira veselih \u0161arenih boja te raznih drugih materijala iz na\u0161e okoline polaznici radionice napravit \u0107e svoje male ko\u0161arice, u stilu cvjetne livade, mame koke ili malih pili\u0107a, koje \u0107e kasnije biti lijepi ukras ili koristan predmet povodom blagdana Uskrsa.<\/p>\n<p>Voditeljica radionice je Marija Volkmer, na\u0161a likovna umjetnica.<\/p>\n<p>Radionica je namijenjena za uzrast 4+, uz napomenu da djeca vrti\u0107kog uzrasta moraju biti u pratnji starije osobe.<\/p>\n<p>Maksimalan broj polaznika na svakoj radionici je 15.<\/p>\n<p>Sudjelovanje na radionici se ne napla\u0107uje, ali je prijava obavezna putem mail adrese : <a href=\"mailto:ana.susic@gkl-rijeka.hr\">ana.susic@gkl-rijeka.hr<\/a> uz naznaku naziva radionice te ime i dob djeteta koje \u0107e sudjelovati na radionici.<\/p>\n<p>Vidimo se!<\/p>\n<p>NAPOMENA: Radionica je popunjena. <\/p>\n","protected":false},"excerpt":{"rendered":"<p>POPUNJENO!<\/p>\n","protected":false},"author":1,"featured_media":15934,"comment_status":"closed","ping_status":"closed","sticky":false,"template":"","format":"standard","meta":{"spay_email":""},"categories":[3],"tags":[],"jetpack_featured_media_url":"https:\/\/www.gkl-rijeka.hr\/wp-content\/uploads\/2024\/03\/Kokoda-1080x675-1.jpg?wsr","yoast_head":"<!-- This site is optimized with the Yoast SEO plugin v15.1.1 - https:\/\/yoast.com\/wordpress\/plugins\/seo\/ -->\n<meta name=\"robots\" content=\"index, follow, max-snippet:-1, max-image-preview:large, max-video-preview:-1\" \/>\n<link rel=\"canonical\" href=\"https:\/\/www.gkl-rijeka.hr\/index.php\/lutkarsko-likovna-radionica-kokoda-2\/\" \/>\n<meta property=\"og:locale\" content=\"en_US\" \/>\n<meta property=\"og:type\" content=\"article\" \/>\n<meta property=\"og:title\" content=\"Lutkarsko-likovna radionica &quot;KOKODA&quot; - Gradsko kazali\u0161te lutaka Rijeka\" \/>\n<meta property=\"og:description\" content=\"POPUNJENO!\" \/>\n<meta property=\"og:url\" content=\"https:\/\/www.gkl-rijeka.hr\/index.php\/lutkarsko-likovna-radionica-kokoda-2\/\" \/>\n<meta property=\"og:site_name\" content=\"Gradsko kazali\u0161te lutaka Rijeka\" \/>\n<meta property=\"article:publisher\" content=\"https:\/\/www.facebook.com\/gkl.rijeka\" \/>\n<meta property=\"article:published_time\" content=\"2024-03-12T10:09:14+00:00\" \/>\n<meta property=\"article:modified_time\" content=\"2024-03-21T09:37:30+00:00\" \/>\n<meta property=\"og:image\" content=\"https:\/\/www.gkl-rijeka.hr\/wp-content\/uploads\/2024\/03\/Kokoda-1080x675-1.jpg?wsr\" \/>\n\t<meta property=\"og:image:width\" content=\"1080\" \/>\n\t<meta property=\"og:image:height\" content=\"675\" \/>\n<meta property=\"fb:app_id\" content=\"368762594246882\" \/>\n<meta name=\"twitter:card\" content=\"summary\" \/>\n<script type=\"application\/ld+json\" class=\"yoast-schema-graph\">{\"@context\":\"https:\/\/schema.org\",\"@graph\":[{\"@type\":\"Organization\",\"@id\":\"https:\/\/www.gkl-rijeka.hr\/#organization\",\"name\":\"Gradsko kazali\\u0161te lutaka Rijeka\",\"url\":\"https:\/\/www.gkl-rijeka.hr\/\",\"sameAs\":[\"https:\/\/www.facebook.com\/gkl.rijeka\"],\"logo\":{\"@type\":\"ImageObject\",\"@id\":\"https:\/\/www.gkl-rijeka.hr\/#logo\",\"inLanguage\":\"en-US\",\"url\":\"https:\/\/www.gkl-rijeka.hr\/wp-content\/uploads\/2020\/10\/logo_boja_01.png?wsr\",\"width\":209,\"height\":280,\"caption\":\"Gradsko kazali\\u0161te lutaka Rijeka\"},\"image\":{\"@id\":\"https:\/\/www.gkl-rijeka.hr\/#logo\"}},{\"@type\":\"WebSite\",\"@id\":\"https:\/\/www.gkl-rijeka.hr\/#website\",\"url\":\"https:\/\/www.gkl-rijeka.hr\/\",\"name\":\"Gradsko kazali\\u0161te lutaka Rijeka\",\"description\":\"\",\"publisher\":{\"@id\":\"https:\/\/www.gkl-rijeka.hr\/#organization\"},\"potentialAction\":[{\"@type\":\"SearchAction\",\"target\":\"https:\/\/www.gkl-rijeka.hr\/?s={search_term_string}\",\"query-input\":\"required name=search_term_string\"}],\"inLanguage\":\"en-US\"},{\"@type\":\"ImageObject\",\"@id\":\"https:\/\/www.gkl-rijeka.hr\/index.php\/lutkarsko-likovna-radionica-kokoda-2\/#primaryimage\",\"inLanguage\":\"en-US\",\"url\":\"https:\/\/www.gkl-rijeka.hr\/wp-content\/uploads\/2024\/03\/Kokoda-1080x675-1.jpg?wsr\",\"width\":1080,\"height\":675},{\"@type\":\"WebPage\",\"@id\":\"https:\/\/www.gkl-rijeka.hr\/index.php\/lutkarsko-likovna-radionica-kokoda-2\/#webpage\",\"url\":\"https:\/\/www.gkl-rijeka.hr\/index.php\/lutkarsko-likovna-radionica-kokoda-2\/\",\"name\":\"Lutkarsko-likovna radionica \\\"KOKODA\\\" - Gradsko kazali\\u0161te lutaka Rijeka\",\"isPartOf\":{\"@id\":\"https:\/\/www.gkl-rijeka.hr\/#website\"},\"primaryImageOfPage\":{\"@id\":\"https:\/\/www.gkl-rijeka.hr\/index.php\/lutkarsko-likovna-radionica-kokoda-2\/#primaryimage\"},\"datePublished\":\"2024-03-12T10:09:14+00:00\",\"dateModified\":\"2024-03-21T09:37:30+00:00\",\"inLanguage\":\"en-US\",\"potentialAction\":[{\"@type\":\"ReadAction\",\"target\":[\"https:\/\/www.gkl-rijeka.hr\/index.php\/lutkarsko-likovna-radionica-kokoda-2\/\"]}]},{\"@type\":\"Article\",\"@id\":\"https:\/\/www.gkl-rijeka.hr\/index.php\/lutkarsko-likovna-radionica-kokoda-2\/#article\",\"isPartOf\":{\"@id\":\"https:\/\/www.gkl-rijeka.hr\/index.php\/lutkarsko-likovna-radionica-kokoda-2\/#webpage\"},\"author\":{\"@id\":\"https:\/\/www.gkl-rijeka.hr\/#\/schema\/person\/3d9f7620db983ddf36e45ccae28c8651\"},\"headline\":\"Lutkarsko-likovna radionica &#8220;KOKODA&#8221;\",\"datePublished\":\"2024-03-12T10:09:14+00:00\",\"dateModified\":\"2024-03-21T09:37:30+00:00\",\"mainEntityOfPage\":{\"@id\":\"https:\/\/www.gkl-rijeka.hr\/index.php\/lutkarsko-likovna-radionica-kokoda-2\/#webpage\"},\"publisher\":{\"@id\":\"https:\/\/www.gkl-rijeka.hr\/#organization\"},\"image\":{\"@id\":\"https:\/\/www.gkl-rijeka.hr\/index.php\/lutkarsko-likovna-radionica-kokoda-2\/#primaryimage\"},\"articleSection\":\"Novosti\",\"inLanguage\":\"en-US\"},{\"@type\":\"Person\",\"@id\":\"https:\/\/www.gkl-rijeka.hr\/#\/schema\/person\/3d9f7620db983ddf36e45ccae28c8651\",\"name\":\"Marin\",\"image\":{\"@type\":\"ImageObject\",\"@id\":\"https:\/\/www.gkl-rijeka.hr\/#personlogo\",\"inLanguage\":\"en-US\",\"url\":\"https:\/\/secure.gravatar.com\/avatar\/9ba8e90e29bf7b5691a75673ed86bcba?s=96&d=mm&r=g\",\"caption\":\"Marin\"}}]}<\/script>\n<!-- \/ Yoast SEO plugin. -->","_links":{"self":[{"href":"https:\/\/www.gkl-rijeka.hr\/index.php\/wp-json\/wp\/v2\/posts\/15932"}],"collection":[{"href":"https:\/\/www.gkl-rijeka.hr\/index.php\/wp-json\/wp\/v2\/posts"}],"about":[{"href":"https:\/\/www.gkl-rijeka.hr\/index.php\/wp-json\/wp\/v2\/types\/post"}],"author":[{"embeddable":true,"href":"https:\/\/www.gkl-rijeka.hr\/index.php\/wp-json\/wp\/v2\/users\/1"}],"replies":[{"embeddable":true,"href":"https:\/\/www.gkl-rijeka.hr\/index.php\/wp-json\/wp\/v2\/comments?post=15932"}],"version-history":[{"count":5,"href":"https:\/\/www.gkl-rijeka.hr\/index.php\/wp-json\/wp\/v2\/posts\/15932\/revisions"}],"predecessor-version":[{"id":15959,"href":"https:\/\/www.gkl-rijeka.hr\/index.php\/wp-json\/wp\/v2\/posts\/15932\/revisions\/15959"}],"wp:featuredmedia":[{"embeddable":true,"href":"https:\/\/www.gkl-rijeka.hr\/index.php\/wp-json\/wp\/v2\/media\/15934"}],"wp:attachment":[{"href":"https:\/\/www.gkl-rijeka.hr\/index.php\/wp-json\/wp\/v2\/media?parent=15932"}],"wp:term":[{"taxonomy":"category","embeddable":true,"href":"https:\/\/www.gkl-rijeka.hr\/index.php\/wp-json\/wp\/v2\/categories?post=15932"},{"taxonomy":"post_tag","embeddable":true,"href":"https:\/\/www.gkl-rijeka.hr\/index.php\/wp-json\/wp\/v2\/tags?post=15932"}],"curies":[{"name":"wp","href":"https:\/\/api.w.org\/{rel}","templated":true}]}}