{"id":15946,"date":"2024-03-15T09:12:33","date_gmt":"2024-03-15T09:12:33","guid":{"rendered":"https:\/\/www.gkl-rijeka.hr\/?p=15946"},"modified":"2024-03-15T09:12:33","modified_gmt":"2024-03-15T09:12:33","slug":"otkazana-pcelica-maja-za-petak-15-ozujka-i-subotu-16-ozujka","status":"publish","type":"post","link":"https:\/\/www.gkl-rijeka.hr\/index.php\/otkazana-pcelica-maja-za-petak-15-ozujka-i-subotu-16-ozujka\/","title":{"rendered":"Otkazana P\u010delica Maja za petak, 15. o\u017eujka i subotu 16. o\u017eujka"},"content":{"rendered":"<p>Zbog bolesti glumca otkazuje se predstava P\u010delica maja autorice Ivane \u0110ula i Milice Sinkauz u re\u017eiji Renate Carole Gatice koja je trebala biti na programu GKL Rijeka danas, u petak, 15. o\u017eujka u 18:00 sati i subotu, 16. o\u017eujka u 11:00. Umjesto predstave P\u010delica Maja u navedenim terminima publiku o\u010dekuje predstava Wanda Lavanda, nagra\u0111ivana predstava autorice Jelene Tondini u re\u017eiji Morane Dolenc.<\/p>\n<p>Predstava je vesela, \u0161arena s puno songova i lijepom porukom o prihva\u0107anju druga\u010dijih bi\u0107a u na\u0161em svijetu. \u0160arena ov\u010dica je neobi\u010dnih boja i zbog svoje razlil\u010ditosti biva odba\u010dena od svih koje susretne. Me\u0111utim, kada ona pobjegne, svi uvide da im nedostaje, ispri\u010daju joj se i prihvate je.<\/p>\n<p>Predstava je za uzrast 3+, a izvodi je sjajni ansambl Gradskog kazali\u0161ta lutaka Rijeka kojeg \u010dine Zlatko Vici\u0107, Petra \u0160arac i Andrea \u0160pindel.<\/p>\n<p>Publika koja je ve\u0107 kupila ulaznice za predstavu\u00a0 P\u010delica Maja, a ne \u017eeli gledati zamjensku predstavu neka se javi na blagajnu kazali\u0161ta <a href=\"mailto:blagajna.gklri@gmail.com\">blagajna.gklri@gmail.com<\/a> i to svakako prije po\u010detka izvedbe.<\/p>\n<p>&nbsp;<\/p>\n<p>Zahvaljujemo na razumijevanju!<\/p>\n","protected":false},"excerpt":{"rendered":"<p>Umjesto &#8220;P\u010delice Maje&#8221; izvodi se Wanda Lavanda<\/p>\n","protected":false},"author":1,"featured_media":10732,"comment_status":"closed","ping_status":"closed","sticky":false,"template":"","format":"standard","meta":{"spay_email":""},"categories":[3],"tags":[],"jetpack_featured_media_url":"https:\/\/www.gkl-rijeka.hr\/wp-content\/uploads\/2020\/11\/exclamation-marks.jpg?wsr","yoast_head":"<!-- This site is optimized with the Yoast SEO plugin v15.1.1 - https:\/\/yoast.com\/wordpress\/plugins\/seo\/ -->\n<meta name=\"robots\" content=\"index, follow, max-snippet:-1, max-image-preview:large, max-video-preview:-1\" \/>\n<link rel=\"canonical\" href=\"https:\/\/www.gkl-rijeka.hr\/index.php\/otkazana-pcelica-maja-za-petak-15-ozujka-i-subotu-16-ozujka\/\" \/>\n<meta property=\"og:locale\" content=\"en_US\" \/>\n<meta property=\"og:type\" content=\"article\" \/>\n<meta property=\"og:title\" content=\"Otkazana P\u010delica Maja za petak, 15. o\u017eujka i subotu 16. o\u017eujka - Gradsko kazali\u0161te lutaka Rijeka\" \/>\n<meta property=\"og:description\" content=\"Umjesto &quot;P\u010delice Maje&quot; izvodi se Wanda Lavanda\" \/>\n<meta property=\"og:url\" content=\"https:\/\/www.gkl-rijeka.hr\/index.php\/otkazana-pcelica-maja-za-petak-15-ozujka-i-subotu-16-ozujka\/\" \/>\n<meta property=\"og:site_name\" content=\"Gradsko kazali\u0161te lutaka Rijeka\" \/>\n<meta property=\"article:publisher\" content=\"https:\/\/www.facebook.com\/gkl.rijeka\" \/>\n<meta property=\"article:published_time\" content=\"2024-03-15T09:12:33+00:00\" \/>\n<meta property=\"og:image\" content=\"https:\/\/www.gkl-rijeka.hr\/wp-content\/uploads\/2020\/11\/exclamation-marks.jpg?wsr\" \/>\n\t<meta property=\"og:image:width\" content=\"1024\" \/>\n\t<meta property=\"og:image:height\" content=\"497\" \/>\n<meta property=\"fb:app_id\" content=\"368762594246882\" \/>\n<meta name=\"twitter:card\" content=\"summary\" \/>\n<script type=\"application\/ld+json\" class=\"yoast-schema-graph\">{\"@context\":\"https:\/\/schema.org\",\"@graph\":[{\"@type\":\"Organization\",\"@id\":\"https:\/\/www.gkl-rijeka.hr\/#organization\",\"name\":\"Gradsko kazali\\u0161te lutaka Rijeka\",\"url\":\"https:\/\/www.gkl-rijeka.hr\/\",\"sameAs\":[\"https:\/\/www.facebook.com\/gkl.rijeka\"],\"logo\":{\"@type\":\"ImageObject\",\"@id\":\"https:\/\/www.gkl-rijeka.hr\/#logo\",\"inLanguage\":\"en-US\",\"url\":\"https:\/\/www.gkl-rijeka.hr\/wp-content\/uploads\/2020\/10\/logo_boja_01.png?wsr\",\"width\":209,\"height\":280,\"caption\":\"Gradsko kazali\\u0161te lutaka Rijeka\"},\"image\":{\"@id\":\"https:\/\/www.gkl-rijeka.hr\/#logo\"}},{\"@type\":\"WebSite\",\"@id\":\"https:\/\/www.gkl-rijeka.hr\/#website\",\"url\":\"https:\/\/www.gkl-rijeka.hr\/\",\"name\":\"Gradsko kazali\\u0161te lutaka Rijeka\",\"description\":\"\",\"publisher\":{\"@id\":\"https:\/\/www.gkl-rijeka.hr\/#organization\"},\"potentialAction\":[{\"@type\":\"SearchAction\",\"target\":\"https:\/\/www.gkl-rijeka.hr\/?s={search_term_string}\",\"query-input\":\"required name=search_term_string\"}],\"inLanguage\":\"en-US\"},{\"@type\":\"ImageObject\",\"@id\":\"https:\/\/www.gkl-rijeka.hr\/index.php\/otkazana-pcelica-maja-za-petak-15-ozujka-i-subotu-16-ozujka\/#primaryimage\",\"inLanguage\":\"en-US\",\"url\":\"https:\/\/www.gkl-rijeka.hr\/wp-content\/uploads\/2020\/11\/exclamation-marks.jpg?wsr\",\"width\":1024,\"height\":497},{\"@type\":\"WebPage\",\"@id\":\"https:\/\/www.gkl-rijeka.hr\/index.php\/otkazana-pcelica-maja-za-petak-15-ozujka-i-subotu-16-ozujka\/#webpage\",\"url\":\"https:\/\/www.gkl-rijeka.hr\/index.php\/otkazana-pcelica-maja-za-petak-15-ozujka-i-subotu-16-ozujka\/\",\"name\":\"Otkazana P\\u010delica Maja za petak, 15. o\\u017eujka i subotu 16. o\\u017eujka - Gradsko kazali\\u0161te lutaka Rijeka\",\"isPartOf\":{\"@id\":\"https:\/\/www.gkl-rijeka.hr\/#website\"},\"primaryImageOfPage\":{\"@id\":\"https:\/\/www.gkl-rijeka.hr\/index.php\/otkazana-pcelica-maja-za-petak-15-ozujka-i-subotu-16-ozujka\/#primaryimage\"},\"datePublished\":\"2024-03-15T09:12:33+00:00\",\"dateModified\":\"2024-03-15T09:12:33+00:00\",\"inLanguage\":\"en-US\",\"potentialAction\":[{\"@type\":\"ReadAction\",\"target\":[\"https:\/\/www.gkl-rijeka.hr\/index.php\/otkazana-pcelica-maja-za-petak-15-ozujka-i-subotu-16-ozujka\/\"]}]},{\"@type\":\"Article\",\"@id\":\"https:\/\/www.gkl-rijeka.hr\/index.php\/otkazana-pcelica-maja-za-petak-15-ozujka-i-subotu-16-ozujka\/#article\",\"isPartOf\":{\"@id\":\"https:\/\/www.gkl-rijeka.hr\/index.php\/otkazana-pcelica-maja-za-petak-15-ozujka-i-subotu-16-ozujka\/#webpage\"},\"author\":{\"@id\":\"https:\/\/www.gkl-rijeka.hr\/#\/schema\/person\/3d9f7620db983ddf36e45ccae28c8651\"},\"headline\":\"Otkazana P\\u010delica Maja za petak, 15. o\\u017eujka i subotu 16. o\\u017eujka\",\"datePublished\":\"2024-03-15T09:12:33+00:00\",\"dateModified\":\"2024-03-15T09:12:33+00:00\",\"mainEntityOfPage\":{\"@id\":\"https:\/\/www.gkl-rijeka.hr\/index.php\/otkazana-pcelica-maja-za-petak-15-ozujka-i-subotu-16-ozujka\/#webpage\"},\"publisher\":{\"@id\":\"https:\/\/www.gkl-rijeka.hr\/#organization\"},\"image\":{\"@id\":\"https:\/\/www.gkl-rijeka.hr\/index.php\/otkazana-pcelica-maja-za-petak-15-ozujka-i-subotu-16-ozujka\/#primaryimage\"},\"articleSection\":\"Novosti\",\"inLanguage\":\"en-US\"},{\"@type\":\"Person\",\"@id\":\"https:\/\/www.gkl-rijeka.hr\/#\/schema\/person\/3d9f7620db983ddf36e45ccae28c8651\",\"name\":\"Marin\",\"image\":{\"@type\":\"ImageObject\",\"@id\":\"https:\/\/www.gkl-rijeka.hr\/#personlogo\",\"inLanguage\":\"en-US\",\"url\":\"https:\/\/secure.gravatar.com\/avatar\/9ba8e90e29bf7b5691a75673ed86bcba?s=96&d=mm&r=g\",\"caption\":\"Marin\"}}]}<\/script>\n<!-- \/ Yoast SEO plugin. -->","_links":{"self":[{"href":"https:\/\/www.gkl-rijeka.hr\/index.php\/wp-json\/wp\/v2\/posts\/15946"}],"collection":[{"href":"https:\/\/www.gkl-rijeka.hr\/index.php\/wp-json\/wp\/v2\/posts"}],"about":[{"href":"https:\/\/www.gkl-rijeka.hr\/index.php\/wp-json\/wp\/v2\/types\/post"}],"author":[{"embeddable":true,"href":"https:\/\/www.gkl-rijeka.hr\/index.php\/wp-json\/wp\/v2\/users\/1"}],"replies":[{"embeddable":true,"href":"https:\/\/www.gkl-rijeka.hr\/index.php\/wp-json\/wp\/v2\/comments?post=15946"}],"version-history":[{"count":1,"href":"https:\/\/www.gkl-rijeka.hr\/index.php\/wp-json\/wp\/v2\/posts\/15946\/revisions"}],"predecessor-version":[{"id":15947,"href":"https:\/\/www.gkl-rijeka.hr\/index.php\/wp-json\/wp\/v2\/posts\/15946\/revisions\/15947"}],"wp:featuredmedia":[{"embeddable":true,"href":"https:\/\/www.gkl-rijeka.hr\/index.php\/wp-json\/wp\/v2\/media\/10732"}],"wp:attachment":[{"href":"https:\/\/www.gkl-rijeka.hr\/index.php\/wp-json\/wp\/v2\/media?parent=15946"}],"wp:term":[{"taxonomy":"category","embeddable":true,"href":"https:\/\/www.gkl-rijeka.hr\/index.php\/wp-json\/wp\/v2\/categories?post=15946"},{"taxonomy":"post_tag","embeddable":true,"href":"https:\/\/www.gkl-rijeka.hr\/index.php\/wp-json\/wp\/v2\/tags?post=15946"}],"curies":[{"name":"wp","href":"https:\/\/api.w.org\/{rel}","templated":true}]}}