{"id":15964,"date":"2024-03-22T17:57:53","date_gmt":"2024-03-22T17:57:53","guid":{"rendered":"https:\/\/www.gkl-rijeka.hr\/?p=15964"},"modified":"2024-03-22T17:57:53","modified_gmt":"2024-03-22T17:57:53","slug":"20-ozujka-svjetski-dan-kazalista-za-djecu-i-mlade-2","status":"publish","type":"post","link":"https:\/\/www.gkl-rijeka.hr\/index.php\/20-ozujka-svjetski-dan-kazalista-za-djecu-i-mlade-2\/","title":{"rendered":"20. o\u017eujka &#8211; Svjetski dan kazali\u0161ta za djecu i mlade"},"content":{"rendered":"<p>Svjetski dan kazali\u0161ta za djecu i mlade po\u010deo se obilje\u017eavati od 2001. godine, a od 2012. godine koristi se slogan \u201cPovedite dijete u kazali\u0161te\u201d. Poziv je to na akciju kako bi u\u010dinili umjetnost dostupniju djeci i mladima.<\/p>\n<p>Hrvatski centar ASSITEJ osnovan je 1996. godine kao ravnopravni \u010dlan ugledne kazali\u0161ne organizacije ASSITEJ koja okuplja nacionalne centre iz cijeloga svijeta. ASSITEJ u Hrvatskoj udru\u017euje 34 profesionalna kazali\u0161ta za djecu i mlade, 24 profesionalno vo\u0111enih dramskih studija i 6 individualnih \u010dlanova, dramskih umjetnika koji rade u kazali\u0161tima za djecu i mlade. Cilj Hrvatskog centra ASSITEJ je biti vode\u0107om krovnom udrugom kazali\u0161ta za djecu i mlade u Hrvatskoj.<\/p>\n<p>Hrvatsku poruku ove godine napisala je dramaturginja Jelena Kova\u010di\u0107.<\/p>\n<p>Svjetsku poruku napisala je predsjednica ASSITEJ International Sue Giles.<\/p>\n<p>&nbsp;<\/p>\n<p>&nbsp;<\/p>\n<p>&#8220;Danas se u kazali\u0161tima diljem svijeta slavi jedan sasvim poseban dan \u2013 Svjetski dan kazali\u0161ta za djecu i mlade, kazali\u0161ta koje se radi upravo za vas. Mnogi \u0107e re\u0107i da su djeca i mladi na\u0161a budu\u0107a publika, publika koja tek dolazi, ali ja se nekako ne bih s tim slo\u017eila, jer evo vas ovdje i evo vas sada, sjedite u kazali\u0161tu i \u010dekate da po\u010dne predstava i to vas \u010dini vrlo sada\u0161njom i vrlo va\u017enom publikom. Za mene je po\u010detak predstave jedan od najljep\u0161ih i najuzbudljivijih kazali\u0161nih trenutaka &#8211; svjetla u publici se gase, reflektori na pozornici se pale, pred nas izlaze glumci koji \u0107e nas odvesti tko zna kamo i tko zna gdje. To je trenutak u kojem jo\u0161 ni\u0161ta ne znamo, ali u kojem je sve mogu\u0107e, koji sadr\u017ei sve \u0161to mo\u017eemo zamisliti, mo\u017eda \u010dak i vi\u0161e od toga. \u00a0Zato vas pozivam da se danas prepustite kazali\u0161tu i jednom novom po\u010detku koji \u0107e vas odvesti tko zna kamo i tko zna gdje. A prije nego \u0161to se svjetla u publici ugase i nastupi onaj najljep\u0161i trenutak, \u017eelim vam sretan Svjetski dan kazali\u0161ta za djecu i mlade, najva\u017enijeg kazali\u0161ta na svijetu koje postoji zbog najva\u017enije publike \u2013 zbog vas. I za kraj &#8211; nemojte nikada zaboraviti da je \u017eivot, ba\u0161 kao i kazali\u0161te pun novih po\u010detaka u koje mo\u017eemo zakora\u010diti upravo ovdje i upravo sada.&#8221;<\/p>\n<p>Jelena Kova\u010di\u0107<\/p>\n<p>&nbsp;<\/p>\n<p>&nbsp;<\/p>\n<p><strong>Odvedite dijete u kazali\u0161te danas ili dovedite kazali\u0161te djetetu danas!<\/strong><\/p>\n<p>Cilj ove kampanje je omogu\u0107iti pristup kazali\u0161tu i izvedbama svoj djeci i mladima. Prepoznavanjem uloge odraslih u tome imamo dvostruki fokus: ulogu odrasle osobe koja brine o djetetu ili mladoj osobi, onoga tko omogu\u0107uje njihov pristup kulturi; i ulogu umjetnika koji stvaraju djela koja mogu dosegnuti djecu i mlade gdje god se nalazili.<\/p>\n<p>Ovaj dan &#8211; 20. o\u017eujka 2024. &#8211; trenutak je fokusa za na\u0161e \u010dlanove diljem svijeta kako bi pogledali \u0161to se doga\u0111a u na\u0161em sektoru, u na\u0161im dru\u0161tvima i me\u0111u na\u0161om publikom. Kao globalno udru\u017eenje koje radi na unifikaciji prakti\u010dara i zala\u017eemo se za prava djece i mladih na umjetnost i kulturu, moramo postaviti pitanja koja nas sve poga\u0111aju. Zagovaranje zna\u010di gledanje izvan na\u0161eg vlastitog kruga utjecaja i osobne brige. To je na\u010din otvaranja ve\u0107ih pitanja koja se odnose na ljudska prava i vrijednost djece i mladih u na\u0161im vlastitim kontekstima i u odnosu na svijet. \u0160to je ono \u0161to imamo zajedni\u010dko u svakom kontekstu?<\/p>\n<p>Vjerujemo u mo\u0107 kazali\u0161ta i izvedbe. Pru\u017ea nam istra\u017eivanje ideja koje pro\u0161iruju ono \u010demu svjedo\u010dimo i razumijemo na druge dijelove mozga, srca i duha. Omogu\u0107uje nam ljudsku povezanost. Inspirira fantaziju i ma\u0161tu i bavi se nemogu\u0107im temama s igrom i srcem. Uklju\u010duje mlade ljude u empati\u010dnu razmjenu koja omogu\u0107uje individualnu i kolektivnu transformaciju. Koristi sve inteligencije. Koristi sve osjetila kako bi stvorila \u010dudo i poticala razmi\u0161ljanje. To je ono \u0161to radimo diljem svijeta, gdje god se na\u0161i \u010dlanovi okupljaju, i to \u010dinimo s ekspertizom, vje\u0161tinom i izumom. To radimo na ulicama i u velikim kazali\u0161nim ku\u0107ama, u \u0161kolama i domovima te na pozornicama. Stvaramo izvedbe za, s, od i o djeci i mladima, gdje god se nalazili. Djeca i mladi trebaju kazali\u0161te i izvedbu, a zbog njihove nedostatne mo\u0107i, trebaju odrasle osobe koje im poma\u017eu da to do\u017eive.<\/p>\n<p>Dok se ovaj Svjetski dan kazali\u0161ta pribli\u017eava, duboko smo svjesni rada koji se odvija u na\u0161em sektoru za i s mladima i obiteljima koje su \u017ertve rata, terora, politi\u010dkih i obiteljskih sukoba, siroma\u0161tva, nasilja, raseljenja i besku\u0107ni\u0161tva, diskriminacije. Neki su se pitali &#8220;Kako jo\u0161 uvijek mo\u017eemo govoriti o budu\u0107nosti kazali\u0161ta i izvedbe u ovom svijetu? \u0160to to zna\u010di osim tragedije i nepravde koja nas okru\u017euje?&#8221; Vjerujem da kroz stvaranje kazali\u0161ta i izvedbe za i s djecom i mladima neprekidno sudjelujemo u \u010dinu nade. Na\u0161a umjetni\u010dka forma nudi interpretaciju i izravnu povezanost s temama i situacijama s kojima se djeca susre\u0107u u svakodnevnom \u017eivotu i koje im mogu govoriti glasom koji slu\u0161a i razumije. Njihovo promi\u0161ljanje o vlastitom polo\u017eaju olak\u0161ava se zbog onoga \u0161to mo\u017eemo otvoriti na siguran na\u010din, nude\u0107i istinu uz mogu\u0107nost i zamisliti budu\u0107nost ili put koji mo\u017ee potaknuti ideje mladih ljudi o tome \u0161to bi moglo biti druga\u010dije. \u010cin stvaranja je nada.<\/p>\n<p>Za nas kao umjetnike, i za nas kao odrasle osobe koje omogu\u0107uju djeci i mladima pristup umjetnosti, kulturi i kreativnosti, va\u017eno je postavljati pitanja. Bez primje\u0107ivanja i validiranja njihove stru\u010dnosti u igri i podru\u010djima ma\u0161te, bez pri\u010da i mogu\u0107nosti bijega, zabave i radosti, bez istra\u017eivanja ljubaznosti i ljudskosti koja dolazi s ovom publikom, mo\u017eemo li razumjeti sebe? Bez razvoja stvarne agencije i sudjelovanja djece i mladih, mo\u017eemo li zadr\u017eati vlastitu nadu?<\/p>\n<p>Mo\u017eda sada moramo shvatiti da sve nije samo na nama, i hodaju\u0107i uz djecu i mlade ljude mo\u017eemo prepoznati i crpiti snagu iz mo\u0107i njihove ma\u0161te i priro\u0111enog, instinktivnog osje\u0107aja mogu\u0107nosti.<\/p>\n<p>Sue Giles<\/p>\n","protected":false},"excerpt":{"rendered":"<p>\u201cPovedite dijete u kazali\u0161te\u201d<\/p>\n","protected":false},"author":1,"featured_media":15965,"comment_status":"closed","ping_status":"closed","sticky":false,"template":"","format":"standard","meta":{"spay_email":""},"categories":[3],"tags":[],"jetpack_featured_media_url":"https:\/\/www.gkl-rijeka.hr\/wp-content\/uploads\/2024\/03\/LOGO_Svjetski-dan-kazalista-za-djecu-i-mlade_Vertical.png?wsr","yoast_head":"<!-- This site is optimized with the Yoast SEO plugin v15.1.1 - https:\/\/yoast.com\/wordpress\/plugins\/seo\/ -->\n<meta name=\"robots\" content=\"index, follow, max-snippet:-1, max-image-preview:large, max-video-preview:-1\" \/>\n<link rel=\"canonical\" href=\"https:\/\/www.gkl-rijeka.hr\/index.php\/20-ozujka-svjetski-dan-kazalista-za-djecu-i-mlade-2\/\" \/>\n<meta property=\"og:locale\" content=\"en_US\" \/>\n<meta property=\"og:type\" content=\"article\" \/>\n<meta property=\"og:title\" content=\"20. o\u017eujka - Svjetski dan kazali\u0161ta za djecu i mlade - Gradsko kazali\u0161te lutaka Rijeka\" \/>\n<meta property=\"og:description\" content=\"\u201cPovedite dijete u kazali\u0161te\u201d\" \/>\n<meta property=\"og:url\" content=\"https:\/\/www.gkl-rijeka.hr\/index.php\/20-ozujka-svjetski-dan-kazalista-za-djecu-i-mlade-2\/\" \/>\n<meta property=\"og:site_name\" content=\"Gradsko kazali\u0161te lutaka Rijeka\" \/>\n<meta property=\"article:publisher\" content=\"https:\/\/www.facebook.com\/gkl.rijeka\" \/>\n<meta property=\"article:published_time\" content=\"2024-03-22T17:57:53+00:00\" \/>\n<meta property=\"og:image\" content=\"https:\/\/www.gkl-rijeka.hr\/wp-content\/uploads\/2024\/03\/LOGO_Svjetski-dan-kazalista-za-djecu-i-mlade_Vertical.png?wsr\" \/>\n\t<meta property=\"og:image:width\" content=\"667\" \/>\n\t<meta property=\"og:image:height\" content=\"833\" \/>\n<meta property=\"fb:app_id\" content=\"368762594246882\" \/>\n<meta name=\"twitter:card\" content=\"summary\" \/>\n<script type=\"application\/ld+json\" class=\"yoast-schema-graph\">{\"@context\":\"https:\/\/schema.org\",\"@graph\":[{\"@type\":\"Organization\",\"@id\":\"https:\/\/www.gkl-rijeka.hr\/#organization\",\"name\":\"Gradsko kazali\\u0161te lutaka Rijeka\",\"url\":\"https:\/\/www.gkl-rijeka.hr\/\",\"sameAs\":[\"https:\/\/www.facebook.com\/gkl.rijeka\"],\"logo\":{\"@type\":\"ImageObject\",\"@id\":\"https:\/\/www.gkl-rijeka.hr\/#logo\",\"inLanguage\":\"en-US\",\"url\":\"https:\/\/www.gkl-rijeka.hr\/wp-content\/uploads\/2020\/10\/logo_boja_01.png?wsr\",\"width\":209,\"height\":280,\"caption\":\"Gradsko kazali\\u0161te lutaka Rijeka\"},\"image\":{\"@id\":\"https:\/\/www.gkl-rijeka.hr\/#logo\"}},{\"@type\":\"WebSite\",\"@id\":\"https:\/\/www.gkl-rijeka.hr\/#website\",\"url\":\"https:\/\/www.gkl-rijeka.hr\/\",\"name\":\"Gradsko kazali\\u0161te lutaka Rijeka\",\"description\":\"\",\"publisher\":{\"@id\":\"https:\/\/www.gkl-rijeka.hr\/#organization\"},\"potentialAction\":[{\"@type\":\"SearchAction\",\"target\":\"https:\/\/www.gkl-rijeka.hr\/?s={search_term_string}\",\"query-input\":\"required name=search_term_string\"}],\"inLanguage\":\"en-US\"},{\"@type\":\"ImageObject\",\"@id\":\"https:\/\/www.gkl-rijeka.hr\/index.php\/20-ozujka-svjetski-dan-kazalista-za-djecu-i-mlade-2\/#primaryimage\",\"inLanguage\":\"en-US\",\"url\":\"https:\/\/www.gkl-rijeka.hr\/wp-content\/uploads\/2024\/03\/LOGO_Svjetski-dan-kazalista-za-djecu-i-mlade_Vertical.png?wsr\",\"width\":667,\"height\":833},{\"@type\":\"WebPage\",\"@id\":\"https:\/\/www.gkl-rijeka.hr\/index.php\/20-ozujka-svjetski-dan-kazalista-za-djecu-i-mlade-2\/#webpage\",\"url\":\"https:\/\/www.gkl-rijeka.hr\/index.php\/20-ozujka-svjetski-dan-kazalista-za-djecu-i-mlade-2\/\",\"name\":\"20. o\\u017eujka - Svjetski dan kazali\\u0161ta za djecu i mlade - Gradsko kazali\\u0161te lutaka Rijeka\",\"isPartOf\":{\"@id\":\"https:\/\/www.gkl-rijeka.hr\/#website\"},\"primaryImageOfPage\":{\"@id\":\"https:\/\/www.gkl-rijeka.hr\/index.php\/20-ozujka-svjetski-dan-kazalista-za-djecu-i-mlade-2\/#primaryimage\"},\"datePublished\":\"2024-03-22T17:57:53+00:00\",\"dateModified\":\"2024-03-22T17:57:53+00:00\",\"inLanguage\":\"en-US\",\"potentialAction\":[{\"@type\":\"ReadAction\",\"target\":[\"https:\/\/www.gkl-rijeka.hr\/index.php\/20-ozujka-svjetski-dan-kazalista-za-djecu-i-mlade-2\/\"]}]},{\"@type\":\"Article\",\"@id\":\"https:\/\/www.gkl-rijeka.hr\/index.php\/20-ozujka-svjetski-dan-kazalista-za-djecu-i-mlade-2\/#article\",\"isPartOf\":{\"@id\":\"https:\/\/www.gkl-rijeka.hr\/index.php\/20-ozujka-svjetski-dan-kazalista-za-djecu-i-mlade-2\/#webpage\"},\"author\":{\"@id\":\"https:\/\/www.gkl-rijeka.hr\/#\/schema\/person\/3d9f7620db983ddf36e45ccae28c8651\"},\"headline\":\"20. o\\u017eujka &#8211; Svjetski dan kazali\\u0161ta za djecu i mlade\",\"datePublished\":\"2024-03-22T17:57:53+00:00\",\"dateModified\":\"2024-03-22T17:57:53+00:00\",\"mainEntityOfPage\":{\"@id\":\"https:\/\/www.gkl-rijeka.hr\/index.php\/20-ozujka-svjetski-dan-kazalista-za-djecu-i-mlade-2\/#webpage\"},\"publisher\":{\"@id\":\"https:\/\/www.gkl-rijeka.hr\/#organization\"},\"image\":{\"@id\":\"https:\/\/www.gkl-rijeka.hr\/index.php\/20-ozujka-svjetski-dan-kazalista-za-djecu-i-mlade-2\/#primaryimage\"},\"articleSection\":\"Novosti\",\"inLanguage\":\"en-US\"},{\"@type\":\"Person\",\"@id\":\"https:\/\/www.gkl-rijeka.hr\/#\/schema\/person\/3d9f7620db983ddf36e45ccae28c8651\",\"name\":\"Marin\",\"image\":{\"@type\":\"ImageObject\",\"@id\":\"https:\/\/www.gkl-rijeka.hr\/#personlogo\",\"inLanguage\":\"en-US\",\"url\":\"https:\/\/secure.gravatar.com\/avatar\/9ba8e90e29bf7b5691a75673ed86bcba?s=96&d=mm&r=g\",\"caption\":\"Marin\"}}]}<\/script>\n<!-- \/ Yoast SEO plugin. -->","_links":{"self":[{"href":"https:\/\/www.gkl-rijeka.hr\/index.php\/wp-json\/wp\/v2\/posts\/15964"}],"collection":[{"href":"https:\/\/www.gkl-rijeka.hr\/index.php\/wp-json\/wp\/v2\/posts"}],"about":[{"href":"https:\/\/www.gkl-rijeka.hr\/index.php\/wp-json\/wp\/v2\/types\/post"}],"author":[{"embeddable":true,"href":"https:\/\/www.gkl-rijeka.hr\/index.php\/wp-json\/wp\/v2\/users\/1"}],"replies":[{"embeddable":true,"href":"https:\/\/www.gkl-rijeka.hr\/index.php\/wp-json\/wp\/v2\/comments?post=15964"}],"version-history":[{"count":1,"href":"https:\/\/www.gkl-rijeka.hr\/index.php\/wp-json\/wp\/v2\/posts\/15964\/revisions"}],"predecessor-version":[{"id":15966,"href":"https:\/\/www.gkl-rijeka.hr\/index.php\/wp-json\/wp\/v2\/posts\/15964\/revisions\/15966"}],"wp:featuredmedia":[{"embeddable":true,"href":"https:\/\/www.gkl-rijeka.hr\/index.php\/wp-json\/wp\/v2\/media\/15965"}],"wp:attachment":[{"href":"https:\/\/www.gkl-rijeka.hr\/index.php\/wp-json\/wp\/v2\/media?parent=15964"}],"wp:term":[{"taxonomy":"category","embeddable":true,"href":"https:\/\/www.gkl-rijeka.hr\/index.php\/wp-json\/wp\/v2\/categories?post=15964"},{"taxonomy":"post_tag","embeddable":true,"href":"https:\/\/www.gkl-rijeka.hr\/index.php\/wp-json\/wp\/v2\/tags?post=15964"}],"curies":[{"name":"wp","href":"https:\/\/api.w.org\/{rel}","templated":true}]}}