{"id":15967,"date":"2024-03-22T18:13:13","date_gmt":"2024-03-22T18:13:13","guid":{"rendered":"https:\/\/www.gkl-rijeka.hr\/?p=15967"},"modified":"2024-03-22T18:21:05","modified_gmt":"2024-03-22T18:21:05","slug":"gradsko-kazaliste-lutaka-rijeka-obiljezava-svjetski-dan-lutkarstva","status":"publish","type":"post","link":"https:\/\/www.gkl-rijeka.hr\/index.php\/gradsko-kazaliste-lutaka-rijeka-obiljezava-svjetski-dan-lutkarstva\/","title":{"rendered":"Gradsko kazali\u0161te lutaka Rijeka obilje\u017eava Svjetski dan lutkarstva"},"content":{"rendered":"<p>Svake se godine 21. o\u017eujka obilje\u017eava Svjetski dan lutkarstva \u010diji je ovogodi\u0161nji moto \u201eNeka bude svjetlo!\u201c. UNIMA \u2013 krovna organizacija lutkarske umjetnosti koja okuplja lutkarske profesionalce iz cijeloga svijeta s ciljem \u0161irenja, razvitka i promocije lutkarske umjetnosti na temu klime pripremila je vrlo zanimljiv video u kojem je svatko dao svoj obol pa tako i na\u0161e Gradsko kazali\u0161te lutaka Rijeka. Video je dostupan na linku <a href=\"https:\/\/www.youtube.com\/watch?v=FpeRvB5keas\">https:\/\/www.youtube.com\/watch?v=FpeRvB5keas<\/a>.<\/p>\n<p>No, Gradsko kazali\u0161te lutaka Rijeka je sa svojim kolegama \u2013 Pozori\u0161tem za decu i mlade, Kragujevac, Srbija, Pozori\u0161tem lutaka Mostar, Bosna i Hercegovina te Kazali\u0161nom dru\u017einom Susret, Osijek, Hrvatska, pripremio i svoj poseban video uz poeziju \u201eOporuka\u201c Enesa Ki\u0161evi\u0107a koji se mo\u017ee pogledati na linku <a href=\"https:\/\/www.youtube.com\/watch?v=vbj-YJcCOCo\">https:\/\/www.youtube.com\/watch?v=vbj-YJcCOCo<\/a>.<\/p>\n<p>Ono \u0161to je na dana\u0161nji dan itekako va\u017eno napomenuti je da ovogodi\u0161nji Svjetski dan lutkarstva ozna\u010dava po\u010detak nove inicijative Povjerenstva za suradnju i humanitarnost. Naime, slave\u0107i ovaj dan va\u017ean za lutkarsku umjetnost prihva\u0107a se duh suosje\u0107anja i solidarnosti uvo\u0111enjem novog na\u010dina doprinosa UNIMA-inom Fondu za hitnu pomo\u0107.<\/p>\n<p><strong>Uz pomo\u0107 \u010dlanova UNIMA-e Edina Kmeta\u0161a, ravnatelja Pozori\u0161ta lutaka Mostar iz Bosne i Hercegovine, Jelene Stojanovi\u0107 Patrnogi\u0107, ravnateljice Pozori\u0161ta za decu i mlade Kragujevac iz Srbije te Magdalene Lupi Alvir, ravnateljice na\u0161eg Gradskog kazali\u0161ta lutaka Rijeka osmi\u0161ljena je inicijativa koja ima za cilj prikupiti sredstva za lutkare pogo\u0111ene ratom diljem svijeta. Naime, od strane navedenih kazali\u0161ta UNIMA-i su donirane profesionalne lutkarske predstave koje \u0107e biti dostupne za online gledanje kupnjom ulaznice od 5 eura, \u0161to \u0107e onda i\u0107i u Fond UNIMA-e za hitnu pomo\u0107. Takva gesta ne samo da podupire plemeniti cilj, ve\u0107 tako\u0111er prikazuje kulturno bogatstvo lutkarskih predstava diljem svijeta pozivaju\u0107i i druga lutkarska kazali\u0161ta da se pridru\u017ee i uklju\u010de u navedenu ideju.<\/strong><\/p>\n<p>Osvr\u0107u\u0107i se na te\u0161ku povijest svojih krajeva, zahva\u0107enih ratovima i sukobima, ravnatelji ovih cijenjenih lutkarskih kazali\u0161ta isti\u010du va\u017enost gledanja u budu\u0107nost i te\u017enje miru i blagostanju, posebice za na\u0161u djecu. Sa suosje\u0107anjem kao vode\u0107im na\u010delom, podijelili su svoj video za Svjetski dan lutkarstva zajedno s iskrenim rije\u010dima, koje mo\u017eete pogledati i pro\u010ditati na sljede\u0107oj poveznici: <a href=\"https:\/\/www.unima.org\/wp-content\/uploads\/2024\/03\/Let-there-be-light-1-1.pdf\">https:\/\/www.unima.org\/wp-content\/uploads\/2024\/03\/Let-there-be-light-1-1.pdf<\/a> Mala je napomena da su tekstovi na engleskom jeziku obzirom na me\u0111unarodnu razinu same inicijative.<\/p>\n<p>Komisija za suradnju UNIMA-e i Humanitarnoga povjerenstva prihvatila je ove ideje i postavila novu platformu za financiranje \u2013 UNIMA Puppetry Theatre Cinema. Po\u017eeli li tko pogledati ovogodi\u0161nje predstave, dostupne su tri razli\u010dite lutkarske predstave: \u201eWanda LaVanda\u201c iz Hrvatske, \u201eTihi de\u010dak\u201c iz Srbije i \u201eO nje\u017enosti\u201c iz Bosne i Hercegovine u re\u017eiji Ines Pa\u0161i\u0107, koja je ovogodi\u0161nju poruku Svjetskog dana lutkarstva podijelila s cijelom UNIMA zajednicom.<\/p>\n<p>Dvije su predstave s prijevodom na engleski jezik, dok je predstava Ines Pa\u0161i\u0107 neverbalna. Tko \u017eeli sudjelovati tako \u0161to \u0107e donirati svoju predstavu u ovu plemenitu svrhu, mo\u017ee poslati zahtjev na mail <a href=\"mailto:web@unima.org\">web@unima.org<\/a> s naslovom \u201eShow Donation\u201c gdje \u0107e onda i dobiti sve informacije kako to u\u010diniti. U predstavama se mo\u017ee u\u017eivati klikom na ulaznicu, a sve se nalazi na stranici UNIMA-e: <a href=\"https:\/\/www.unima.org\/en\/happy-world-puppetry-day-let-there-be-light\/\">https:\/\/www.unima.org\/en\/happy-world-puppetry-day-let-there-be-light\/<\/a><\/p>\n","protected":false},"excerpt":{"rendered":"<p>21. o\u017eujka &#8211; dan lutkara<br \/>\n\u201eNeka bude svjetlo!\u201c<\/p>\n","protected":false},"author":1,"featured_media":15968,"comment_status":"closed","ping_status":"closed","sticky":false,"template":"","format":"standard","meta":{"spay_email":""},"categories":[3],"tags":[],"jetpack_featured_media_url":"https:\/\/www.gkl-rijeka.hr\/wp-content\/uploads\/2024\/03\/WPD-2024.png?wsr","yoast_head":"<!-- This site is optimized with the Yoast SEO plugin v15.1.1 - https:\/\/yoast.com\/wordpress\/plugins\/seo\/ -->\n<meta name=\"robots\" content=\"index, follow, max-snippet:-1, max-image-preview:large, max-video-preview:-1\" \/>\n<link rel=\"canonical\" href=\"https:\/\/www.gkl-rijeka.hr\/index.php\/gradsko-kazaliste-lutaka-rijeka-obiljezava-svjetski-dan-lutkarstva\/\" \/>\n<meta property=\"og:locale\" content=\"en_US\" \/>\n<meta property=\"og:type\" content=\"article\" \/>\n<meta property=\"og:title\" content=\"Gradsko kazali\u0161te lutaka Rijeka obilje\u017eava Svjetski dan lutkarstva - Gradsko kazali\u0161te lutaka Rijeka\" \/>\n<meta property=\"og:description\" content=\"21. o\u017eujka - dan lutkara \u201eNeka bude svjetlo!\u201c\" \/>\n<meta property=\"og:url\" content=\"https:\/\/www.gkl-rijeka.hr\/index.php\/gradsko-kazaliste-lutaka-rijeka-obiljezava-svjetski-dan-lutkarstva\/\" \/>\n<meta property=\"og:site_name\" content=\"Gradsko kazali\u0161te lutaka Rijeka\" \/>\n<meta property=\"article:publisher\" content=\"https:\/\/www.facebook.com\/gkl.rijeka\" \/>\n<meta property=\"article:published_time\" content=\"2024-03-22T18:13:13+00:00\" \/>\n<meta property=\"article:modified_time\" content=\"2024-03-22T18:21:05+00:00\" \/>\n<meta property=\"og:image\" content=\"https:\/\/www.gkl-rijeka.hr\/wp-content\/uploads\/2024\/03\/WPD-2024.png?wsr\" \/>\n\t<meta property=\"og:image:width\" content=\"682\" \/>\n\t<meta property=\"og:image:height\" content=\"316\" \/>\n<meta property=\"fb:app_id\" content=\"368762594246882\" \/>\n<meta name=\"twitter:card\" content=\"summary\" \/>\n<script type=\"application\/ld+json\" class=\"yoast-schema-graph\">{\"@context\":\"https:\/\/schema.org\",\"@graph\":[{\"@type\":\"Organization\",\"@id\":\"https:\/\/www.gkl-rijeka.hr\/#organization\",\"name\":\"Gradsko kazali\\u0161te lutaka Rijeka\",\"url\":\"https:\/\/www.gkl-rijeka.hr\/\",\"sameAs\":[\"https:\/\/www.facebook.com\/gkl.rijeka\"],\"logo\":{\"@type\":\"ImageObject\",\"@id\":\"https:\/\/www.gkl-rijeka.hr\/#logo\",\"inLanguage\":\"en-US\",\"url\":\"https:\/\/www.gkl-rijeka.hr\/wp-content\/uploads\/2020\/10\/logo_boja_01.png?wsr\",\"width\":209,\"height\":280,\"caption\":\"Gradsko kazali\\u0161te lutaka Rijeka\"},\"image\":{\"@id\":\"https:\/\/www.gkl-rijeka.hr\/#logo\"}},{\"@type\":\"WebSite\",\"@id\":\"https:\/\/www.gkl-rijeka.hr\/#website\",\"url\":\"https:\/\/www.gkl-rijeka.hr\/\",\"name\":\"Gradsko kazali\\u0161te lutaka Rijeka\",\"description\":\"\",\"publisher\":{\"@id\":\"https:\/\/www.gkl-rijeka.hr\/#organization\"},\"potentialAction\":[{\"@type\":\"SearchAction\",\"target\":\"https:\/\/www.gkl-rijeka.hr\/?s={search_term_string}\",\"query-input\":\"required name=search_term_string\"}],\"inLanguage\":\"en-US\"},{\"@type\":\"ImageObject\",\"@id\":\"https:\/\/www.gkl-rijeka.hr\/index.php\/gradsko-kazaliste-lutaka-rijeka-obiljezava-svjetski-dan-lutkarstva\/#primaryimage\",\"inLanguage\":\"en-US\",\"url\":\"https:\/\/www.gkl-rijeka.hr\/wp-content\/uploads\/2024\/03\/WPD-2024.png?wsr\",\"width\":682,\"height\":316},{\"@type\":\"WebPage\",\"@id\":\"https:\/\/www.gkl-rijeka.hr\/index.php\/gradsko-kazaliste-lutaka-rijeka-obiljezava-svjetski-dan-lutkarstva\/#webpage\",\"url\":\"https:\/\/www.gkl-rijeka.hr\/index.php\/gradsko-kazaliste-lutaka-rijeka-obiljezava-svjetski-dan-lutkarstva\/\",\"name\":\"Gradsko kazali\\u0161te lutaka Rijeka obilje\\u017eava Svjetski dan lutkarstva - Gradsko kazali\\u0161te lutaka Rijeka\",\"isPartOf\":{\"@id\":\"https:\/\/www.gkl-rijeka.hr\/#website\"},\"primaryImageOfPage\":{\"@id\":\"https:\/\/www.gkl-rijeka.hr\/index.php\/gradsko-kazaliste-lutaka-rijeka-obiljezava-svjetski-dan-lutkarstva\/#primaryimage\"},\"datePublished\":\"2024-03-22T18:13:13+00:00\",\"dateModified\":\"2024-03-22T18:21:05+00:00\",\"inLanguage\":\"en-US\",\"potentialAction\":[{\"@type\":\"ReadAction\",\"target\":[\"https:\/\/www.gkl-rijeka.hr\/index.php\/gradsko-kazaliste-lutaka-rijeka-obiljezava-svjetski-dan-lutkarstva\/\"]}]},{\"@type\":\"Article\",\"@id\":\"https:\/\/www.gkl-rijeka.hr\/index.php\/gradsko-kazaliste-lutaka-rijeka-obiljezava-svjetski-dan-lutkarstva\/#article\",\"isPartOf\":{\"@id\":\"https:\/\/www.gkl-rijeka.hr\/index.php\/gradsko-kazaliste-lutaka-rijeka-obiljezava-svjetski-dan-lutkarstva\/#webpage\"},\"author\":{\"@id\":\"https:\/\/www.gkl-rijeka.hr\/#\/schema\/person\/3d9f7620db983ddf36e45ccae28c8651\"},\"headline\":\"Gradsko kazali\\u0161te lutaka Rijeka obilje\\u017eava Svjetski dan lutkarstva\",\"datePublished\":\"2024-03-22T18:13:13+00:00\",\"dateModified\":\"2024-03-22T18:21:05+00:00\",\"mainEntityOfPage\":{\"@id\":\"https:\/\/www.gkl-rijeka.hr\/index.php\/gradsko-kazaliste-lutaka-rijeka-obiljezava-svjetski-dan-lutkarstva\/#webpage\"},\"publisher\":{\"@id\":\"https:\/\/www.gkl-rijeka.hr\/#organization\"},\"image\":{\"@id\":\"https:\/\/www.gkl-rijeka.hr\/index.php\/gradsko-kazaliste-lutaka-rijeka-obiljezava-svjetski-dan-lutkarstva\/#primaryimage\"},\"articleSection\":\"Novosti\",\"inLanguage\":\"en-US\"},{\"@type\":\"Person\",\"@id\":\"https:\/\/www.gkl-rijeka.hr\/#\/schema\/person\/3d9f7620db983ddf36e45ccae28c8651\",\"name\":\"Marin\",\"image\":{\"@type\":\"ImageObject\",\"@id\":\"https:\/\/www.gkl-rijeka.hr\/#personlogo\",\"inLanguage\":\"en-US\",\"url\":\"https:\/\/secure.gravatar.com\/avatar\/9ba8e90e29bf7b5691a75673ed86bcba?s=96&d=mm&r=g\",\"caption\":\"Marin\"}}]}<\/script>\n<!-- \/ Yoast SEO plugin. -->","_links":{"self":[{"href":"https:\/\/www.gkl-rijeka.hr\/index.php\/wp-json\/wp\/v2\/posts\/15967"}],"collection":[{"href":"https:\/\/www.gkl-rijeka.hr\/index.php\/wp-json\/wp\/v2\/posts"}],"about":[{"href":"https:\/\/www.gkl-rijeka.hr\/index.php\/wp-json\/wp\/v2\/types\/post"}],"author":[{"embeddable":true,"href":"https:\/\/www.gkl-rijeka.hr\/index.php\/wp-json\/wp\/v2\/users\/1"}],"replies":[{"embeddable":true,"href":"https:\/\/www.gkl-rijeka.hr\/index.php\/wp-json\/wp\/v2\/comments?post=15967"}],"version-history":[{"count":2,"href":"https:\/\/www.gkl-rijeka.hr\/index.php\/wp-json\/wp\/v2\/posts\/15967\/revisions"}],"predecessor-version":[{"id":15970,"href":"https:\/\/www.gkl-rijeka.hr\/index.php\/wp-json\/wp\/v2\/posts\/15967\/revisions\/15970"}],"wp:featuredmedia":[{"embeddable":true,"href":"https:\/\/www.gkl-rijeka.hr\/index.php\/wp-json\/wp\/v2\/media\/15968"}],"wp:attachment":[{"href":"https:\/\/www.gkl-rijeka.hr\/index.php\/wp-json\/wp\/v2\/media?parent=15967"}],"wp:term":[{"taxonomy":"category","embeddable":true,"href":"https:\/\/www.gkl-rijeka.hr\/index.php\/wp-json\/wp\/v2\/categories?post=15967"},{"taxonomy":"post_tag","embeddable":true,"href":"https:\/\/www.gkl-rijeka.hr\/index.php\/wp-json\/wp\/v2\/tags?post=15967"}],"curies":[{"name":"wp","href":"https:\/\/api.w.org\/{rel}","templated":true}]}}