{"id":15971,"date":"2024-03-22T18:30:34","date_gmt":"2024-03-22T18:30:34","guid":{"rendered":"https:\/\/www.gkl-rijeka.hr\/?p=15971"},"modified":"2024-03-22T18:33:04","modified_gmt":"2024-03-22T18:33:04","slug":"u-prvom-proljetnom-tjednu-tri-predstave-u-tri-zupanije-i-jedna-kreativna-radionica","status":"publish","type":"post","link":"https:\/\/www.gkl-rijeka.hr\/index.php\/u-prvom-proljetnom-tjednu-tri-predstave-u-tri-zupanije-i-jedna-kreativna-radionica\/","title":{"rendered":"U prvom proljetnom tjednu tri predstave u tri \u017eupanije i jedna kreativna radionica"},"content":{"rendered":"<p>Gradsko kazali\u0161te lutaka Rijeka itekako je aktivno i cijeli ovaj tjedan, od 18. do 24. o\u017eujka! Najprije je sudjelovalo u ve\u0107 poznatoj manifestaciji Vukovarsko lutkarsko prolje\u0107e, koje se ove godine odr\u017eava 29. put, a kao i ina\u010de obuhva\u0107a razna lutkarska kazali\u0161ta diljem Hrvatske i izvan nje koja se susre\u0107u u Vukovarsko-srijemskoj \u017eupaniji i predstavljaju neke od svojih naslova. Rije\u010dki su lutkari ove godine pokazali svoju pri\u010dopredstavu \u201e\u010cetiri godi\u0161nja doba\u201c prema slikovnici Pike Von\u010dine. Rije\u010d je o kami\u0161ibaj teatru \u2013 japanski oblik uli\u010dnog kazali\u0161ta u obliku papirnate drame. Ovaj svima drag naslov izvodi glumac Damir Orli\u0107 koji je tako razveselio dje\u010dicu u Vinkovcima, Opatovcu, Nu\u0161tru te Petrovcima, a mogu\u0107a je bila i jo\u0161 koja iznenadna lokacija.<\/p>\n<p>U sklopu Lutkarskog prolje\u0107a, ansambla Kazali\u0161ta krenuo je dalje za Viroviti\u010dko-podravsku \u017eupaniju, to\u010dnije u Viroviticu, gdje \u0107e danas, u petak, 22. o\u017eujka u 18:30 sati u Kazali\u0161tu Virovitica gostovati sa svojom najnovijom predstavom u stilu predmetno-glazbenog cabareta pod nazivom \u201eBomboniera Variete!\u201c, \u010diji je autor, skladatelj i redatelj Matija Solce. U izvedbi Petre \u0160arac, Andreje \u0160pindel, Tilena Ko\u017eamelja, Damira Orli\u0107a i Davida Petrovi\u0107a, predstava spaja sje\u0107anja glumaca-lutkara iz djetinjstva sa stvarnim doga\u0111ajima, a inspirirana je gradom i ljudima Rijeke, kao i po\u010decima lutkarstva u Rijeci.<\/p>\n<p>Paralelno, u na\u0161oj Primorsko-goranskoj \u017eupaniji rije\u010dki lutkari imali su sasvim drugi program \u2013 u izvedbi Tilena Ko\u017eamelja u Gradskom kazali\u0161tu lutaka Rijeka igrala je predstava \u201eTrnoru\u017eica-elektro bajka\u201c autora i redatelja Mattea Spiazzija (prema G. Basileu i C. Perraultu) koja je postavljena u formi teatra objekata. Zanimljivost je kako se ovdje uz pomo\u0107 zvukova i vlastite ma\u0161te, svi predmeti, odnosno ku\u0107anski aparati koji su originali iz \u0161ezdesetih i sedamdesetih godina, pretvaraju u likove.<\/p>\n<p>I za kraj, u sklopu tre\u0107eg ro\u0111endana Dje\u010dje ku\u0107e, u subotu, 23. o\u017eujka od 10 do 11:30 sati odr\u017eat \u0107e se lutkarsko-likovna radionica \u201eKokoda\u201c. Polaznici radionice \u0107e od raznih materijala kao \u0161to su kartoni, papiri i sli\u010dno napraviti male ko\u0161arice te male koke ili pili\u0107e po njihovom izboru. Voditeljica radionice je likovna umjetnica Marija Volkmer, no napomena je kako je radionica ve\u0107 popunjena obzirom na veliki interes publike.<\/p>\n<p>Rije\u010dki lutkari ovom prilikom zahvaljuju svoj maloj i velikoj publici \u0161to ve\u0107 vi\u0161e od \u0161ezdeset godina prate i podr\u017eavaju lutkarsku umjetnost, vje\u0161tinu i zanat. Hvala Vam!<\/p>\n","protected":false},"excerpt":{"rendered":"<p>Na terenu &#8220;\u010cetiri godi\u0161nja doba&#8221; i &#8220;Bomboniera Variete!&#8221;, u na\u0161oj ku\u0107i &#8220;Trnoru\u017eica &#8211; elektro bajka&#8221;, a u Dje\u010djoj ku\u0107i radionica &#8220;Kokoda&#8221; <\/p>\n","protected":false},"author":1,"featured_media":15880,"comment_status":"closed","ping_status":"closed","sticky":false,"template":"","format":"standard","meta":{"spay_email":""},"categories":[3],"tags":[],"jetpack_featured_media_url":"https:\/\/www.gkl-rijeka.hr\/wp-content\/uploads\/2024\/01\/Bomboniere_345.jpg?wsr","yoast_head":"<!-- This site is optimized with the Yoast SEO plugin v15.1.1 - https:\/\/yoast.com\/wordpress\/plugins\/seo\/ -->\n<meta name=\"robots\" content=\"index, follow, max-snippet:-1, max-image-preview:large, max-video-preview:-1\" \/>\n<link rel=\"canonical\" href=\"https:\/\/www.gkl-rijeka.hr\/index.php\/u-prvom-proljetnom-tjednu-tri-predstave-u-tri-zupanije-i-jedna-kreativna-radionica\/\" \/>\n<meta property=\"og:locale\" content=\"en_US\" \/>\n<meta property=\"og:type\" content=\"article\" \/>\n<meta property=\"og:title\" content=\"U prvom proljetnom tjednu tri predstave u tri \u017eupanije i jedna kreativna radionica - Gradsko kazali\u0161te lutaka Rijeka\" \/>\n<meta property=\"og:description\" content=\"Na terenu &quot;\u010cetiri godi\u0161nja doba&quot; i &quot;Bomboniera Variete!&quot;, u na\u0161oj ku\u0107i &quot;Trnoru\u017eica - elektro bajka&quot;, a u Dje\u010djoj ku\u0107i radionica &quot;Kokoda&quot;\" \/>\n<meta property=\"og:url\" content=\"https:\/\/www.gkl-rijeka.hr\/index.php\/u-prvom-proljetnom-tjednu-tri-predstave-u-tri-zupanije-i-jedna-kreativna-radionica\/\" \/>\n<meta property=\"og:site_name\" content=\"Gradsko kazali\u0161te lutaka Rijeka\" \/>\n<meta property=\"article:publisher\" content=\"https:\/\/www.facebook.com\/gkl.rijeka\" \/>\n<meta property=\"article:published_time\" content=\"2024-03-22T18:30:34+00:00\" \/>\n<meta property=\"article:modified_time\" content=\"2024-03-22T18:33:04+00:00\" \/>\n<meta property=\"og:image\" content=\"https:\/\/www.gkl-rijeka.hr\/wp-content\/uploads\/2024\/01\/Bomboniere_345.jpg?wsr\" \/>\n\t<meta property=\"og:image:width\" content=\"2200\" \/>\n\t<meta property=\"og:image:height\" content=\"1467\" \/>\n<meta property=\"fb:app_id\" content=\"368762594246882\" \/>\n<meta name=\"twitter:card\" content=\"summary\" \/>\n<script type=\"application\/ld+json\" class=\"yoast-schema-graph\">{\"@context\":\"https:\/\/schema.org\",\"@graph\":[{\"@type\":\"Organization\",\"@id\":\"https:\/\/www.gkl-rijeka.hr\/#organization\",\"name\":\"Gradsko kazali\\u0161te lutaka Rijeka\",\"url\":\"https:\/\/www.gkl-rijeka.hr\/\",\"sameAs\":[\"https:\/\/www.facebook.com\/gkl.rijeka\"],\"logo\":{\"@type\":\"ImageObject\",\"@id\":\"https:\/\/www.gkl-rijeka.hr\/#logo\",\"inLanguage\":\"en-US\",\"url\":\"https:\/\/www.gkl-rijeka.hr\/wp-content\/uploads\/2020\/10\/logo_boja_01.png?wsr\",\"width\":209,\"height\":280,\"caption\":\"Gradsko kazali\\u0161te lutaka Rijeka\"},\"image\":{\"@id\":\"https:\/\/www.gkl-rijeka.hr\/#logo\"}},{\"@type\":\"WebSite\",\"@id\":\"https:\/\/www.gkl-rijeka.hr\/#website\",\"url\":\"https:\/\/www.gkl-rijeka.hr\/\",\"name\":\"Gradsko kazali\\u0161te lutaka Rijeka\",\"description\":\"\",\"publisher\":{\"@id\":\"https:\/\/www.gkl-rijeka.hr\/#organization\"},\"potentialAction\":[{\"@type\":\"SearchAction\",\"target\":\"https:\/\/www.gkl-rijeka.hr\/?s={search_term_string}\",\"query-input\":\"required name=search_term_string\"}],\"inLanguage\":\"en-US\"},{\"@type\":\"ImageObject\",\"@id\":\"https:\/\/www.gkl-rijeka.hr\/index.php\/u-prvom-proljetnom-tjednu-tri-predstave-u-tri-zupanije-i-jedna-kreativna-radionica\/#primaryimage\",\"inLanguage\":\"en-US\",\"url\":\"https:\/\/www.gkl-rijeka.hr\/wp-content\/uploads\/2024\/01\/Bomboniere_345.jpg?wsr\",\"width\":2200,\"height\":1467},{\"@type\":\"WebPage\",\"@id\":\"https:\/\/www.gkl-rijeka.hr\/index.php\/u-prvom-proljetnom-tjednu-tri-predstave-u-tri-zupanije-i-jedna-kreativna-radionica\/#webpage\",\"url\":\"https:\/\/www.gkl-rijeka.hr\/index.php\/u-prvom-proljetnom-tjednu-tri-predstave-u-tri-zupanije-i-jedna-kreativna-radionica\/\",\"name\":\"U prvom proljetnom tjednu tri predstave u tri \\u017eupanije i jedna kreativna radionica - Gradsko kazali\\u0161te lutaka Rijeka\",\"isPartOf\":{\"@id\":\"https:\/\/www.gkl-rijeka.hr\/#website\"},\"primaryImageOfPage\":{\"@id\":\"https:\/\/www.gkl-rijeka.hr\/index.php\/u-prvom-proljetnom-tjednu-tri-predstave-u-tri-zupanije-i-jedna-kreativna-radionica\/#primaryimage\"},\"datePublished\":\"2024-03-22T18:30:34+00:00\",\"dateModified\":\"2024-03-22T18:33:04+00:00\",\"inLanguage\":\"en-US\",\"potentialAction\":[{\"@type\":\"ReadAction\",\"target\":[\"https:\/\/www.gkl-rijeka.hr\/index.php\/u-prvom-proljetnom-tjednu-tri-predstave-u-tri-zupanije-i-jedna-kreativna-radionica\/\"]}]},{\"@type\":\"Article\",\"@id\":\"https:\/\/www.gkl-rijeka.hr\/index.php\/u-prvom-proljetnom-tjednu-tri-predstave-u-tri-zupanije-i-jedna-kreativna-radionica\/#article\",\"isPartOf\":{\"@id\":\"https:\/\/www.gkl-rijeka.hr\/index.php\/u-prvom-proljetnom-tjednu-tri-predstave-u-tri-zupanije-i-jedna-kreativna-radionica\/#webpage\"},\"author\":{\"@id\":\"https:\/\/www.gkl-rijeka.hr\/#\/schema\/person\/3d9f7620db983ddf36e45ccae28c8651\"},\"headline\":\"U prvom proljetnom tjednu tri predstave u tri \\u017eupanije i jedna kreativna radionica\",\"datePublished\":\"2024-03-22T18:30:34+00:00\",\"dateModified\":\"2024-03-22T18:33:04+00:00\",\"mainEntityOfPage\":{\"@id\":\"https:\/\/www.gkl-rijeka.hr\/index.php\/u-prvom-proljetnom-tjednu-tri-predstave-u-tri-zupanije-i-jedna-kreativna-radionica\/#webpage\"},\"publisher\":{\"@id\":\"https:\/\/www.gkl-rijeka.hr\/#organization\"},\"image\":{\"@id\":\"https:\/\/www.gkl-rijeka.hr\/index.php\/u-prvom-proljetnom-tjednu-tri-predstave-u-tri-zupanije-i-jedna-kreativna-radionica\/#primaryimage\"},\"articleSection\":\"Novosti\",\"inLanguage\":\"en-US\"},{\"@type\":\"Person\",\"@id\":\"https:\/\/www.gkl-rijeka.hr\/#\/schema\/person\/3d9f7620db983ddf36e45ccae28c8651\",\"name\":\"Marin\",\"image\":{\"@type\":\"ImageObject\",\"@id\":\"https:\/\/www.gkl-rijeka.hr\/#personlogo\",\"inLanguage\":\"en-US\",\"url\":\"https:\/\/secure.gravatar.com\/avatar\/9ba8e90e29bf7b5691a75673ed86bcba?s=96&d=mm&r=g\",\"caption\":\"Marin\"}}]}<\/script>\n<!-- \/ Yoast SEO plugin. -->","_links":{"self":[{"href":"https:\/\/www.gkl-rijeka.hr\/index.php\/wp-json\/wp\/v2\/posts\/15971"}],"collection":[{"href":"https:\/\/www.gkl-rijeka.hr\/index.php\/wp-json\/wp\/v2\/posts"}],"about":[{"href":"https:\/\/www.gkl-rijeka.hr\/index.php\/wp-json\/wp\/v2\/types\/post"}],"author":[{"embeddable":true,"href":"https:\/\/www.gkl-rijeka.hr\/index.php\/wp-json\/wp\/v2\/users\/1"}],"replies":[{"embeddable":true,"href":"https:\/\/www.gkl-rijeka.hr\/index.php\/wp-json\/wp\/v2\/comments?post=15971"}],"version-history":[{"count":2,"href":"https:\/\/www.gkl-rijeka.hr\/index.php\/wp-json\/wp\/v2\/posts\/15971\/revisions"}],"predecessor-version":[{"id":15973,"href":"https:\/\/www.gkl-rijeka.hr\/index.php\/wp-json\/wp\/v2\/posts\/15971\/revisions\/15973"}],"wp:featuredmedia":[{"embeddable":true,"href":"https:\/\/www.gkl-rijeka.hr\/index.php\/wp-json\/wp\/v2\/media\/15880"}],"wp:attachment":[{"href":"https:\/\/www.gkl-rijeka.hr\/index.php\/wp-json\/wp\/v2\/media?parent=15971"}],"wp:term":[{"taxonomy":"category","embeddable":true,"href":"https:\/\/www.gkl-rijeka.hr\/index.php\/wp-json\/wp\/v2\/categories?post=15971"},{"taxonomy":"post_tag","embeddable":true,"href":"https:\/\/www.gkl-rijeka.hr\/index.php\/wp-json\/wp\/v2\/tags?post=15971"}],"curies":[{"name":"wp","href":"https:\/\/api.w.org\/{rel}","templated":true}]}}