{"id":15978,"date":"2024-03-26T13:41:59","date_gmt":"2024-03-26T13:41:59","guid":{"rendered":"https:\/\/www.gkl-rijeka.hr\/?p=15978"},"modified":"2024-03-26T13:45:19","modified_gmt":"2024-03-26T13:45:19","slug":"proslava-200-izvedbe-palacinka-mog-zivota","status":"publish","type":"post","link":"https:\/\/www.gkl-rijeka.hr\/index.php\/proslava-200-izvedbe-palacinka-mog-zivota\/","title":{"rendered":"Proslava 200. izvedbe \u201ePala\u010dinka mog \u017eivota&#8221;"},"content":{"rendered":"<p><strong><a href=\"https:\/\/www.gkl-rijeka.hr\/wp-content\/uploads\/2024\/02\/Flekavac-200-scaled.jpg\"><img loading=\"lazy\" class=\"aligncenter size-medium wp-image-15906\" src=\"https:\/\/www.gkl-rijeka.hr\/wp-content\/uploads\/2024\/02\/Flekavac-200-1024x673.jpg\" alt=\"\" width=\"1024\" height=\"673\" srcset=\"https:\/\/www.gkl-rijeka.hr\/wp-content\/uploads\/2024\/02\/Flekavac-200-1024x673.jpg 1024w, https:\/\/www.gkl-rijeka.hr\/wp-content\/uploads\/2024\/02\/Flekavac-200-1920x1262.jpg 1920w, https:\/\/www.gkl-rijeka.hr\/wp-content\/uploads\/2024\/02\/Flekavac-200-800x526.jpg 800w, https:\/\/www.gkl-rijeka.hr\/wp-content\/uploads\/2024\/02\/Flekavac-200-1536x1010.jpg 1536w, https:\/\/www.gkl-rijeka.hr\/wp-content\/uploads\/2024\/02\/Flekavac-200-2048x1346.jpg 2048w, https:\/\/www.gkl-rijeka.hr\/wp-content\/uploads\/2024\/02\/Flekavac-200-1080x710.jpg 1080w\" sizes=\"(max-width: 1024px) 100vw, 1024px\" \/><\/a>\u00a0<\/strong><\/p>\n<p>Gradsko kazali\u0161te lutaka Rijeka proslavit \u0107e 200. izvedbu popularne predstave \u201ePala\u010dinka mog \u017eivota\u201c \u2013 autorskog projekta lutkara Davida Petrovi\u0107a specijalnim izdanjem predstave u \u010detvrtak, 28. o\u017eujka 2024. u u 18:00 sati u svojem kazali\u0161tu.<\/p>\n<p>\u201ePala\u010dinka\u201c je pri\u010da o kuharu koji cijelog \u017eivota ma\u0161ta o tome da napravi pala\u010dinku \u017eivota i pobijedi na natjecanju. U kuhinji Davida Petrovi\u0107a doga\u0111a se ne\u0161to posve neo\u010dekivano i jo\u0161 nevi\u0111eno, a ba\u0161 tako bit \u0107e i u ovoj posebnoj izvedbi.<\/p>\n<p>\u201eStigli smo do broja 200. Ba\u0161 toliko je i pala\u010dinka ispe\u010deno, mo\u017eda i koja vi\u0161ka kad bismo se zasladili nakon predstave. Krenulo je s Kuharom i Gitarom (Sr\u0111an Badurina), pa se na 100. izvedbi priklju\u010dio i Bubanj (Ser\u0111o Dla\u010di\u0107). Sve su to likovi koji zajdni\u010dkim snagama ispeku najbolju pala\u010dinku \u017eivota.<\/p>\n<p>Na slavljeni\u010dkoj 200. izvedbi \u201ePala\u010dinke mog \u017eivota\u201c priklju\u010dit \u0107e se i druga gitara (Elvis Dev\u010di\u0107), Bas gitara (Kre\u0161imir Kunda) i Harmonika (Tilen Ko\u017eamelj). To \u0107e biti pravi Pala\u010dinka bend koji \u0107e i nakon izvedbe malo zasvirati\u201c, poru\u010dio je redatelj i glumac David Petrovi\u0107.<\/p>\n<p>\u201ePala\u010dinka mog \u017eivota\u201c, u trajanju od 40 minuta, prilago\u0111ena je za pred\u0161kolski i \u0161kolski uzrast, a premijerno je izvedena 7. svibnja 2012.<\/p>\n","protected":false},"excerpt":{"rendered":"<p>\u00a0 Gradsko kazali\u0161te lutaka Rijeka proslavit \u0107e 200. izvedbu popularne predstave \u201ePala\u010dinka mog \u017eivota\u201c \u2013 autorskog projekta lutkara Davida Petrovi\u0107a specijalnim izdanjem predstave u \u010detvrtak, 28. o\u017eujka 2024. u u 18:00 sati u svojem kazali\u0161tu. \u201ePala\u010dinka\u201c je pri\u010da o kuharu koji cijelog \u017eivota ma\u0161ta o tome da napravi pala\u010dinku \u017eivota i pobijedi na natjecanju. U [&hellip;]<\/p>\n","protected":false},"author":1,"featured_media":0,"comment_status":"closed","ping_status":"closed","sticky":false,"template":"","format":"standard","meta":{"spay_email":""},"categories":[3],"tags":[],"jetpack_featured_media_url":"","yoast_head":"<!-- This site is optimized with the Yoast SEO plugin v15.1.1 - https:\/\/yoast.com\/wordpress\/plugins\/seo\/ -->\n<meta name=\"robots\" content=\"index, follow, max-snippet:-1, max-image-preview:large, max-video-preview:-1\" \/>\n<link rel=\"canonical\" href=\"https:\/\/www.gkl-rijeka.hr\/index.php\/proslava-200-izvedbe-palacinka-mog-zivota\/\" \/>\n<meta property=\"og:locale\" content=\"en_US\" \/>\n<meta property=\"og:type\" content=\"article\" \/>\n<meta property=\"og:title\" content=\"Proslava 200. izvedbe \u201ePala\u010dinka mog \u017eivota&quot; - Gradsko kazali\u0161te lutaka Rijeka\" \/>\n<meta property=\"og:description\" content=\"\u00a0 Gradsko kazali\u0161te lutaka Rijeka proslavit \u0107e 200. izvedbu popularne predstave \u201ePala\u010dinka mog \u017eivota\u201c \u2013 autorskog projekta lutkara Davida Petrovi\u0107a specijalnim izdanjem predstave u \u010detvrtak, 28. o\u017eujka 2024. u u 18:00 sati u svojem kazali\u0161tu. \u201ePala\u010dinka\u201c je pri\u010da o kuharu koji cijelog \u017eivota ma\u0161ta o tome da napravi pala\u010dinku \u017eivota i pobijedi na natjecanju. U [&hellip;]\" \/>\n<meta property=\"og:url\" content=\"https:\/\/www.gkl-rijeka.hr\/index.php\/proslava-200-izvedbe-palacinka-mog-zivota\/\" \/>\n<meta property=\"og:site_name\" content=\"Gradsko kazali\u0161te lutaka Rijeka\" \/>\n<meta property=\"article:publisher\" content=\"https:\/\/www.facebook.com\/gkl.rijeka\" \/>\n<meta property=\"article:published_time\" content=\"2024-03-26T13:41:59+00:00\" \/>\n<meta property=\"article:modified_time\" content=\"2024-03-26T13:45:19+00:00\" \/>\n<meta property=\"og:image\" content=\"https:\/\/www.gkl-rijeka.hr\/wp-content\/uploads\/2024\/02\/Flekavac-200-1024x673.jpg\" \/>\n<meta property=\"fb:app_id\" content=\"368762594246882\" \/>\n<meta name=\"twitter:card\" content=\"summary\" \/>\n<script type=\"application\/ld+json\" class=\"yoast-schema-graph\">{\"@context\":\"https:\/\/schema.org\",\"@graph\":[{\"@type\":\"Organization\",\"@id\":\"https:\/\/www.gkl-rijeka.hr\/#organization\",\"name\":\"Gradsko kazali\\u0161te lutaka Rijeka\",\"url\":\"https:\/\/www.gkl-rijeka.hr\/\",\"sameAs\":[\"https:\/\/www.facebook.com\/gkl.rijeka\"],\"logo\":{\"@type\":\"ImageObject\",\"@id\":\"https:\/\/www.gkl-rijeka.hr\/#logo\",\"inLanguage\":\"en-US\",\"url\":\"https:\/\/www.gkl-rijeka.hr\/wp-content\/uploads\/2020\/10\/logo_boja_01.png?wsr\",\"width\":209,\"height\":280,\"caption\":\"Gradsko kazali\\u0161te lutaka Rijeka\"},\"image\":{\"@id\":\"https:\/\/www.gkl-rijeka.hr\/#logo\"}},{\"@type\":\"WebSite\",\"@id\":\"https:\/\/www.gkl-rijeka.hr\/#website\",\"url\":\"https:\/\/www.gkl-rijeka.hr\/\",\"name\":\"Gradsko kazali\\u0161te lutaka Rijeka\",\"description\":\"\",\"publisher\":{\"@id\":\"https:\/\/www.gkl-rijeka.hr\/#organization\"},\"potentialAction\":[{\"@type\":\"SearchAction\",\"target\":\"https:\/\/www.gkl-rijeka.hr\/?s={search_term_string}\",\"query-input\":\"required name=search_term_string\"}],\"inLanguage\":\"en-US\"},{\"@type\":\"ImageObject\",\"@id\":\"https:\/\/www.gkl-rijeka.hr\/index.php\/proslava-200-izvedbe-palacinka-mog-zivota\/#primaryimage\",\"inLanguage\":\"en-US\",\"url\":\"https:\/\/www.gkl-rijeka.hr\/wp-content\/uploads\/2024\/02\/Flekavac-200-scaled.jpg?wsr\",\"width\":2560,\"height\":1683},{\"@type\":\"WebPage\",\"@id\":\"https:\/\/www.gkl-rijeka.hr\/index.php\/proslava-200-izvedbe-palacinka-mog-zivota\/#webpage\",\"url\":\"https:\/\/www.gkl-rijeka.hr\/index.php\/proslava-200-izvedbe-palacinka-mog-zivota\/\",\"name\":\"Proslava 200. izvedbe \\u201ePala\\u010dinka mog \\u017eivota\\\" - Gradsko kazali\\u0161te lutaka Rijeka\",\"isPartOf\":{\"@id\":\"https:\/\/www.gkl-rijeka.hr\/#website\"},\"primaryImageOfPage\":{\"@id\":\"https:\/\/www.gkl-rijeka.hr\/index.php\/proslava-200-izvedbe-palacinka-mog-zivota\/#primaryimage\"},\"datePublished\":\"2024-03-26T13:41:59+00:00\",\"dateModified\":\"2024-03-26T13:45:19+00:00\",\"inLanguage\":\"en-US\",\"potentialAction\":[{\"@type\":\"ReadAction\",\"target\":[\"https:\/\/www.gkl-rijeka.hr\/index.php\/proslava-200-izvedbe-palacinka-mog-zivota\/\"]}]},{\"@type\":\"Article\",\"@id\":\"https:\/\/www.gkl-rijeka.hr\/index.php\/proslava-200-izvedbe-palacinka-mog-zivota\/#article\",\"isPartOf\":{\"@id\":\"https:\/\/www.gkl-rijeka.hr\/index.php\/proslava-200-izvedbe-palacinka-mog-zivota\/#webpage\"},\"author\":{\"@id\":\"https:\/\/www.gkl-rijeka.hr\/#\/schema\/person\/3d9f7620db983ddf36e45ccae28c8651\"},\"headline\":\"Proslava 200. izvedbe \\u201ePala\\u010dinka mog \\u017eivota&#8221;\",\"datePublished\":\"2024-03-26T13:41:59+00:00\",\"dateModified\":\"2024-03-26T13:45:19+00:00\",\"mainEntityOfPage\":{\"@id\":\"https:\/\/www.gkl-rijeka.hr\/index.php\/proslava-200-izvedbe-palacinka-mog-zivota\/#webpage\"},\"publisher\":{\"@id\":\"https:\/\/www.gkl-rijeka.hr\/#organization\"},\"image\":{\"@id\":\"https:\/\/www.gkl-rijeka.hr\/index.php\/proslava-200-izvedbe-palacinka-mog-zivota\/#primaryimage\"},\"articleSection\":\"Novosti\",\"inLanguage\":\"en-US\"},{\"@type\":\"Person\",\"@id\":\"https:\/\/www.gkl-rijeka.hr\/#\/schema\/person\/3d9f7620db983ddf36e45ccae28c8651\",\"name\":\"Marin\",\"image\":{\"@type\":\"ImageObject\",\"@id\":\"https:\/\/www.gkl-rijeka.hr\/#personlogo\",\"inLanguage\":\"en-US\",\"url\":\"https:\/\/secure.gravatar.com\/avatar\/9ba8e90e29bf7b5691a75673ed86bcba?s=96&d=mm&r=g\",\"caption\":\"Marin\"}}]}<\/script>\n<!-- \/ Yoast SEO plugin. -->","_links":{"self":[{"href":"https:\/\/www.gkl-rijeka.hr\/index.php\/wp-json\/wp\/v2\/posts\/15978"}],"collection":[{"href":"https:\/\/www.gkl-rijeka.hr\/index.php\/wp-json\/wp\/v2\/posts"}],"about":[{"href":"https:\/\/www.gkl-rijeka.hr\/index.php\/wp-json\/wp\/v2\/types\/post"}],"author":[{"embeddable":true,"href":"https:\/\/www.gkl-rijeka.hr\/index.php\/wp-json\/wp\/v2\/users\/1"}],"replies":[{"embeddable":true,"href":"https:\/\/www.gkl-rijeka.hr\/index.php\/wp-json\/wp\/v2\/comments?post=15978"}],"version-history":[{"count":4,"href":"https:\/\/www.gkl-rijeka.hr\/index.php\/wp-json\/wp\/v2\/posts\/15978\/revisions"}],"predecessor-version":[{"id":15982,"href":"https:\/\/www.gkl-rijeka.hr\/index.php\/wp-json\/wp\/v2\/posts\/15978\/revisions\/15982"}],"wp:attachment":[{"href":"https:\/\/www.gkl-rijeka.hr\/index.php\/wp-json\/wp\/v2\/media?parent=15978"}],"wp:term":[{"taxonomy":"category","embeddable":true,"href":"https:\/\/www.gkl-rijeka.hr\/index.php\/wp-json\/wp\/v2\/categories?post=15978"},{"taxonomy":"post_tag","embeddable":true,"href":"https:\/\/www.gkl-rijeka.hr\/index.php\/wp-json\/wp\/v2\/tags?post=15978"}],"curies":[{"name":"wp","href":"https:\/\/api.w.org\/{rel}","templated":true}]}}