{"id":15987,"date":"2024-04-09T14:10:51","date_gmt":"2024-04-09T14:10:51","guid":{"rendered":"https:\/\/www.gkl-rijeka.hr\/?p=15987"},"modified":"2024-04-09T14:10:51","modified_gmt":"2024-04-09T14:10:51","slug":"najavljena-premijera-predstave-zeko-i-potocic","status":"publish","type":"post","link":"https:\/\/www.gkl-rijeka.hr\/index.php\/najavljena-premijera-predstave-zeko-i-potocic\/","title":{"rendered":"Najavljena premijera predstave \u201eZeko i poto\u010di\u0107\u201c"},"content":{"rendered":"<p>Po motivima pjesme Branka Mihaljevi\u0107a \u201eZeko i poto\u010di\u0107\u201c, na kojoj su odrasle brojne generacije, rije\u010dki su lutkari pripremili istoimenu predstavu autorice i redateljice Ton\u010dice Knez, \u010dija \u0107e premijera biti u petak, 12. travnja 2024. u 18 sati u Gradskom kazali\u0161tu lutaka Rijeka, \u0161to \u0107e ujedno biti tre\u0107a i posljednja premijera Kazali\u0161ta u teku\u0107oj sezoni 2023.\/2024. pod motom \u201ePlanet Brajda \u2013 na\u0161 dom\u201c.<\/p>\n<p>\u201eS obzirom da me pjesma <em>Zeko i poto\u010di\u0107<\/em> podsje\u0107a na djetinjstvo, inspiraciju za uprizorenje prona\u0161la sam u sje\u0107anju na djetinjstvo, u sje\u0107anju koje ve\u017eem uz toplinu i uz dom, a to je za mene upravo pravljenje kola\u010da u hladnim zimskim danima. To pravljenje kola\u010da za mene je bilo moje sigurno mjesto, mjesto nje\u017enosti i ljubavi. Ono je bilo moj poto\u010di\u0107, moj dom\u201c, poru\u010dila je autorica i redateljica predstave Ton\u010dica Knez koja je uz dramaturga i asistenta redateljice Marijana Josipovi\u0107a predstavu pripremila u jednom sasvim novom, druga\u010dijem ruhu.<\/p>\n<p>Kako je napomenula i ravnateljica GKL Rijeka Magdalena Lupi Alvir, to je ujedno i nastavak rada Kazali\u0161ta na istra\u017eiva\u010dkom lutkarstvu koje donosi suvremeno \u010ditanje klasika, ali paralelno s time i nastavak poticanja mladih doma\u0107ih umjetnika i lutkara u svom stvarala\u0161tvu. Uz Ton\u010dicu Knez i Marijana Josipovi\u0107a, autorski tim predstave \u010dine i scenografkinja i kreatorica lutaka Lorna Kalazi\u0107 Jeli\u0107, lutkarska tehnologinja i kokreatorica lutaka Lu\u010di Vidanovi\u0107, oblikovatelj svjetla Sanjin Ser\u0161i\u0107 te skladatelj Marko Pernar\u010di\u0107, koji se, kako je rekao i sam, na\u0161ao pred nimalo lakim zadatkom.<\/p>\n<p>Poseban gost na dana\u0161njoj konferenciji za medije bio je Mario Mihaljevi\u0107, sin hrvatskog skladatelja Branka Mihaljevi\u0107a te nasljednik autorskih prava, koji je s publikom podijelio mnoge zanimljivosti na temu ovog dje\u010djeg <em>evergreena<\/em>. Primjerice, skladba za pjesmu \u201eZeko i poto\u010di\u0107\u201c nastala je u samo 20 minuta! Naime, 1954. godine povodom Dana dje\u010dje radosti organizatori su se dovinuli kako na Radio Osijeku osim \u201ePatkica i makovi\u201c nema niti jedne druge dje\u010dje pjesmice koja bi se mogla izvoditi. Tada\u0161nji glazbeni urednik na prijevaru je zatvorio svog suradnika, mladog kompozitora Branka Mihaljevi\u0107a u \u201egluhu sobu\u201c i iz re\u017eije mu zadao zadatak \u2013 napraviti dje\u010dju pjesmu. Prisjetiv\u0161i se svoje pjesmice koju je napisao ba\u0161 u Rijeci, a koja je bila objavljena u \u201eGlasu Slavonije\u201c, u kratkom roku ista je dobila melodiju i svijet je prvi puta \u010duo ovu nje\u017enu pjesmicu \u201eZeko i poto\u010di\u0107\u201c.<\/p>\n<p>Postavljena u novoj, zanimljivoj formi bez klasi\u010dnih lutaka, gdje se lutkarska \u010darolija stvara iz materijala kao \u0161to je bra\u0161no, s puno glazbe i vizualne dramaturgije predstavu izvode hrabri glumci-lutkari Petra Vu\u010dkovi\u0107 i Zlatko Vici\u0107. \u201eNe bi se svatko upustio u ovakav umjetni\u010dki izazov\u201c, dodano je na konferenciji za medije.<\/p>\n<p>Predstava je za uzrast 4+, premijerno \u0107e biti izvedena u petak, 12. travnja u 18:00 sati u GKL Rijeka, a na repertoaru \u0107e biti do 22. travnja. Naravno, zaigrat \u0107e i kasnije u svibnju. Vi\u0161e informacija o predstavi, kao i termini izvedbi za organizirane grupe i slobodnu prodaju, dostupni su na slu\u017ebenoj web stranici Kazali\u0161ta \u2013 <a href=\"http:\/\/www.gkl-rijeka.hr\">www.gkl-rijeka.hr<\/a> Tu se nalaze i sve informacije o kupnji ulaznica.<\/p>\n<p>Pjesma \u201eZeko i poto\u010di\u0107\u201c bila je i dijelom predstave \u201eZeko, zriko i janje\u201c koja je dugi niz godina bila prisutna na sceni GKL Rijeka. No, s odmakom od nekoliko desetlje\u0107a, podario joj se novi, moderniji izgled u budu\u0107oj predstavi za najmla\u0111e.<\/p>\n","protected":false},"excerpt":{"rendered":"<p>Premijera: 12. travnja 2024.  <\/p>\n","protected":false},"author":1,"featured_media":15988,"comment_status":"closed","ping_status":"closed","sticky":false,"template":"","format":"standard","meta":{"spay_email":""},"categories":[3],"tags":[],"jetpack_featured_media_url":"https:\/\/www.gkl-rijeka.hr\/wp-content\/uploads\/2024\/04\/zeko-i-potocic_plakat.jpg?wsr","yoast_head":"<!-- This site is optimized with the Yoast SEO plugin v15.1.1 - https:\/\/yoast.com\/wordpress\/plugins\/seo\/ -->\n<meta name=\"robots\" content=\"index, follow, max-snippet:-1, max-image-preview:large, max-video-preview:-1\" \/>\n<link rel=\"canonical\" href=\"https:\/\/www.gkl-rijeka.hr\/index.php\/najavljena-premijera-predstave-zeko-i-potocic\/\" \/>\n<meta property=\"og:locale\" content=\"en_US\" \/>\n<meta property=\"og:type\" content=\"article\" \/>\n<meta property=\"og:title\" content=\"Najavljena premijera predstave \u201eZeko i poto\u010di\u0107\u201c - Gradsko kazali\u0161te lutaka Rijeka\" \/>\n<meta property=\"og:description\" content=\"Premijera: 12. travnja 2024.\" \/>\n<meta property=\"og:url\" content=\"https:\/\/www.gkl-rijeka.hr\/index.php\/najavljena-premijera-predstave-zeko-i-potocic\/\" \/>\n<meta property=\"og:site_name\" content=\"Gradsko kazali\u0161te lutaka Rijeka\" \/>\n<meta property=\"article:publisher\" content=\"https:\/\/www.facebook.com\/gkl.rijeka\" \/>\n<meta property=\"article:published_time\" content=\"2024-04-09T14:10:51+00:00\" \/>\n<meta property=\"og:image\" content=\"https:\/\/www.gkl-rijeka.hr\/wp-content\/uploads\/2024\/04\/zeko-i-potocic_plakat.jpg?wsr\" \/>\n\t<meta property=\"og:image:width\" content=\"1102\" \/>\n\t<meta property=\"og:image:height\" content=\"2500\" \/>\n<meta property=\"fb:app_id\" content=\"368762594246882\" \/>\n<meta name=\"twitter:card\" content=\"summary\" \/>\n<script type=\"application\/ld+json\" class=\"yoast-schema-graph\">{\"@context\":\"https:\/\/schema.org\",\"@graph\":[{\"@type\":\"Organization\",\"@id\":\"https:\/\/www.gkl-rijeka.hr\/#organization\",\"name\":\"Gradsko kazali\\u0161te lutaka Rijeka\",\"url\":\"https:\/\/www.gkl-rijeka.hr\/\",\"sameAs\":[\"https:\/\/www.facebook.com\/gkl.rijeka\"],\"logo\":{\"@type\":\"ImageObject\",\"@id\":\"https:\/\/www.gkl-rijeka.hr\/#logo\",\"inLanguage\":\"en-US\",\"url\":\"https:\/\/www.gkl-rijeka.hr\/wp-content\/uploads\/2020\/10\/logo_boja_01.png?wsr\",\"width\":209,\"height\":280,\"caption\":\"Gradsko kazali\\u0161te lutaka Rijeka\"},\"image\":{\"@id\":\"https:\/\/www.gkl-rijeka.hr\/#logo\"}},{\"@type\":\"WebSite\",\"@id\":\"https:\/\/www.gkl-rijeka.hr\/#website\",\"url\":\"https:\/\/www.gkl-rijeka.hr\/\",\"name\":\"Gradsko kazali\\u0161te lutaka Rijeka\",\"description\":\"\",\"publisher\":{\"@id\":\"https:\/\/www.gkl-rijeka.hr\/#organization\"},\"potentialAction\":[{\"@type\":\"SearchAction\",\"target\":\"https:\/\/www.gkl-rijeka.hr\/?s={search_term_string}\",\"query-input\":\"required name=search_term_string\"}],\"inLanguage\":\"en-US\"},{\"@type\":\"ImageObject\",\"@id\":\"https:\/\/www.gkl-rijeka.hr\/index.php\/najavljena-premijera-predstave-zeko-i-potocic\/#primaryimage\",\"inLanguage\":\"en-US\",\"url\":\"https:\/\/www.gkl-rijeka.hr\/wp-content\/uploads\/2024\/04\/zeko-i-potocic_plakat.jpg?wsr\",\"width\":1102,\"height\":2500},{\"@type\":\"WebPage\",\"@id\":\"https:\/\/www.gkl-rijeka.hr\/index.php\/najavljena-premijera-predstave-zeko-i-potocic\/#webpage\",\"url\":\"https:\/\/www.gkl-rijeka.hr\/index.php\/najavljena-premijera-predstave-zeko-i-potocic\/\",\"name\":\"Najavljena premijera predstave \\u201eZeko i poto\\u010di\\u0107\\u201c - Gradsko kazali\\u0161te lutaka Rijeka\",\"isPartOf\":{\"@id\":\"https:\/\/www.gkl-rijeka.hr\/#website\"},\"primaryImageOfPage\":{\"@id\":\"https:\/\/www.gkl-rijeka.hr\/index.php\/najavljena-premijera-predstave-zeko-i-potocic\/#primaryimage\"},\"datePublished\":\"2024-04-09T14:10:51+00:00\",\"dateModified\":\"2024-04-09T14:10:51+00:00\",\"inLanguage\":\"en-US\",\"potentialAction\":[{\"@type\":\"ReadAction\",\"target\":[\"https:\/\/www.gkl-rijeka.hr\/index.php\/najavljena-premijera-predstave-zeko-i-potocic\/\"]}]},{\"@type\":\"Article\",\"@id\":\"https:\/\/www.gkl-rijeka.hr\/index.php\/najavljena-premijera-predstave-zeko-i-potocic\/#article\",\"isPartOf\":{\"@id\":\"https:\/\/www.gkl-rijeka.hr\/index.php\/najavljena-premijera-predstave-zeko-i-potocic\/#webpage\"},\"author\":{\"@id\":\"https:\/\/www.gkl-rijeka.hr\/#\/schema\/person\/3d9f7620db983ddf36e45ccae28c8651\"},\"headline\":\"Najavljena premijera predstave \\u201eZeko i poto\\u010di\\u0107\\u201c\",\"datePublished\":\"2024-04-09T14:10:51+00:00\",\"dateModified\":\"2024-04-09T14:10:51+00:00\",\"mainEntityOfPage\":{\"@id\":\"https:\/\/www.gkl-rijeka.hr\/index.php\/najavljena-premijera-predstave-zeko-i-potocic\/#webpage\"},\"publisher\":{\"@id\":\"https:\/\/www.gkl-rijeka.hr\/#organization\"},\"image\":{\"@id\":\"https:\/\/www.gkl-rijeka.hr\/index.php\/najavljena-premijera-predstave-zeko-i-potocic\/#primaryimage\"},\"articleSection\":\"Novosti\",\"inLanguage\":\"en-US\"},{\"@type\":\"Person\",\"@id\":\"https:\/\/www.gkl-rijeka.hr\/#\/schema\/person\/3d9f7620db983ddf36e45ccae28c8651\",\"name\":\"Marin\",\"image\":{\"@type\":\"ImageObject\",\"@id\":\"https:\/\/www.gkl-rijeka.hr\/#personlogo\",\"inLanguage\":\"en-US\",\"url\":\"https:\/\/secure.gravatar.com\/avatar\/9ba8e90e29bf7b5691a75673ed86bcba?s=96&d=mm&r=g\",\"caption\":\"Marin\"}}]}<\/script>\n<!-- \/ Yoast SEO plugin. -->","_links":{"self":[{"href":"https:\/\/www.gkl-rijeka.hr\/index.php\/wp-json\/wp\/v2\/posts\/15987"}],"collection":[{"href":"https:\/\/www.gkl-rijeka.hr\/index.php\/wp-json\/wp\/v2\/posts"}],"about":[{"href":"https:\/\/www.gkl-rijeka.hr\/index.php\/wp-json\/wp\/v2\/types\/post"}],"author":[{"embeddable":true,"href":"https:\/\/www.gkl-rijeka.hr\/index.php\/wp-json\/wp\/v2\/users\/1"}],"replies":[{"embeddable":true,"href":"https:\/\/www.gkl-rijeka.hr\/index.php\/wp-json\/wp\/v2\/comments?post=15987"}],"version-history":[{"count":1,"href":"https:\/\/www.gkl-rijeka.hr\/index.php\/wp-json\/wp\/v2\/posts\/15987\/revisions"}],"predecessor-version":[{"id":15989,"href":"https:\/\/www.gkl-rijeka.hr\/index.php\/wp-json\/wp\/v2\/posts\/15987\/revisions\/15989"}],"wp:featuredmedia":[{"embeddable":true,"href":"https:\/\/www.gkl-rijeka.hr\/index.php\/wp-json\/wp\/v2\/media\/15988"}],"wp:attachment":[{"href":"https:\/\/www.gkl-rijeka.hr\/index.php\/wp-json\/wp\/v2\/media?parent=15987"}],"wp:term":[{"taxonomy":"category","embeddable":true,"href":"https:\/\/www.gkl-rijeka.hr\/index.php\/wp-json\/wp\/v2\/categories?post=15987"},{"taxonomy":"post_tag","embeddable":true,"href":"https:\/\/www.gkl-rijeka.hr\/index.php\/wp-json\/wp\/v2\/tags?post=15987"}],"curies":[{"name":"wp","href":"https:\/\/api.w.org\/{rel}","templated":true}]}}