{"id":16041,"date":"2024-05-16T09:40:00","date_gmt":"2024-05-16T09:40:00","guid":{"rendered":"https:\/\/www.gkl-rijeka.hr\/?p=16041"},"modified":"2024-06-11T09:15:21","modified_gmt":"2024-06-11T09:15:21","slug":"natjecaj-za-radno-mjesto-voditelj-promidzbe-i-marketinga","status":"publish","type":"post","link":"https:\/\/www.gkl-rijeka.hr\/index.php\/natjecaj-za-radno-mjesto-voditelj-promidzbe-i-marketinga\/","title":{"rendered":"Natje\u010daj za radno mjesto \u201eVoditelj promid\u017ebe i marketinga \u201c"},"content":{"rendered":"<p>KLASA: 112-01\/24-01\/03<br \/>\nUR.BR.: 2170-1-30-24-02<\/p>\n<p>Temeljem odredbe \u010dlanka 17. Statuta Gradskog kazali\u0161ta lutaka Rijeka te \u010dlanka 6. Pravilnika o radu, ravnateljica Gradskog kazali\u0161ta lutaka Rijeka raspisuje dana 15. svibnja 2024. godine <\/p>\n<p>N a t j e \u010d a j<br \/>\nza radno mjesto \u201eVoditelj promid\u017ebe i marketinga \u201c<br \/>\n&#8211; 1 izvr\u0161itelj, u punom radnom vremenu, na odre\u0111eno vrijeme,<br \/>\nkao zamjena za privremeno odsutnog radnika<\/p>\n<p>Opis poslova:<br \/>\n&#8211;\trealizira sve oblike prodaje programa za \u0161kole, vrti\u0107e, poduze\u0107a i druge korisnike,<br \/>\n&#8211;\tanalizira tr\u017ei\u0161te i plasira programe Kazali\u0161ta na tr\u017ei\u0161tu, realizira propagandnu djelatnost Kazali\u0161ta,<br \/>\n&#8211;\tdistribuira propagandni materijal,<br \/>\n&#8211;\tpredla\u017ee tjedni i mjese\u010dni raspored programa,<br \/>\n&#8211;\tdaje osnovne informacije korisnicima i medijima,<br \/>\n&#8211;\tobavlja sve potrebne poslove u vezi biljeterske slu\u017ebe,<br \/>\n&#8211;\torganizira konferencije za tisak, radio i TV,<br \/>\n&#8211;\tdogovara rad s vanjskim suradnicima: tekstopiscima, fotografima, video\u2013snimateljima itd.<br \/>\n&#8211;\tsudjeluje u organizaciji Revije lutkarskih kazali\u0161ta<br \/>\n&#8211;\tobavlja administrativne poslove iz djelokruga promid\u017ebe i marketinga,<br \/>\n&#8211;\tobavlja i druge poslova koji odgovaraju njegovoj stru\u010dnoj spremi, znanjima i vje\u0161tinama na temelju ovla\u0161tenja ravnatelja.<\/p>\n<p>Uvjeti:<br \/>\n&#8211;\tmagistar struke ili stru\u010dni specijalist humanisti\u010dke ili dru\u0161tvene struke<br \/>\n&#8211;\tnajmanje 2 godine radnog iskustva na odgovaraju\u0107im poslovima<br \/>\n&#8211;\tznanje jednog stranog jezika<br \/>\n&#8211;\tpoznavanje rada na ra\u010dunalu<\/p>\n<p>Kandidati trebaju dostaviti:<br \/>\n&#8211;\tprijavu na natje\u010daj<br \/>\n&#8211;\t\u017eivotopis (iz kojeg je vidljivo da kandidat zadovoljava sve uvjete natje\u010daja)<br \/>\n&#8211;\tdomovnicu ili osobnu iskaznicu<br \/>\n&#8211;\tdokaz o odgovaraju\u0107em stupnju obrazovanja<br \/>\n&#8211;\tdokaz o odgovaraju\u0107em radnom iskustvu u trajanju od najmanje 2 godine (elektroni\u010dki zapis ili potvrda s podacima o radnim odnosima od HZMO-a o ukupnom radnom iskustvu te potvrda poslodavca ili ugovor o radu iz kojeg je vidljiva vrsta poslova koje je kandidat obavljao)<\/p>\n<p>Isprave se prila\u017eu u preslici, a izabrani kandidat\/kinja predo\u010dit \u0107e dokumentaciju u izvorniku\/ovjerenoj preslici. Prilo\u017eena natje\u010dajna dokumentacija se ne vra\u0107a.<br \/>\nPrijava treba sadr\u017eavati najmanje sljede\u0107e podatke: ime i prezime kandidata\/kinje, adresu, broj telefona i adresu elektroni\u010dke po\u0161te za primanje obavijesti. Prijavom na natje\u010daj kandidati\/kinje dozvoljavaju Gradskom kazali\u0161tu lutaka Rijeka da prikuplja, koristi i obra\u0111uje njihove osobne podatke samo u svrhu provedbe natje\u010dajnog postupka, a sukladno propisima koji ure\u0111uju za\u0161titu osobnih podataka.<br \/>\nNa natje\u010daj se mogu prijaviti osobe oba spola, a izrazi koji se koriste u ovom natje\u010daju u mu\u0161kom rodu, koriste se neutralno i odnose na oba spola.<br \/>\nRadni odnos \u0107e se zasnovati na odre\u0111eno vrijeme i traje do povratka odsutnog djelatnika na posao.<br \/>\nAko kandidat\/kinja ostvaruje prednost pri zapo\u0161ljavanju prema posebnim propisima, du\u017ean\/na je u prijavi na natje\u010daj pozvati se na to pravo i ima prednost u odnosu na ostale kandidate\/kinje samo pod jednakim uvjetima te je du\u017ean\/na uz prijavu na natje\u010daj prilo\u017eiti svu potrebnu dokumentaciju iz koje je vidljivo spomenuto pravo, sukladno posebnom propisu.<br \/>\nOsobe koje pravo prednosti pri zapo\u0161ljavanju ostvaruju temeljem odredbi Zakona o hrvatskim braniteljima iz Domovinskog rata i \u010dlanovima njihovih obitelji (\u201eNarodne novine\u201c broj 121\/17), du\u017ene su uz prijavu na natje\u010daj dostaviti dokaze iz \u010dlanka 103. citiranog Zakona, koji se mogu prona\u0107i na internetskoj stranici Ministarstva hrvatskih branitelja: https:\/\/branitelji.gov.hr\/zaposljavanje-843\/843.<br \/>\nRok za podno\u0161enje prijava je 8 dana od dana objave natje\u010daja na internetskim stranicama Gradskog kazali\u0161ta lutaka Rijeka, a zaklju\u010dno do 23. svibnja 2024. godine. Prijave se podnose preporu\u010deno po\u0161tom ili osobno, u zatvorenoj omotnici, na adresu: Bla\u017ea Poli\u0107a 6, 51000 Rijeka, s naznakom \u201eNatje\u010daj za Voditelja promid\u017ebe i marketinga \u2013 ne otvaraj\u201c.<br \/>\nUrednom prijavom smatra se prijava koja sadr\u017ei sve podatke i priloge navedene u tekstu ovoga natje\u010daja. Nepotpune i nepravovremeno pristigle prijave, kao i prijave kandidata\/kinja koji\/e ne ispunjavaju formalne uvjete iz natje\u010daja, ne\u0107e se razmatrati.<br \/>\nGradsko kazali\u0161te lutaka Rijeka zadr\u017eava pravo da, ukoliko ocijeni da je potrebno, provede postupak selekcije kandidata\/kinja putem razgovora (intervjua) i\/ili provjere radnih sposobnosti. O vremenu odr\u017eavanja razgovora\/provjere radnih sposobnosti kandidati\/kinje \u0107e se obavijestiti putem dostavljenih e-mail adresa ili telefonski.<br \/>\nAko kandidat\/kinja ne pristupi razgovoru\/provjeri radnih sposobnosti, smatrat \u0107e se da je povukao\/la prijavu na natje\u010daj te se u daljnjem postupku vi\u0161e ne\u0107e smatrati kandidatom\/kinjom.<br \/>\nUkoliko se na natje\u010daj prijave osobe koje ne ispunjavaju uvjete natje\u010daja ili ne zadovolje provjeru radnih sposobnosti, kao i zbog drugih nepredvidivih okolnosti, Gradsko kazali\u0161te lutaka Rijeka zadr\u017eava pravo ne donijeti odluku o izboru kandidata i\/ili poni\u0161titi natje\u010daj bez posebnog obrazlo\u017eenja.<br \/>\nO rezultatima natje\u010daja kandidati \u0107e biti obavije\u0161teni putem elektroni\u010dke po\u0161te, najkasnije u roku od 30 dana od dana isteka roka za podno\u0161enje prijava, a Odluka o izboru kandidata biti \u0107e objavljena i na internetskoj stranici GKL-a Rijeka www.gkl-rijeka.hr.<\/p>\n<p>Gradsko kazali\u0161te lutaka Rijeka<br \/>\nMagdalena Lupi Alvir, ravnateljica<\/p>\n<p><a href=\"https:\/\/www.gkl-rijeka.hr\/wp-content\/uploads\/2024\/06\/ODLUKA-O-IZBORU-2024..docx\">Rezultat natje\u010daja mo\u017eete pogledati ovdje<\/a>.<\/p>\n","protected":false},"excerpt":{"rendered":"<p>otvoren do 23. svibnja 2024.<\/p>\n","protected":false},"author":1,"featured_media":13578,"comment_status":"closed","ping_status":"closed","sticky":false,"template":"","format":"standard","meta":{"spay_email":""},"categories":[3],"tags":[],"jetpack_featured_media_url":"https:\/\/www.gkl-rijeka.hr\/wp-content\/uploads\/2022\/09\/Ana-Susic-Magdalena-Lupi-Alvir-i-Ivan-Sarar-scaled.jpg?wsr","yoast_head":"<!-- This site is optimized with the Yoast SEO plugin v15.1.1 - https:\/\/yoast.com\/wordpress\/plugins\/seo\/ -->\n<meta name=\"robots\" content=\"index, follow, max-snippet:-1, max-image-preview:large, max-video-preview:-1\" \/>\n<link rel=\"canonical\" href=\"https:\/\/www.gkl-rijeka.hr\/index.php\/natjecaj-za-radno-mjesto-voditelj-promidzbe-i-marketinga\/\" \/>\n<meta property=\"og:locale\" content=\"en_US\" \/>\n<meta property=\"og:type\" content=\"article\" \/>\n<meta property=\"og:title\" content=\"Natje\u010daj za radno mjesto \u201eVoditelj promid\u017ebe i marketinga \u201c - Gradsko kazali\u0161te lutaka Rijeka\" \/>\n<meta property=\"og:description\" content=\"otvoren do 23. svibnja 2024.\" \/>\n<meta property=\"og:url\" content=\"https:\/\/www.gkl-rijeka.hr\/index.php\/natjecaj-za-radno-mjesto-voditelj-promidzbe-i-marketinga\/\" \/>\n<meta property=\"og:site_name\" content=\"Gradsko kazali\u0161te lutaka Rijeka\" \/>\n<meta property=\"article:publisher\" content=\"https:\/\/www.facebook.com\/gkl.rijeka\" \/>\n<meta property=\"article:published_time\" content=\"2024-05-16T09:40:00+00:00\" \/>\n<meta property=\"article:modified_time\" content=\"2024-06-11T09:15:21+00:00\" \/>\n<meta property=\"og:image\" content=\"https:\/\/www.gkl-rijeka.hr\/wp-content\/uploads\/2022\/09\/Ana-Susic-Magdalena-Lupi-Alvir-i-Ivan-Sarar-scaled.jpg?wsr\" \/>\n\t<meta property=\"og:image:width\" content=\"2560\" \/>\n\t<meta property=\"og:image:height\" content=\"1707\" \/>\n<meta property=\"fb:app_id\" content=\"368762594246882\" \/>\n<meta name=\"twitter:card\" content=\"summary\" \/>\n<script type=\"application\/ld+json\" class=\"yoast-schema-graph\">{\"@context\":\"https:\/\/schema.org\",\"@graph\":[{\"@type\":\"Organization\",\"@id\":\"https:\/\/www.gkl-rijeka.hr\/#organization\",\"name\":\"Gradsko kazali\\u0161te lutaka Rijeka\",\"url\":\"https:\/\/www.gkl-rijeka.hr\/\",\"sameAs\":[\"https:\/\/www.facebook.com\/gkl.rijeka\"],\"logo\":{\"@type\":\"ImageObject\",\"@id\":\"https:\/\/www.gkl-rijeka.hr\/#logo\",\"inLanguage\":\"en-US\",\"url\":\"https:\/\/www.gkl-rijeka.hr\/wp-content\/uploads\/2020\/10\/logo_boja_01.png?wsr\",\"width\":209,\"height\":280,\"caption\":\"Gradsko kazali\\u0161te lutaka Rijeka\"},\"image\":{\"@id\":\"https:\/\/www.gkl-rijeka.hr\/#logo\"}},{\"@type\":\"WebSite\",\"@id\":\"https:\/\/www.gkl-rijeka.hr\/#website\",\"url\":\"https:\/\/www.gkl-rijeka.hr\/\",\"name\":\"Gradsko kazali\\u0161te lutaka Rijeka\",\"description\":\"\",\"publisher\":{\"@id\":\"https:\/\/www.gkl-rijeka.hr\/#organization\"},\"potentialAction\":[{\"@type\":\"SearchAction\",\"target\":\"https:\/\/www.gkl-rijeka.hr\/?s={search_term_string}\",\"query-input\":\"required name=search_term_string\"}],\"inLanguage\":\"en-US\"},{\"@type\":\"ImageObject\",\"@id\":\"https:\/\/www.gkl-rijeka.hr\/index.php\/natjecaj-za-radno-mjesto-voditelj-promidzbe-i-marketinga\/#primaryimage\",\"inLanguage\":\"en-US\",\"url\":\"https:\/\/www.gkl-rijeka.hr\/wp-content\/uploads\/2022\/09\/Ana-Susic-Magdalena-Lupi-Alvir-i-Ivan-Sarar-scaled.jpg?wsr\",\"width\":2560,\"height\":1707},{\"@type\":\"WebPage\",\"@id\":\"https:\/\/www.gkl-rijeka.hr\/index.php\/natjecaj-za-radno-mjesto-voditelj-promidzbe-i-marketinga\/#webpage\",\"url\":\"https:\/\/www.gkl-rijeka.hr\/index.php\/natjecaj-za-radno-mjesto-voditelj-promidzbe-i-marketinga\/\",\"name\":\"Natje\\u010daj za radno mjesto \\u201eVoditelj promid\\u017ebe i marketinga \\u201c - Gradsko kazali\\u0161te lutaka Rijeka\",\"isPartOf\":{\"@id\":\"https:\/\/www.gkl-rijeka.hr\/#website\"},\"primaryImageOfPage\":{\"@id\":\"https:\/\/www.gkl-rijeka.hr\/index.php\/natjecaj-za-radno-mjesto-voditelj-promidzbe-i-marketinga\/#primaryimage\"},\"datePublished\":\"2024-05-16T09:40:00+00:00\",\"dateModified\":\"2024-06-11T09:15:21+00:00\",\"inLanguage\":\"en-US\",\"potentialAction\":[{\"@type\":\"ReadAction\",\"target\":[\"https:\/\/www.gkl-rijeka.hr\/index.php\/natjecaj-za-radno-mjesto-voditelj-promidzbe-i-marketinga\/\"]}]},{\"@type\":\"Article\",\"@id\":\"https:\/\/www.gkl-rijeka.hr\/index.php\/natjecaj-za-radno-mjesto-voditelj-promidzbe-i-marketinga\/#article\",\"isPartOf\":{\"@id\":\"https:\/\/www.gkl-rijeka.hr\/index.php\/natjecaj-za-radno-mjesto-voditelj-promidzbe-i-marketinga\/#webpage\"},\"author\":{\"@id\":\"https:\/\/www.gkl-rijeka.hr\/#\/schema\/person\/3d9f7620db983ddf36e45ccae28c8651\"},\"headline\":\"Natje\\u010daj za radno mjesto \\u201eVoditelj promid\\u017ebe i marketinga \\u201c\",\"datePublished\":\"2024-05-16T09:40:00+00:00\",\"dateModified\":\"2024-06-11T09:15:21+00:00\",\"mainEntityOfPage\":{\"@id\":\"https:\/\/www.gkl-rijeka.hr\/index.php\/natjecaj-za-radno-mjesto-voditelj-promidzbe-i-marketinga\/#webpage\"},\"publisher\":{\"@id\":\"https:\/\/www.gkl-rijeka.hr\/#organization\"},\"image\":{\"@id\":\"https:\/\/www.gkl-rijeka.hr\/index.php\/natjecaj-za-radno-mjesto-voditelj-promidzbe-i-marketinga\/#primaryimage\"},\"articleSection\":\"Novosti\",\"inLanguage\":\"en-US\"},{\"@type\":\"Person\",\"@id\":\"https:\/\/www.gkl-rijeka.hr\/#\/schema\/person\/3d9f7620db983ddf36e45ccae28c8651\",\"name\":\"Marin\",\"image\":{\"@type\":\"ImageObject\",\"@id\":\"https:\/\/www.gkl-rijeka.hr\/#personlogo\",\"inLanguage\":\"en-US\",\"url\":\"https:\/\/secure.gravatar.com\/avatar\/9ba8e90e29bf7b5691a75673ed86bcba?s=96&d=mm&r=g\",\"caption\":\"Marin\"}}]}<\/script>\n<!-- \/ Yoast SEO plugin. -->","_links":{"self":[{"href":"https:\/\/www.gkl-rijeka.hr\/index.php\/wp-json\/wp\/v2\/posts\/16041"}],"collection":[{"href":"https:\/\/www.gkl-rijeka.hr\/index.php\/wp-json\/wp\/v2\/posts"}],"about":[{"href":"https:\/\/www.gkl-rijeka.hr\/index.php\/wp-json\/wp\/v2\/types\/post"}],"author":[{"embeddable":true,"href":"https:\/\/www.gkl-rijeka.hr\/index.php\/wp-json\/wp\/v2\/users\/1"}],"replies":[{"embeddable":true,"href":"https:\/\/www.gkl-rijeka.hr\/index.php\/wp-json\/wp\/v2\/comments?post=16041"}],"version-history":[{"count":4,"href":"https:\/\/www.gkl-rijeka.hr\/index.php\/wp-json\/wp\/v2\/posts\/16041\/revisions"}],"predecessor-version":[{"id":16064,"href":"https:\/\/www.gkl-rijeka.hr\/index.php\/wp-json\/wp\/v2\/posts\/16041\/revisions\/16064"}],"wp:featuredmedia":[{"embeddable":true,"href":"https:\/\/www.gkl-rijeka.hr\/index.php\/wp-json\/wp\/v2\/media\/13578"}],"wp:attachment":[{"href":"https:\/\/www.gkl-rijeka.hr\/index.php\/wp-json\/wp\/v2\/media?parent=16041"}],"wp:term":[{"taxonomy":"category","embeddable":true,"href":"https:\/\/www.gkl-rijeka.hr\/index.php\/wp-json\/wp\/v2\/categories?post=16041"},{"taxonomy":"post_tag","embeddable":true,"href":"https:\/\/www.gkl-rijeka.hr\/index.php\/wp-json\/wp\/v2\/tags?post=16041"}],"curies":[{"name":"wp","href":"https:\/\/api.w.org\/{rel}","templated":true}]}}