{"id":16095,"date":"2024-07-04T11:14:00","date_gmt":"2024-07-04T11:14:00","guid":{"rendered":"https:\/\/www.gkl-rijeka.hr\/?p=16095"},"modified":"2024-07-04T11:20:52","modified_gmt":"2024-07-04T11:20:52","slug":"selekcija-predstava-za-29-reviju-lutkarskih-kazalista-u-rijeci","status":"publish","type":"post","link":"https:\/\/www.gkl-rijeka.hr\/index.php\/selekcija-predstava-za-29-reviju-lutkarskih-kazalista-u-rijeci\/","title":{"rendered":"Selekcija predstava za 29. reviju lutkarskih kazali\u0161ta u Rijeci"},"content":{"rendered":"<p>Selekcijski odbor 29. Revije lutkarskih kazali\u0161ta te ravnateljica Kazali\u0161ta i Revije, Magdalena Lupi Alvir, nakon pogledanih 50 prijavljenih predstava, donijeli su sljede\u0107u odluku o odabiru gostuju\u0107ih predstava na Reviji 2024.<\/p>\n<p>Selektirane predstave su:<br \/>\n1.\u201c\u010cetiri \u010dudesne nezgode\u201d u izvedbi DK Branka Mihaljevi\u0107a u Osijeku<br \/>\n2.\u201cZezop\u201d u izvedbi KL Zadar<br \/>\n3.\u201c\u0160apat du\u0161e\u201d, u izvedbi HNK u Vara\u017edinu<br \/>\n4.\u201cMi\u0161ek Julijan\u201d u izvedbi LG Ljubljana, Slovenija<br \/>\n5.\u201cPradevoj\u010dica\u201d u izvedbi NP \u201cTo\u0161a Jovanovi\u0107\u201d, Zrenjanin, Srbija<br \/>\n6.\u201cBajka sva od \u0161e\u0107era\u201d u izvedbi Kazali\u0161ta Virovitica<br \/>\n7.\u201cO nje\u017enosti\u201d u izvedbi Pozori\u0161ta lutaka Mostar, BiH<br \/>\n8.\u201cHarms je kriv\u201d u izvedbi Teatra Matita, Slovenija<br \/>\n9.\u201cSafari\u201d u izvedbi Talentshow theatre, Tajland<br \/>\n10.\u201cMali posjetitelji\u201d, Centar za izvedbene umjetnosti Teren, Brno, \u010ce\u0161ka<br \/>\n11.\u201cBomboniera Variete!\u201d u izvedbi Gradskog kazali\u0161ta lutaka Rijeka<\/p>\n<p>Kazali\u0161te kao organizator Revije zadr\u017eava pravo izmjene programa iz tehni\u010dkih razloga. Odabrana kazali\u0161ta bit \u0107e o terminu izvedbi obavije\u0161tena u najkra\u0107em roku.<\/p>\n<p>Zahvaljujemo svima na prijavama i veselimo se susretu u Rijeci najesen!<\/p>\n<p>&nbsp;<\/p>\n","protected":false},"excerpt":{"rendered":"<p>Selekcijski odbor 29. Revije lutkarskih kazali\u0161ta te ravnateljica Kazali\u0161ta i Revije, Magdalena Lupi Alvir, nakon pogledanih 50 prijavljenih predstava, donijeli su sljede\u0107u odluku o odabiru gostuju\u0107ih predstava na Reviji 2024. Selektirane predstave su: 1.\u201c\u010cetiri \u010dudesne nezgode\u201d u izvedbi DK Branka Mihaljevi\u0107a u Osijeku 2.\u201cZezop\u201d u izvedbi KL Zadar 3.\u201c\u0160apat du\u0161e\u201d, u izvedbi HNK u Vara\u017edinu [&hellip;]<\/p>\n","protected":false},"author":1,"featured_media":16096,"comment_status":"closed","ping_status":"closed","sticky":false,"template":"","format":"standard","meta":{"spay_email":""},"categories":[3],"tags":[],"jetpack_featured_media_url":"https:\/\/www.gkl-rijeka.hr\/wp-content\/uploads\/2024\/07\/Bomboniere_012-scaled.jpg?wsr","yoast_head":"<!-- This site is optimized with the Yoast SEO plugin v15.1.1 - https:\/\/yoast.com\/wordpress\/plugins\/seo\/ -->\n<meta name=\"robots\" content=\"index, follow, max-snippet:-1, max-image-preview:large, max-video-preview:-1\" \/>\n<link rel=\"canonical\" href=\"https:\/\/www.gkl-rijeka.hr\/index.php\/selekcija-predstava-za-29-reviju-lutkarskih-kazalista-u-rijeci\/\" \/>\n<meta property=\"og:locale\" content=\"en_US\" \/>\n<meta property=\"og:type\" content=\"article\" \/>\n<meta property=\"og:title\" content=\"Selekcija predstava za 29. reviju lutkarskih kazali\u0161ta u Rijeci - Gradsko kazali\u0161te lutaka Rijeka\" \/>\n<meta property=\"og:description\" content=\"Selekcijski odbor 29. Revije lutkarskih kazali\u0161ta te ravnateljica Kazali\u0161ta i Revije, Magdalena Lupi Alvir, nakon pogledanih 50 prijavljenih predstava, donijeli su sljede\u0107u odluku o odabiru gostuju\u0107ih predstava na Reviji 2024. Selektirane predstave su: 1.\u201c\u010cetiri \u010dudesne nezgode\u201d u izvedbi DK Branka Mihaljevi\u0107a u Osijeku 2.\u201cZezop\u201d u izvedbi KL Zadar 3.\u201c\u0160apat du\u0161e\u201d, u izvedbi HNK u Vara\u017edinu [&hellip;]\" \/>\n<meta property=\"og:url\" content=\"https:\/\/www.gkl-rijeka.hr\/index.php\/selekcija-predstava-za-29-reviju-lutkarskih-kazalista-u-rijeci\/\" \/>\n<meta property=\"og:site_name\" content=\"Gradsko kazali\u0161te lutaka Rijeka\" \/>\n<meta property=\"article:publisher\" content=\"https:\/\/www.facebook.com\/gkl.rijeka\" \/>\n<meta property=\"article:published_time\" content=\"2024-07-04T11:14:00+00:00\" \/>\n<meta property=\"article:modified_time\" content=\"2024-07-04T11:20:52+00:00\" \/>\n<meta property=\"og:image\" content=\"https:\/\/www.gkl-rijeka.hr\/wp-content\/uploads\/2024\/07\/Bomboniere_012-scaled.jpg?wsr\" \/>\n\t<meta property=\"og:image:width\" content=\"2560\" \/>\n\t<meta property=\"og:image:height\" content=\"1707\" \/>\n<meta property=\"fb:app_id\" content=\"368762594246882\" \/>\n<meta name=\"twitter:card\" content=\"summary\" \/>\n<script type=\"application\/ld+json\" class=\"yoast-schema-graph\">{\"@context\":\"https:\/\/schema.org\",\"@graph\":[{\"@type\":\"Organization\",\"@id\":\"https:\/\/www.gkl-rijeka.hr\/#organization\",\"name\":\"Gradsko kazali\\u0161te lutaka Rijeka\",\"url\":\"https:\/\/www.gkl-rijeka.hr\/\",\"sameAs\":[\"https:\/\/www.facebook.com\/gkl.rijeka\"],\"logo\":{\"@type\":\"ImageObject\",\"@id\":\"https:\/\/www.gkl-rijeka.hr\/#logo\",\"inLanguage\":\"en-US\",\"url\":\"https:\/\/www.gkl-rijeka.hr\/wp-content\/uploads\/2020\/10\/logo_boja_01.png?wsr\",\"width\":209,\"height\":280,\"caption\":\"Gradsko kazali\\u0161te lutaka Rijeka\"},\"image\":{\"@id\":\"https:\/\/www.gkl-rijeka.hr\/#logo\"}},{\"@type\":\"WebSite\",\"@id\":\"https:\/\/www.gkl-rijeka.hr\/#website\",\"url\":\"https:\/\/www.gkl-rijeka.hr\/\",\"name\":\"Gradsko kazali\\u0161te lutaka Rijeka\",\"description\":\"\",\"publisher\":{\"@id\":\"https:\/\/www.gkl-rijeka.hr\/#organization\"},\"potentialAction\":[{\"@type\":\"SearchAction\",\"target\":\"https:\/\/www.gkl-rijeka.hr\/?s={search_term_string}\",\"query-input\":\"required name=search_term_string\"}],\"inLanguage\":\"en-US\"},{\"@type\":\"ImageObject\",\"@id\":\"https:\/\/www.gkl-rijeka.hr\/index.php\/selekcija-predstava-za-29-reviju-lutkarskih-kazalista-u-rijeci\/#primaryimage\",\"inLanguage\":\"en-US\",\"url\":\"https:\/\/www.gkl-rijeka.hr\/wp-content\/uploads\/2024\/07\/Bomboniere_012-scaled.jpg?wsr\",\"width\":2560,\"height\":1707},{\"@type\":\"WebPage\",\"@id\":\"https:\/\/www.gkl-rijeka.hr\/index.php\/selekcija-predstava-za-29-reviju-lutkarskih-kazalista-u-rijeci\/#webpage\",\"url\":\"https:\/\/www.gkl-rijeka.hr\/index.php\/selekcija-predstava-za-29-reviju-lutkarskih-kazalista-u-rijeci\/\",\"name\":\"Selekcija predstava za 29. reviju lutkarskih kazali\\u0161ta u Rijeci - Gradsko kazali\\u0161te lutaka Rijeka\",\"isPartOf\":{\"@id\":\"https:\/\/www.gkl-rijeka.hr\/#website\"},\"primaryImageOfPage\":{\"@id\":\"https:\/\/www.gkl-rijeka.hr\/index.php\/selekcija-predstava-za-29-reviju-lutkarskih-kazalista-u-rijeci\/#primaryimage\"},\"datePublished\":\"2024-07-04T11:14:00+00:00\",\"dateModified\":\"2024-07-04T11:20:52+00:00\",\"inLanguage\":\"en-US\",\"potentialAction\":[{\"@type\":\"ReadAction\",\"target\":[\"https:\/\/www.gkl-rijeka.hr\/index.php\/selekcija-predstava-za-29-reviju-lutkarskih-kazalista-u-rijeci\/\"]}]},{\"@type\":\"Article\",\"@id\":\"https:\/\/www.gkl-rijeka.hr\/index.php\/selekcija-predstava-za-29-reviju-lutkarskih-kazalista-u-rijeci\/#article\",\"isPartOf\":{\"@id\":\"https:\/\/www.gkl-rijeka.hr\/index.php\/selekcija-predstava-za-29-reviju-lutkarskih-kazalista-u-rijeci\/#webpage\"},\"author\":{\"@id\":\"https:\/\/www.gkl-rijeka.hr\/#\/schema\/person\/3d9f7620db983ddf36e45ccae28c8651\"},\"headline\":\"Selekcija predstava za 29. reviju lutkarskih kazali\\u0161ta u Rijeci\",\"datePublished\":\"2024-07-04T11:14:00+00:00\",\"dateModified\":\"2024-07-04T11:20:52+00:00\",\"mainEntityOfPage\":{\"@id\":\"https:\/\/www.gkl-rijeka.hr\/index.php\/selekcija-predstava-za-29-reviju-lutkarskih-kazalista-u-rijeci\/#webpage\"},\"publisher\":{\"@id\":\"https:\/\/www.gkl-rijeka.hr\/#organization\"},\"image\":{\"@id\":\"https:\/\/www.gkl-rijeka.hr\/index.php\/selekcija-predstava-za-29-reviju-lutkarskih-kazalista-u-rijeci\/#primaryimage\"},\"articleSection\":\"Novosti\",\"inLanguage\":\"en-US\"},{\"@type\":\"Person\",\"@id\":\"https:\/\/www.gkl-rijeka.hr\/#\/schema\/person\/3d9f7620db983ddf36e45ccae28c8651\",\"name\":\"Marin\",\"image\":{\"@type\":\"ImageObject\",\"@id\":\"https:\/\/www.gkl-rijeka.hr\/#personlogo\",\"inLanguage\":\"en-US\",\"url\":\"https:\/\/secure.gravatar.com\/avatar\/9ba8e90e29bf7b5691a75673ed86bcba?s=96&d=mm&r=g\",\"caption\":\"Marin\"}}]}<\/script>\n<!-- \/ Yoast SEO plugin. -->","_links":{"self":[{"href":"https:\/\/www.gkl-rijeka.hr\/index.php\/wp-json\/wp\/v2\/posts\/16095"}],"collection":[{"href":"https:\/\/www.gkl-rijeka.hr\/index.php\/wp-json\/wp\/v2\/posts"}],"about":[{"href":"https:\/\/www.gkl-rijeka.hr\/index.php\/wp-json\/wp\/v2\/types\/post"}],"author":[{"embeddable":true,"href":"https:\/\/www.gkl-rijeka.hr\/index.php\/wp-json\/wp\/v2\/users\/1"}],"replies":[{"embeddable":true,"href":"https:\/\/www.gkl-rijeka.hr\/index.php\/wp-json\/wp\/v2\/comments?post=16095"}],"version-history":[{"count":8,"href":"https:\/\/www.gkl-rijeka.hr\/index.php\/wp-json\/wp\/v2\/posts\/16095\/revisions"}],"predecessor-version":[{"id":16107,"href":"https:\/\/www.gkl-rijeka.hr\/index.php\/wp-json\/wp\/v2\/posts\/16095\/revisions\/16107"}],"wp:featuredmedia":[{"embeddable":true,"href":"https:\/\/www.gkl-rijeka.hr\/index.php\/wp-json\/wp\/v2\/media\/16096"}],"wp:attachment":[{"href":"https:\/\/www.gkl-rijeka.hr\/index.php\/wp-json\/wp\/v2\/media?parent=16095"}],"wp:term":[{"taxonomy":"category","embeddable":true,"href":"https:\/\/www.gkl-rijeka.hr\/index.php\/wp-json\/wp\/v2\/categories?post=16095"},{"taxonomy":"post_tag","embeddable":true,"href":"https:\/\/www.gkl-rijeka.hr\/index.php\/wp-json\/wp\/v2\/tags?post=16095"}],"curies":[{"name":"wp","href":"https:\/\/api.w.org\/{rel}","templated":true}]}}