{"id":16109,"date":"2024-07-04T13:13:36","date_gmt":"2024-07-04T13:13:36","guid":{"rendered":"https:\/\/www.gkl-rijeka.hr\/?p=16109"},"modified":"2024-07-04T13:15:36","modified_gmt":"2024-07-04T13:15:36","slug":"natjecaj-za-radno-mjesto-majstor-tona-3","status":"publish","type":"post","link":"https:\/\/www.gkl-rijeka.hr\/index.php\/natjecaj-za-radno-mjesto-majstor-tona-3\/","title":{"rendered":"Natje\u010daj za radno mjesto \u201eMajstor tona \u201c"},"content":{"rendered":"<p>Temeljem odredbe \u010dlanka 16. Statuta Gradskog kazali\u0161ta lutaka Rijeka te \u010dlanka 6. Pravilnika o<br \/>\nradu, ravnateljica Gradskog kazali\u0161ta lutaka Rijeka raspisuje dana 04. srpnja 2024. godine<br \/>\nN a t j e \u010d a j<br \/>\nza radno mjesto \u201eMAJSTOR TONA\u201c<br \/>\n&#8211; 1 izvr\u0161itelj\/ica, u punom radnom vremenu, na odre\u0111eno vrijeme u trajanju 1 godine<br \/>\nOpis poslova:<br \/>\n&#8211; obavlja sve poslove vezane uz tonski dio predstave,<br \/>\n&#8211; obavlja tonsku obradu predstava,<br \/>\n&#8211; obavlja poslove odr\u017eavanja tonske opreme,<br \/>\n&#8211; po potrebi poma\u017ee pri obavljanju poslova monta\u017ee, demonta\u017ee, ukrcaja i iskrcavanja,<br \/>\n&#8211; obavlja poslove voza\u010da<br \/>\n&#8211; obavlja i druge poslove koji odgovaraju njegovoj stru\u010dnoj spremi, znanjima i vje\u0161tinama<br \/>\nprema zahtjevu ravnatelja i organizatora kazali\u0161ne i scenske tehnike i proizvodnje te im je<br \/>\nneposredno odgovoran za svoj rad.<br \/>\nUvjeti:<br \/>\n&#8211; Srednja stru\u010dna sprema elektrotehni\u010dkog smjera,<br \/>\n&#8211; najmanje 1 godina radnog iskustva na odgovaraju\u0107im poslovima (radno iskustvo u svim<br \/>\nposlovima vezanim uz tonski dio predstave, monta\u017ei, demonta\u017ei, tonskoj obradi<br \/>\npredstava, odr\u017eavanju tonske opreme),<br \/>\n&#8211; nadarenost za kazali\u0161no-scenski rad,<br \/>\n&#8211; poznavanje rada ure\u0111ajima za ton i rasvjetu,<br \/>\n&#8211; poznavanje elektro-akustike<br \/>\n&#8211; poznavanje rada na ra\u010dunalu,<br \/>\n&#8211; polo\u017een voza\u010dki ispit B kategorije.<br \/>\nKandidati trebaju dostaviti:<br \/>\n&#8211; prijavu na natje\u010daj<br \/>\n&#8211; \u017eivotopis (iz kojeg je vidljivo da kandidat zadovoljava sve uvjete natje\u010daja)<br \/>\n&#8211; domovnicu ili osobnu iskaznicu<br \/>\n&#8211; dokaz o odgovaraju\u0107em stupnju obrazovanja<br \/>\n&#8211; voza\u010dka dozvola<br \/>\n&#8211; dokaz o odgovaraju\u0107em radnom iskustvu u trajanju od najmanje 1 godine (elektroni\u010dki<br \/>\nzapis ili potvrda s podacima o radnim odnosima od HZMO-a o ukupnom radnom iskustvu<br \/>\nte potvrda poslodavca ili ugovor o radu iz kojeg je vidljiva vrsta poslova koje je kandidat<br \/>\nobavljao)<br \/>\nIsprave se prila\u017eu u preslici, a izabrani kandidat\/kinja predo\u010dit \u0107e dokumentaciju u<br \/>\nizvorniku\/ovjerenoj preslici. Prilo\u017eena natje\u010dajna dokumentacija se ne vra\u0107a.<br \/>\nPrijava treba sadr\u017eavati najmanje sljede\u0107e podatke: ime i prezime kandidata\/kinje, adresu, broj<br \/>\ntelefona i adresu elektroni\u010dke po\u0161te za primanje obavijesti. Prijavom na natje\u010daj kandidati\/kinje<br \/>\ndozvoljavaju Gradskom kazali\u0161tu lutaka Rijeka da prikuplja, koristi i obra\u0111uje njihove osobne<br \/>\npodatke samo u svrhu provedbe natje\u010dajnog postupka, a sukladno propisima koji ure\u0111uju za\u0161titu<br \/>\nosobnih podataka.<\/p>\n<p>Na natje\u010daj se mogu prijaviti osobe oba spola, a izrazi koji se koriste u ovom natje\u010daju u mu\u0161kom<br \/>\nrodu, koriste se neutralno i odnose na oba spola.<br \/>\nRadni odnos \u0107e se zasnovati na jednu (1) godinu uz probni rad od 2 mjeseca, uz mogu\u0107nost<br \/>\nzaklju\u010divanja ugovora na neodre\u0111eno.<br \/>\nAko kandidat\/kinja ostvaruje prednost pri zapo\u0161ljavanju prema posebnim propisima, du\u017ean\/na je<br \/>\nu prijavi na natje\u010daj pozvati se na to pravo i ima prednost u odnosu na ostale kandidate\/kinje<br \/>\nsamo pod jednakim uvjetima te je du\u017ean\/na uz prijavu na natje\u010daj prilo\u017eiti svu potrebnu<br \/>\ndokumentaciju iz koje je vidljivo spomenuto pravo, sukladno posebnom propisu.<br \/>\nOsobe koje pravo prednosti pri zapo\u0161ljavanju ostvaruju temeljem odredbi Zakona o hrvatskim<br \/>\nbraniteljima iz Domovinskog rata i \u010dlanovima njihovih obitelji (\u201eNarodne novine\u201c broj 121\/17),<br \/>\ndu\u017ene su uz prijavu na natje\u010daj dostaviti dokaze iz \u010dlanka 103. citiranog Zakona, koji se mogu<br \/>\nprona\u0107i na internetskoj stranici Ministarstva hrvatskih branitelja:<br \/>\nhttps:\/\/branitelji.gov.hr\/zaposljavanje-843\/843.<br \/>\nRok za podno\u0161enje prijava je 8 dana od dana objave natje\u010daja na internetskim stranicama<br \/>\nGradskog kazali\u0161ta lutaka Rijeka, a zaklju\u010dno do 12. srpnja 2024. godine. Prijave se podnose<br \/>\npreporu\u010deno po\u0161tom ili osobno, u zatvorenoj omotnici, na adresu: Bla\u017ea Poli\u0107a 6, 51000 Rijeka, s<br \/>\nnaznakom \u201eNatje\u010daj za MAJSTORA TONA \u2013 ne otvaraj\u201c.<br \/>\nUrednom prijavom smatra se prijava koja sadr\u017ei sve podatke i priloge navedene u tekstu ovoga<br \/>\nnatje\u010daja. Nepotpune i nepravovremeno pristigle prijave, kao i prijave kandidata\/kinja koji\/e ne<br \/>\nispunjavaju formalne uvjete iz natje\u010daja, ne\u0107e se razmatrati.<br \/>\nGradsko kazali\u0161te lutaka Rijeka zadr\u017eava pravo da, ukoliko ocijeni da je potrebno, provede<br \/>\npostupak selekcije kandidata\/kinja putem razgovora (intervjua) i\/ili provjere radnih sposobnosti.<br \/>\nO vremenu odr\u017eavanja razgovora\/provjere radnih sposobnosti kandidati\/kinje \u0107e se obavijestiti<br \/>\nputem dostavljenih e-mail adresa ili telefonski.<br \/>\nAko kandidat\/kinja ne pristupi razgovoru\/provjeri radnih sposobnosti, smatrat \u0107e se da je<br \/>\npovukao\/la prijavu na natje\u010daj te se u daljnjem postupku vi\u0161e ne\u0107e smatrati kandidatom\/kinjom.<br \/>\nUkoliko se na natje\u010daj prijave osobe koje ne ispunjavaju uvjete natje\u010daja ili ne zadovolje provjeru<br \/>\nradnih sposobnosti, kao i zbog drugih nepredvidivih okolnosti, Gradsko kazali\u0161te lutaka Rijeka<br \/>\nzadr\u017eava pravo ne donijeti odluku o izboru kandidata i\/ili poni\u0161titi natje\u010daj bez posebnog<br \/>\nobrazlo\u017eenja.<br \/>\nO rezultatima natje\u010daja kandidati \u0107e biti obavije\u0161teni putem elektroni\u010dke po\u0161te, najkasnije u roku<br \/>\nod 30 dana od dana isteka roka za podno\u0161enje prijava, a Odluka o izboru kandidata biti \u0107e<br \/>\nobjavljena i na internetskoj stranici GKL-a Rijeka www.gkl-rijeka.hr.<br \/>\nKLASA: 112-01\/24-01\/04<br \/>\nUR.BR.: 2170-1-30-24-02<\/p>\n<p>Gradsko kazali\u0161te lutaka Rijeka<br \/>\nMagdalena Lupi Alvir, ravnateljica<\/p>\n<p><a href=\"https:\/\/www.gkl-rijeka.hr\/wp-content\/uploads\/2024\/07\/Natjecaj-2024.-2..pdf\">Natje\u010daj mo\u017eete pogledati u PDF obliku i ovdje<\/a>.<\/p>\n","protected":false},"excerpt":{"rendered":"<p>otvoren do 12. srpnja 2024.<\/p>\n","protected":false},"author":1,"featured_media":13072,"comment_status":"closed","ping_status":"closed","sticky":false,"template":"","format":"standard","meta":{"spay_email":""},"categories":[3],"tags":[],"jetpack_featured_media_url":"https:\/\/www.gkl-rijeka.hr\/wp-content\/uploads\/2022\/03\/stockvault-sound-mixer213837-scaled.jpg?wsr","yoast_head":"<!-- This site is optimized with the Yoast SEO plugin v15.1.1 - https:\/\/yoast.com\/wordpress\/plugins\/seo\/ -->\n<meta name=\"robots\" content=\"index, follow, max-snippet:-1, max-image-preview:large, max-video-preview:-1\" \/>\n<link rel=\"canonical\" href=\"https:\/\/www.gkl-rijeka.hr\/index.php\/natjecaj-za-radno-mjesto-majstor-tona-3\/\" \/>\n<meta property=\"og:locale\" content=\"en_US\" \/>\n<meta property=\"og:type\" content=\"article\" \/>\n<meta property=\"og:title\" content=\"Natje\u010daj za radno mjesto \u201eMajstor tona \u201c - Gradsko kazali\u0161te lutaka Rijeka\" \/>\n<meta property=\"og:description\" content=\"otvoren do 12. srpnja 2024.\" \/>\n<meta property=\"og:url\" content=\"https:\/\/www.gkl-rijeka.hr\/index.php\/natjecaj-za-radno-mjesto-majstor-tona-3\/\" \/>\n<meta property=\"og:site_name\" content=\"Gradsko kazali\u0161te lutaka Rijeka\" \/>\n<meta property=\"article:publisher\" content=\"https:\/\/www.facebook.com\/gkl.rijeka\" \/>\n<meta property=\"article:published_time\" content=\"2024-07-04T13:13:36+00:00\" \/>\n<meta property=\"article:modified_time\" content=\"2024-07-04T13:15:36+00:00\" \/>\n<meta property=\"og:image\" content=\"https:\/\/www.gkl-rijeka.hr\/wp-content\/uploads\/2022\/03\/stockvault-sound-mixer213837-scaled.jpg?wsr\" \/>\n\t<meta property=\"og:image:width\" content=\"2560\" \/>\n\t<meta property=\"og:image:height\" content=\"1707\" \/>\n<meta property=\"fb:app_id\" content=\"368762594246882\" \/>\n<meta name=\"twitter:card\" content=\"summary\" \/>\n<script type=\"application\/ld+json\" class=\"yoast-schema-graph\">{\"@context\":\"https:\/\/schema.org\",\"@graph\":[{\"@type\":\"Organization\",\"@id\":\"https:\/\/www.gkl-rijeka.hr\/#organization\",\"name\":\"Gradsko kazali\\u0161te lutaka Rijeka\",\"url\":\"https:\/\/www.gkl-rijeka.hr\/\",\"sameAs\":[\"https:\/\/www.facebook.com\/gkl.rijeka\"],\"logo\":{\"@type\":\"ImageObject\",\"@id\":\"https:\/\/www.gkl-rijeka.hr\/#logo\",\"inLanguage\":\"en-US\",\"url\":\"https:\/\/www.gkl-rijeka.hr\/wp-content\/uploads\/2020\/10\/logo_boja_01.png?wsr\",\"width\":209,\"height\":280,\"caption\":\"Gradsko kazali\\u0161te lutaka Rijeka\"},\"image\":{\"@id\":\"https:\/\/www.gkl-rijeka.hr\/#logo\"}},{\"@type\":\"WebSite\",\"@id\":\"https:\/\/www.gkl-rijeka.hr\/#website\",\"url\":\"https:\/\/www.gkl-rijeka.hr\/\",\"name\":\"Gradsko kazali\\u0161te lutaka Rijeka\",\"description\":\"\",\"publisher\":{\"@id\":\"https:\/\/www.gkl-rijeka.hr\/#organization\"},\"potentialAction\":[{\"@type\":\"SearchAction\",\"target\":\"https:\/\/www.gkl-rijeka.hr\/?s={search_term_string}\",\"query-input\":\"required name=search_term_string\"}],\"inLanguage\":\"en-US\"},{\"@type\":\"ImageObject\",\"@id\":\"https:\/\/www.gkl-rijeka.hr\/index.php\/natjecaj-za-radno-mjesto-majstor-tona-3\/#primaryimage\",\"inLanguage\":\"en-US\",\"url\":\"https:\/\/www.gkl-rijeka.hr\/wp-content\/uploads\/2022\/03\/stockvault-sound-mixer213837-scaled.jpg?wsr\",\"width\":2560,\"height\":1707},{\"@type\":\"WebPage\",\"@id\":\"https:\/\/www.gkl-rijeka.hr\/index.php\/natjecaj-za-radno-mjesto-majstor-tona-3\/#webpage\",\"url\":\"https:\/\/www.gkl-rijeka.hr\/index.php\/natjecaj-za-radno-mjesto-majstor-tona-3\/\",\"name\":\"Natje\\u010daj za radno mjesto \\u201eMajstor tona \\u201c - Gradsko kazali\\u0161te lutaka Rijeka\",\"isPartOf\":{\"@id\":\"https:\/\/www.gkl-rijeka.hr\/#website\"},\"primaryImageOfPage\":{\"@id\":\"https:\/\/www.gkl-rijeka.hr\/index.php\/natjecaj-za-radno-mjesto-majstor-tona-3\/#primaryimage\"},\"datePublished\":\"2024-07-04T13:13:36+00:00\",\"dateModified\":\"2024-07-04T13:15:36+00:00\",\"inLanguage\":\"en-US\",\"potentialAction\":[{\"@type\":\"ReadAction\",\"target\":[\"https:\/\/www.gkl-rijeka.hr\/index.php\/natjecaj-za-radno-mjesto-majstor-tona-3\/\"]}]},{\"@type\":\"Article\",\"@id\":\"https:\/\/www.gkl-rijeka.hr\/index.php\/natjecaj-za-radno-mjesto-majstor-tona-3\/#article\",\"isPartOf\":{\"@id\":\"https:\/\/www.gkl-rijeka.hr\/index.php\/natjecaj-za-radno-mjesto-majstor-tona-3\/#webpage\"},\"author\":{\"@id\":\"https:\/\/www.gkl-rijeka.hr\/#\/schema\/person\/3d9f7620db983ddf36e45ccae28c8651\"},\"headline\":\"Natje\\u010daj za radno mjesto \\u201eMajstor tona \\u201c\",\"datePublished\":\"2024-07-04T13:13:36+00:00\",\"dateModified\":\"2024-07-04T13:15:36+00:00\",\"mainEntityOfPage\":{\"@id\":\"https:\/\/www.gkl-rijeka.hr\/index.php\/natjecaj-za-radno-mjesto-majstor-tona-3\/#webpage\"},\"publisher\":{\"@id\":\"https:\/\/www.gkl-rijeka.hr\/#organization\"},\"image\":{\"@id\":\"https:\/\/www.gkl-rijeka.hr\/index.php\/natjecaj-za-radno-mjesto-majstor-tona-3\/#primaryimage\"},\"articleSection\":\"Novosti\",\"inLanguage\":\"en-US\"},{\"@type\":\"Person\",\"@id\":\"https:\/\/www.gkl-rijeka.hr\/#\/schema\/person\/3d9f7620db983ddf36e45ccae28c8651\",\"name\":\"Marin\",\"image\":{\"@type\":\"ImageObject\",\"@id\":\"https:\/\/www.gkl-rijeka.hr\/#personlogo\",\"inLanguage\":\"en-US\",\"url\":\"https:\/\/secure.gravatar.com\/avatar\/9ba8e90e29bf7b5691a75673ed86bcba?s=96&d=mm&r=g\",\"caption\":\"Marin\"}}]}<\/script>\n<!-- \/ Yoast SEO plugin. -->","_links":{"self":[{"href":"https:\/\/www.gkl-rijeka.hr\/index.php\/wp-json\/wp\/v2\/posts\/16109"}],"collection":[{"href":"https:\/\/www.gkl-rijeka.hr\/index.php\/wp-json\/wp\/v2\/posts"}],"about":[{"href":"https:\/\/www.gkl-rijeka.hr\/index.php\/wp-json\/wp\/v2\/types\/post"}],"author":[{"embeddable":true,"href":"https:\/\/www.gkl-rijeka.hr\/index.php\/wp-json\/wp\/v2\/users\/1"}],"replies":[{"embeddable":true,"href":"https:\/\/www.gkl-rijeka.hr\/index.php\/wp-json\/wp\/v2\/comments?post=16109"}],"version-history":[{"count":2,"href":"https:\/\/www.gkl-rijeka.hr\/index.php\/wp-json\/wp\/v2\/posts\/16109\/revisions"}],"predecessor-version":[{"id":16114,"href":"https:\/\/www.gkl-rijeka.hr\/index.php\/wp-json\/wp\/v2\/posts\/16109\/revisions\/16114"}],"wp:featuredmedia":[{"embeddable":true,"href":"https:\/\/www.gkl-rijeka.hr\/index.php\/wp-json\/wp\/v2\/media\/13072"}],"wp:attachment":[{"href":"https:\/\/www.gkl-rijeka.hr\/index.php\/wp-json\/wp\/v2\/media?parent=16109"}],"wp:term":[{"taxonomy":"category","embeddable":true,"href":"https:\/\/www.gkl-rijeka.hr\/index.php\/wp-json\/wp\/v2\/categories?post=16109"},{"taxonomy":"post_tag","embeddable":true,"href":"https:\/\/www.gkl-rijeka.hr\/index.php\/wp-json\/wp\/v2\/tags?post=16109"}],"curies":[{"name":"wp","href":"https:\/\/api.w.org\/{rel}","templated":true}]}}