{"id":16188,"date":"2024-08-30T11:19:51","date_gmt":"2024-08-30T11:19:51","guid":{"rendered":"https:\/\/www.gkl-rijeka.hr\/?p=16188"},"modified":"2024-09-02T09:22:37","modified_gmt":"2024-09-02T09:22:37","slug":"najava-nove-kazalisne-sezone-2024-2025-zapetljanac-na-planetu-brajdi","status":"publish","type":"post","link":"https:\/\/www.gkl-rijeka.hr\/index.php\/najava-nove-kazalisne-sezone-2024-2025-zapetljanac-na-planetu-brajdi\/","title":{"rendered":"Najava nove kazali\u0161ne sezone 2024-2025 &#8220;Zapetljanac na planetu Brajdi&#8221;"},"content":{"rendered":"<p>[et_pb_section admin_label=&#8221;section&#8221;][et_pb_row admin_label=&#8221;row&#8221;][et_pb_column type=&#8221;4_4&#8243;][et_pb_text admin_label=&#8221;Text&#8221;]<\/p>\n<p><strong>Gradsko kazali\u0161te lutaka Rijeka:<\/strong><\/p>\n<p><strong>\u201eZapetljanac na planetu Brajdi\u201c<\/strong><\/p>\n<p><strong>\u00a0nova sezona 2024\/2025<\/strong><\/p>\n<p><em>Tri premijere i bogati reprizni repertoar, edukativno radioni\u010dki programi, 29. revija lutkarskih kazali\u0161ta, prigodni doga\u0111aji i zanimljiva gostovanja u novoj sezoni rije\u010dkih lutkara<\/em><\/p>\n<p><strong>Premijerni naslovi<\/strong><\/p>\n<p>Rije\u010dki lutkari u novoj \u0107e sezoni publici predstaviti \u010dak tri premijerna naslova. Prva premijera publiku o\u010dekuje u rujnu, a rije\u010d je o predstavi <strong>\u201eVrlo zapetljani \u010dvor\u201c<\/strong> redatelja Aleksandra \u0160vabi\u0107a. Probe su na radost svih ve\u0107 u tijeku, a o kakvom se \u010dvoru radi te ho\u0107e li se uspje\u0161no raspetljati mo\u017eete saznati ve\u0107 od 20. rujna za kada je najavljena premijerna izvedba.<\/p>\n<p><strong>\u201eDan kada sam se pretvorio u pticu\u201c<\/strong> autorice i redateljice Tamare Ku\u010dinovi\u0107, prema motivima istoimene slikovnice Ingrid Chabbert i Raul Nieto Guridi, druga je premijerna predstava koja \u0107e biti postavljena u velja\u010di 2025. g. Ova originalna pri\u010da i slikovnica do\u010darava svu snagu i ozbiljnost ljubavi te ujedno za\u010dudnost i osobitost koju u nama budi zaljubljenost, a namjera predstave je da potakne djecu da govore o svojim osje\u0107ajima.<\/p>\n<p>U travnju 2025. o\u010dekuje nas tre\u0107i premijerni naslov autora Carla Noraca \u201e<strong>Slatke Rije\u010di\u201c <\/strong>redateljice Mateje Bizjak Petit. Ovu univerzalnu pri\u010du o samoizra\u017eavanju i obiteljskoj ljubavi suvremenog belgijskog knji\u017eevnika, na scenu prenosimo kroz toplu lutkarsku igru.<\/p>\n<p><strong>Bogat reprizni program, ciklus pri\u010dopredstava i edukativno kreativnih programa<\/strong><\/p>\n<p>Ove sezone nastavljamo s bogatim repriznim programom koji uklju\u010duje na\u0161e najpopularnije predstave, kao i ciklus pri\u010dopredstava koje spajaju kazali\u0161te i pripovijedanje na inovativan na\u010din. Kazali\u0161te \u0107e nuditi raznovrsne edukativno-kreativne radionice za djecu i mlade, osmi\u0161ljene kako bi potaknule njihovu ma\u0161tu i kreativnost, uz mogu\u0107nost da se iz prve ruke upoznaju s \u010darolijom lutkarstva.<\/p>\n<p>Posebno bi istaknuli povratak \u201ePipi Duge \u010carape\u201c na scenu za koju \u0107e se u na\u0161em kazali\u0161tu snimati dokumentarni film pod redateljskom palicom Marie Loohufvud te bo\u017ei\u0107no novodgodi\u0161nju predstavu \u201eMoj prijatelj Mraz\u201c koju izvodimo u najposje\u0107enijem mjesecu kazali\u0161tu, prosincu.<\/p>\n<p>Ve\u0107 tradicionalno ove \u0107e se godine u studenome odr\u017eati i <strong>29. Revija lutkarskih kazali\u0161ta<\/strong>, koja \u0107e trajati od 03. do 11. studenoga, a koja \u0107e ugostiti desetak predstava iz zemlje i inozemstva uz zanimljiv popratni program. Ovaj presti\u017eni doga\u0111aj pru\u017eit \u0107e priliku publici da u\u017eiva u najkvalitetnijim lutkarskim predstavama i razmjeni kreativnih ideja.<\/p>\n<p>&nbsp;<\/p>\n<p><strong>Cijene ulaznica i pretplatni\u010dki paketi<\/strong><\/p>\n<p>Gradsko kazali\u0161te lutaka Rijeka svoje cijene nije mijenjalo bez obzira na sveprisutna poskupljenja kojima smo svjedoci. Pa tako cijena ulaznice za gra\u0111anstvo iznosi <strong>4,00 Eur.<\/strong><\/p>\n<p>U svojoj ponudi nudimo i pretplatni\u010dke obiteljske pakete, \u0161kolske pretplate i neizostavne organizirane dolaske za \u0161kole i vrti\u0107e kada je cijena ulaznice jo\u0161 povoljnija.<\/p>\n<p>Ove sezone Kazali\u0161te ponovno nudi pretplatni\u010dke pakete za osnovno\u0161kolce <strong>\u201eTintilini\u0107\u201c i \u201eGulliver\u201c<\/strong>; prvi paket uklju\u010duje tri predstave s tim da su dva premijerna naslova, a jedan biraju po izboru s repriznog repertoara, a drugi tako\u0111er dva premijerna naslova i jedan edukativno radioni\u010dki program po izboru koji se odr\u017eava u \u0161koli. Upis u navedene pretplate traje od 01. rujna do 08.listopada 2024. Svi zainteresirani mogu se javiti na mail Propagande \u2013 <a href=\"mailto:propaganda@gkl-rijeka.hr\">propaganda@gkl-rijeka.hr<\/a>. Tako\u0111er, na isti mail vr\u0161e se i rezervacije termina za bilo koji organizirani dolazak u Kazali\u0161te.<\/p>\n<p>Kao i pro\u0161lih sezona, predstave i radioni\u010dki programi i u ovoj \u0107e se sezoni odr\u017eavati na dvije lokacije \u2013 u Gradskom kazali\u0161tu lutaka Rijeka i u Dje\u010djoj ku\u0107i. Kupnja ulaznica preporu\u010duje se putem portala <a href=\"http:\/\/www.mojekarte.hr\">www.mojekarte.hr<\/a>, a rezervacije ulaznica vr\u0161e se isklju\u010divo na mail Blagajne \u2013<a href=\"mailto:blagajna.gklri@gmail.com\">blagajna.gklri@gmail.com<\/a> \u00a0.<\/p>\n<p>&nbsp;<\/p>\n<p><strong>Festivali i gostovanja<\/strong><\/p>\n<p>Rje\u010dki lutkari ve\u0107 sljede\u0107i tjedan odlaze u Podgoricu u Crnu Goru s predstavom \u201eSretna ku\u0107ica\u201c, redateljice Morane Dolenc. Zatim \u0107e \u201epoletjeti\u201c s predstavom \u201eP\u010delica Maja\u201c u Zagreb, gdje \u0107e sudjelovati na 57. Me\u0111unarodnom festivalu kazali\u0161ta lutaka \u2013 PIF. Za kraj rujna Gradsko kazali\u0161te lutaka Rijeka sudjelovati \u0107e na 4. me\u0111unarodnom festivalu lutkarske umjetnosti koji \u0107e se odr\u017eavati od 21. do 25. rujna u Mostaru s predstavom \u201eOh la la\u201c, redateljice i dramaturginje Mateje Bizjak Petit. \u00a0S istom predstavom po\u010detkom listopada nastupiti \u0107e u Skoplju \u00a0na \u201eInternational Festival for Children\u2019s Theatre \u201eIgor Madzirov\u201c\u201c. Nakon Makedonije, kazali\u0161te se vra\u0107a u Hrvatsku, to\u010dnije u \u010cakovec gdje \u0107e predstavu\u00a0 \u201eBomboniera Variete!\u201c izvesti na 27. susretu profesionalnih kazali\u0161ta za djecu i mlade Hrvatskog centra ASSITEJ.<\/p>\n<p>&nbsp;<\/p>\n<p>[\/et_pb_text][\/et_pb_column][\/et_pb_row][\/et_pb_section]<\/p>\n","protected":false},"excerpt":{"rendered":"<p>[et_pb_section admin_label=&#8221;section&#8221;][et_pb_row admin_label=&#8221;row&#8221;][et_pb_column type=&#8221;4_4&#8243;][et_pb_text admin_label=&#8221;Text&#8221;] Gradsko kazali\u0161te lutaka Rijeka: \u201eZapetljanac na planetu Brajdi\u201c \u00a0nova sezona 2024\/2025 Tri premijere i bogati reprizni repertoar, edukativno radioni\u010dki programi, 29. revija lutkarskih kazali\u0161ta, prigodni doga\u0111aji i zanimljiva gostovanja u novoj sezoni rije\u010dkih lutkara Premijerni naslovi Rije\u010dki lutkari u novoj \u0107e sezoni publici predstaviti \u010dak tri premijerna naslova. Prva premijera [&hellip;]<\/p>\n","protected":false},"author":1,"featured_media":16193,"comment_status":"closed","ping_status":"closed","sticky":false,"template":"","format":"standard","meta":{"spay_email":""},"categories":[3,1],"tags":[],"jetpack_featured_media_url":"https:\/\/www.gkl-rijeka.hr\/wp-content\/uploads\/2024\/08\/1725013078144-min-scaled-e1725268590657.jpg?wsr","yoast_head":"<!-- This site is optimized with the Yoast SEO plugin v15.1.1 - https:\/\/yoast.com\/wordpress\/plugins\/seo\/ -->\n<meta name=\"robots\" content=\"index, follow, max-snippet:-1, max-image-preview:large, max-video-preview:-1\" \/>\n<link rel=\"canonical\" href=\"https:\/\/www.gkl-rijeka.hr\/index.php\/najava-nove-kazalisne-sezone-2024-2025-zapetljanac-na-planetu-brajdi\/\" \/>\n<meta property=\"og:locale\" content=\"en_US\" \/>\n<meta property=\"og:type\" content=\"article\" \/>\n<meta property=\"og:title\" content=\"Najava nove kazali\u0161ne sezone 2024-2025 &quot;Zapetljanac na planetu Brajdi&quot; - Gradsko kazali\u0161te lutaka Rijeka\" \/>\n<meta property=\"og:description\" content=\"[et_pb_section admin_label=&#8221;section&#8221;][et_pb_row admin_label=&#8221;row&#8221;][et_pb_column type=&#8221;4_4&#8243;][et_pb_text admin_label=&#8221;Text&#8221;] Gradsko kazali\u0161te lutaka Rijeka: \u201eZapetljanac na planetu Brajdi\u201c \u00a0nova sezona 2024\/2025 Tri premijere i bogati reprizni repertoar, edukativno radioni\u010dki programi, 29. revija lutkarskih kazali\u0161ta, prigodni doga\u0111aji i zanimljiva gostovanja u novoj sezoni rije\u010dkih lutkara Premijerni naslovi Rije\u010dki lutkari u novoj \u0107e sezoni publici predstaviti \u010dak tri premijerna naslova. Prva premijera [&hellip;]\" \/>\n<meta property=\"og:url\" content=\"https:\/\/www.gkl-rijeka.hr\/index.php\/najava-nove-kazalisne-sezone-2024-2025-zapetljanac-na-planetu-brajdi\/\" \/>\n<meta property=\"og:site_name\" content=\"Gradsko kazali\u0161te lutaka Rijeka\" \/>\n<meta property=\"article:publisher\" content=\"https:\/\/www.facebook.com\/gkl.rijeka\" \/>\n<meta property=\"article:published_time\" content=\"2024-08-30T11:19:51+00:00\" \/>\n<meta property=\"article:modified_time\" content=\"2024-09-02T09:22:37+00:00\" \/>\n<meta property=\"og:image\" content=\"https:\/\/www.gkl-rijeka.hr\/wp-content\/uploads\/2024\/08\/1725013078144-min-scaled-e1725268590657.jpg?wsr\" \/>\n\t<meta property=\"og:image:width\" content=\"1441\" \/>\n\t<meta property=\"og:image:height\" content=\"2560\" \/>\n<meta property=\"fb:app_id\" content=\"368762594246882\" \/>\n<meta name=\"twitter:card\" content=\"summary\" \/>\n<script type=\"application\/ld+json\" class=\"yoast-schema-graph\">{\"@context\":\"https:\/\/schema.org\",\"@graph\":[{\"@type\":\"Organization\",\"@id\":\"https:\/\/www.gkl-rijeka.hr\/#organization\",\"name\":\"Gradsko kazali\\u0161te lutaka Rijeka\",\"url\":\"https:\/\/www.gkl-rijeka.hr\/\",\"sameAs\":[\"https:\/\/www.facebook.com\/gkl.rijeka\"],\"logo\":{\"@type\":\"ImageObject\",\"@id\":\"https:\/\/www.gkl-rijeka.hr\/#logo\",\"inLanguage\":\"en-US\",\"url\":\"https:\/\/www.gkl-rijeka.hr\/wp-content\/uploads\/2020\/10\/logo_boja_01.png?wsr\",\"width\":209,\"height\":280,\"caption\":\"Gradsko kazali\\u0161te lutaka Rijeka\"},\"image\":{\"@id\":\"https:\/\/www.gkl-rijeka.hr\/#logo\"}},{\"@type\":\"WebSite\",\"@id\":\"https:\/\/www.gkl-rijeka.hr\/#website\",\"url\":\"https:\/\/www.gkl-rijeka.hr\/\",\"name\":\"Gradsko kazali\\u0161te lutaka Rijeka\",\"description\":\"\",\"publisher\":{\"@id\":\"https:\/\/www.gkl-rijeka.hr\/#organization\"},\"potentialAction\":[{\"@type\":\"SearchAction\",\"target\":\"https:\/\/www.gkl-rijeka.hr\/?s={search_term_string}\",\"query-input\":\"required name=search_term_string\"}],\"inLanguage\":\"en-US\"},{\"@type\":\"ImageObject\",\"@id\":\"https:\/\/www.gkl-rijeka.hr\/index.php\/najava-nove-kazalisne-sezone-2024-2025-zapetljanac-na-planetu-brajdi\/#primaryimage\",\"inLanguage\":\"en-US\",\"url\":\"https:\/\/www.gkl-rijeka.hr\/wp-content\/uploads\/2024\/08\/1725013078144-min-scaled-e1725268590657.jpg?wsr\",\"width\":1441,\"height\":2560},{\"@type\":\"WebPage\",\"@id\":\"https:\/\/www.gkl-rijeka.hr\/index.php\/najava-nove-kazalisne-sezone-2024-2025-zapetljanac-na-planetu-brajdi\/#webpage\",\"url\":\"https:\/\/www.gkl-rijeka.hr\/index.php\/najava-nove-kazalisne-sezone-2024-2025-zapetljanac-na-planetu-brajdi\/\",\"name\":\"Najava nove kazali\\u0161ne sezone 2024-2025 \\\"Zapetljanac na planetu Brajdi\\\" - Gradsko kazali\\u0161te lutaka Rijeka\",\"isPartOf\":{\"@id\":\"https:\/\/www.gkl-rijeka.hr\/#website\"},\"primaryImageOfPage\":{\"@id\":\"https:\/\/www.gkl-rijeka.hr\/index.php\/najava-nove-kazalisne-sezone-2024-2025-zapetljanac-na-planetu-brajdi\/#primaryimage\"},\"datePublished\":\"2024-08-30T11:19:51+00:00\",\"dateModified\":\"2024-09-02T09:22:37+00:00\",\"inLanguage\":\"en-US\",\"potentialAction\":[{\"@type\":\"ReadAction\",\"target\":[\"https:\/\/www.gkl-rijeka.hr\/index.php\/najava-nove-kazalisne-sezone-2024-2025-zapetljanac-na-planetu-brajdi\/\"]}]},{\"@type\":\"Article\",\"@id\":\"https:\/\/www.gkl-rijeka.hr\/index.php\/najava-nove-kazalisne-sezone-2024-2025-zapetljanac-na-planetu-brajdi\/#article\",\"isPartOf\":{\"@id\":\"https:\/\/www.gkl-rijeka.hr\/index.php\/najava-nove-kazalisne-sezone-2024-2025-zapetljanac-na-planetu-brajdi\/#webpage\"},\"author\":{\"@id\":\"https:\/\/www.gkl-rijeka.hr\/#\/schema\/person\/3d9f7620db983ddf36e45ccae28c8651\"},\"headline\":\"Najava nove kazali\\u0161ne sezone 2024-2025 &#8220;Zapetljanac na planetu Brajdi&#8221;\",\"datePublished\":\"2024-08-30T11:19:51+00:00\",\"dateModified\":\"2024-09-02T09:22:37+00:00\",\"mainEntityOfPage\":{\"@id\":\"https:\/\/www.gkl-rijeka.hr\/index.php\/najava-nove-kazalisne-sezone-2024-2025-zapetljanac-na-planetu-brajdi\/#webpage\"},\"publisher\":{\"@id\":\"https:\/\/www.gkl-rijeka.hr\/#organization\"},\"image\":{\"@id\":\"https:\/\/www.gkl-rijeka.hr\/index.php\/najava-nove-kazalisne-sezone-2024-2025-zapetljanac-na-planetu-brajdi\/#primaryimage\"},\"articleSection\":\"Novosti\",\"inLanguage\":\"en-US\"},{\"@type\":\"Person\",\"@id\":\"https:\/\/www.gkl-rijeka.hr\/#\/schema\/person\/3d9f7620db983ddf36e45ccae28c8651\",\"name\":\"Marin\",\"image\":{\"@type\":\"ImageObject\",\"@id\":\"https:\/\/www.gkl-rijeka.hr\/#personlogo\",\"inLanguage\":\"en-US\",\"url\":\"https:\/\/secure.gravatar.com\/avatar\/9ba8e90e29bf7b5691a75673ed86bcba?s=96&d=mm&r=g\",\"caption\":\"Marin\"}}]}<\/script>\n<!-- \/ Yoast SEO plugin. -->","_links":{"self":[{"href":"https:\/\/www.gkl-rijeka.hr\/index.php\/wp-json\/wp\/v2\/posts\/16188"}],"collection":[{"href":"https:\/\/www.gkl-rijeka.hr\/index.php\/wp-json\/wp\/v2\/posts"}],"about":[{"href":"https:\/\/www.gkl-rijeka.hr\/index.php\/wp-json\/wp\/v2\/types\/post"}],"author":[{"embeddable":true,"href":"https:\/\/www.gkl-rijeka.hr\/index.php\/wp-json\/wp\/v2\/users\/1"}],"replies":[{"embeddable":true,"href":"https:\/\/www.gkl-rijeka.hr\/index.php\/wp-json\/wp\/v2\/comments?post=16188"}],"version-history":[{"count":6,"href":"https:\/\/www.gkl-rijeka.hr\/index.php\/wp-json\/wp\/v2\/posts\/16188\/revisions"}],"predecessor-version":[{"id":16203,"href":"https:\/\/www.gkl-rijeka.hr\/index.php\/wp-json\/wp\/v2\/posts\/16188\/revisions\/16203"}],"wp:featuredmedia":[{"embeddable":true,"href":"https:\/\/www.gkl-rijeka.hr\/index.php\/wp-json\/wp\/v2\/media\/16193"}],"wp:attachment":[{"href":"https:\/\/www.gkl-rijeka.hr\/index.php\/wp-json\/wp\/v2\/media?parent=16188"}],"wp:term":[{"taxonomy":"category","embeddable":true,"href":"https:\/\/www.gkl-rijeka.hr\/index.php\/wp-json\/wp\/v2\/categories?post=16188"},{"taxonomy":"post_tag","embeddable":true,"href":"https:\/\/www.gkl-rijeka.hr\/index.php\/wp-json\/wp\/v2\/tags?post=16188"}],"curies":[{"name":"wp","href":"https:\/\/api.w.org\/{rel}","templated":true}]}}