{"id":16231,"date":"2024-09-09T11:52:57","date_gmt":"2024-09-09T11:52:57","guid":{"rendered":"https:\/\/www.gkl-rijeka.hr\/?p=16231"},"modified":"2024-09-09T11:52:57","modified_gmt":"2024-09-09T11:52:57","slug":"nagrade-podgorica2024","status":"publish","type":"post","link":"https:\/\/www.gkl-rijeka.hr\/index.php\/nagrade-podgorica2024\/","title":{"rendered":"Dvije nagrade predstavi &#8220;Sretna ku\u0107ica&#8221; na 11.me\u0111unarodnom festivalu lutkarstva Podgorica -Crna Gora 2024"},"content":{"rendered":"<p>[et_pb_section admin_label=&#8221;section&#8221;][et_pb_row admin_label=&#8221;row&#8221;][et_pb_column type=&#8221;4_4&#8243;][et_pb_text admin_label=&#8221;Text&#8221; background_layout=&#8221;light&#8221; text_orientation=&#8221;left&#8221; use_border_color=&#8221;off&#8221; border_color=&#8221;#ffffff&#8221; border_style=&#8221;solid&#8221;]<\/p>\n<p><strong>Gradsko kazali\u0161te lutaka Rijeka na 11. me\u0111unarodnom festivalu lutkarstva Podgorica-Crna Gora 2024<\/strong><br \/>\n<strong>Predstavi \u201eSretna ku\u0107ica\u201c dvije nagrade<\/strong><\/p>\n<p>\u201eSretna ku\u0107ica\u201c autorica Ivane \u0110ula i Milice Sinkauz (prema istoimenoj slikovnici Karmen Dela\u010d Petkovi\u0107 i Dijane Arbanas) i redateljice Morane Dolenc na 11. me\u0111unarodnom festivalu lutkarstva u Podgorici, u Crnoj Gori, osvojila je dvije nagrade \u2013 nagradu za najbolje estetsko tehnolo\u0161ko rje\u0161enje lutaka i nagradu za gluma\u010dko majstorstvo.<\/p>\n<p>Jedanaesti me\u0111unarodni lutkarski festival Podgorica &#8211; Crna Gora 2024, odr\u017eao se od 04.-08. rujna 2024. te je na veselje tamo\u0161nje publike uspje\u0161no okupio lutkarska kazali\u0161ta iz \u0161est zemalja: \u0160panjolske, Srbije, Hrvatske, Bosne i Hercegovine, Rumunjske i Crne Gore. Predstave su se osim u Podgorici, igrale jo\u0161 u \u010detiri grada na sjeveru Crne Gore.<\/p>\n<p>Gradsko kazali\u0161te lutaka Rijeka sa svojom \u201eSretnom ku\u0107icom\u201c publici i \u017eiriju predstavilo se u nedjelju 08. rujna u dva termina.<\/p>\n<p>Ova predstava za najmla\u0111e nastala je prema istoimenoj nagra\u0111ivanoj slikovnici Karmen Dela\u010d Petkovi\u0107 i Dijane Arbanas napisanoj prema intrigantnoj, istinitoj pri\u010di o osnivanju prve knji\u017enice u malom selu Kutli u Gorskom kotaru jo\u0161 1936., i to na poticaj samih seljana. Pri\u010da o toj, mo\u017eda najmanjoj, knji\u017enici i \u010ditaonici u Hrvatskoj, dobila je i svoju lutkarsku ina\u010dicu.<\/p>\n<p>Jednostavno i razumljivo, pri\u010dom o su\u017eivotu, progovara se o va\u017enosti zajedni\u0161tva te se djeci pribli\u017eava svijet knjiga i ukazuje na va\u017enost \u010ditanja. Uz izvrsnog glumca-lutkara Zlatka Vici\u0107a, koji sam nosi cijelu predstavu, divnu scenografiju i lutke nadahnute \u0161umom Gorskog kotara u kreaciji Lu\u010di Vidanovi\u0107, kreatorice lutaka i tehnologinje Gradskog kazali\u0161ta lutaka Rijeka, te sjajnu glazbu skladatelja Sandija Bratonje, predstava oplemenjuje i uveseljava, ba\u0161 kao \u0161to je i knji\u017enica, prava \u201esretna ku\u0107ica\u201c, oplemenjivala i olak\u0161avala \u017eivot na selu u vrijeme ekonomskih kriza, kako nekada tako i danas.<\/p>\n<p>Izvrsnost predstave prepoznao je i stru\u010dni \u017eiri Festivala u sastavu dramaturga Zorana \u0110eri\u0107a, direktora Srpskog narodnog kazali\u0161ta iz Novog Sada kao predsjednika stru\u010dnog \u017eirija te \u010dlanova; Kristine Obradovi\u0107, glumice Crnogorskog narodnog kazali\u0161ta, Crna Gora, i Lucije Prstec Smol\u010dec, kostimografkinje, umjetni\u010dke direktorice InPuT festa, Hrvatska te je Gradskom kazali\u0161tu lutaka Rijeka dodijelio dvije nagrade. Glumac <strong>Zlatko Vici\u0107<\/strong> nagra\u0111en je za gluma\u010dko majstorstvo, a nagrada za najbolje estetsko tehnolo\u0161ko rje\u0161enje lutaka dodijeljena je<strong> Lu\u010di Vidanovi\u0107<\/strong> za dizajn lutaka u predstavi \u201eSretna Ku\u0107ica\u201c. Ova umjetnica i tehnologinja Gradskog kazali\u0161ta lutaka Rijeka inspiraciju za svoje djelo prona\u0161la je upravo u sna\u017enom i nje\u017enom Goranskom podneblju.<\/p>\n<p>[\/et_pb_text][\/et_pb_column][\/et_pb_row][\/et_pb_section]<\/p>\n","protected":false},"excerpt":{"rendered":"<p>[et_pb_section admin_label=&#8221;section&#8221;][et_pb_row admin_label=&#8221;row&#8221;][et_pb_column type=&#8221;4_4&#8243;][et_pb_text admin_label=&#8221;Text&#8221; background_layout=&#8221;light&#8221; text_orientation=&#8221;left&#8221; use_border_color=&#8221;off&#8221; border_color=&#8221;#ffffff&#8221; border_style=&#8221;solid&#8221;] Gradsko kazali\u0161te lutaka Rijeka na 11. me\u0111unarodnom festivalu lutkarstva Podgorica-Crna Gora 2024 Predstavi \u201eSretna ku\u0107ica\u201c dvije nagrade \u201eSretna ku\u0107ica\u201c autorica Ivane \u0110ula i Milice Sinkauz (prema istoimenoj slikovnici Karmen Dela\u010d Petkovi\u0107 i Dijane Arbanas) i redateljice Morane Dolenc na 11. me\u0111unarodnom festivalu lutkarstva u Podgorici, [&hellip;]<\/p>\n","protected":false},"author":1,"featured_media":16232,"comment_status":"closed","ping_status":"closed","sticky":false,"template":"","format":"standard","meta":{"spay_email":""},"categories":[3,1],"tags":[],"jetpack_featured_media_url":"https:\/\/www.gkl-rijeka.hr\/wp-content\/uploads\/2024\/09\/Podgorica2-2024.jpg?wsr","yoast_head":"<!-- This site is optimized with the Yoast SEO plugin v15.1.1 - https:\/\/yoast.com\/wordpress\/plugins\/seo\/ -->\n<meta name=\"robots\" content=\"index, follow, max-snippet:-1, max-image-preview:large, max-video-preview:-1\" \/>\n<link rel=\"canonical\" href=\"https:\/\/www.gkl-rijeka.hr\/index.php\/nagrade-podgorica2024\/\" \/>\n<meta property=\"og:locale\" content=\"en_US\" \/>\n<meta property=\"og:type\" content=\"article\" \/>\n<meta property=\"og:title\" content=\"Dvije nagrade predstavi &quot;Sretna ku\u0107ica&quot; na 11.me\u0111unarodnom festivalu lutkarstva Podgorica -Crna Gora 2024 - Gradsko kazali\u0161te lutaka Rijeka\" \/>\n<meta property=\"og:description\" content=\"[et_pb_section admin_label=&#8221;section&#8221;][et_pb_row admin_label=&#8221;row&#8221;][et_pb_column type=&#8221;4_4&#8243;][et_pb_text admin_label=&#8221;Text&#8221; background_layout=&#8221;light&#8221; text_orientation=&#8221;left&#8221; use_border_color=&#8221;off&#8221; border_color=&#8221;#ffffff&#8221; border_style=&#8221;solid&#8221;] Gradsko kazali\u0161te lutaka Rijeka na 11. me\u0111unarodnom festivalu lutkarstva Podgorica-Crna Gora 2024 Predstavi \u201eSretna ku\u0107ica\u201c dvije nagrade \u201eSretna ku\u0107ica\u201c autorica Ivane \u0110ula i Milice Sinkauz (prema istoimenoj slikovnici Karmen Dela\u010d Petkovi\u0107 i Dijane Arbanas) i redateljice Morane Dolenc na 11. me\u0111unarodnom festivalu lutkarstva u Podgorici, [&hellip;]\" \/>\n<meta property=\"og:url\" content=\"https:\/\/www.gkl-rijeka.hr\/index.php\/nagrade-podgorica2024\/\" \/>\n<meta property=\"og:site_name\" content=\"Gradsko kazali\u0161te lutaka Rijeka\" \/>\n<meta property=\"article:publisher\" content=\"https:\/\/www.facebook.com\/gkl.rijeka\" \/>\n<meta property=\"article:published_time\" content=\"2024-09-09T11:52:57+00:00\" \/>\n<meta property=\"og:image\" content=\"https:\/\/www.gkl-rijeka.hr\/wp-content\/uploads\/2024\/09\/Podgorica2-2024.jpg?wsr\" \/>\n\t<meta property=\"og:image:width\" content=\"2048\" \/>\n\t<meta property=\"og:image:height\" content=\"1365\" \/>\n<meta property=\"fb:app_id\" content=\"368762594246882\" \/>\n<meta name=\"twitter:card\" content=\"summary\" \/>\n<script type=\"application\/ld+json\" class=\"yoast-schema-graph\">{\"@context\":\"https:\/\/schema.org\",\"@graph\":[{\"@type\":\"Organization\",\"@id\":\"https:\/\/www.gkl-rijeka.hr\/#organization\",\"name\":\"Gradsko kazali\\u0161te lutaka Rijeka\",\"url\":\"https:\/\/www.gkl-rijeka.hr\/\",\"sameAs\":[\"https:\/\/www.facebook.com\/gkl.rijeka\"],\"logo\":{\"@type\":\"ImageObject\",\"@id\":\"https:\/\/www.gkl-rijeka.hr\/#logo\",\"inLanguage\":\"en-US\",\"url\":\"https:\/\/www.gkl-rijeka.hr\/wp-content\/uploads\/2020\/10\/logo_boja_01.png?wsr\",\"width\":209,\"height\":280,\"caption\":\"Gradsko kazali\\u0161te lutaka Rijeka\"},\"image\":{\"@id\":\"https:\/\/www.gkl-rijeka.hr\/#logo\"}},{\"@type\":\"WebSite\",\"@id\":\"https:\/\/www.gkl-rijeka.hr\/#website\",\"url\":\"https:\/\/www.gkl-rijeka.hr\/\",\"name\":\"Gradsko kazali\\u0161te lutaka Rijeka\",\"description\":\"\",\"publisher\":{\"@id\":\"https:\/\/www.gkl-rijeka.hr\/#organization\"},\"potentialAction\":[{\"@type\":\"SearchAction\",\"target\":\"https:\/\/www.gkl-rijeka.hr\/?s={search_term_string}\",\"query-input\":\"required name=search_term_string\"}],\"inLanguage\":\"en-US\"},{\"@type\":\"ImageObject\",\"@id\":\"https:\/\/www.gkl-rijeka.hr\/index.php\/nagrade-podgorica2024\/#primaryimage\",\"inLanguage\":\"en-US\",\"url\":\"https:\/\/www.gkl-rijeka.hr\/wp-content\/uploads\/2024\/09\/Podgorica2-2024.jpg?wsr\",\"width\":2048,\"height\":1365},{\"@type\":\"WebPage\",\"@id\":\"https:\/\/www.gkl-rijeka.hr\/index.php\/nagrade-podgorica2024\/#webpage\",\"url\":\"https:\/\/www.gkl-rijeka.hr\/index.php\/nagrade-podgorica2024\/\",\"name\":\"Dvije nagrade predstavi \\\"Sretna ku\\u0107ica\\\" na 11.me\\u0111unarodnom festivalu lutkarstva Podgorica -Crna Gora 2024 - Gradsko kazali\\u0161te lutaka Rijeka\",\"isPartOf\":{\"@id\":\"https:\/\/www.gkl-rijeka.hr\/#website\"},\"primaryImageOfPage\":{\"@id\":\"https:\/\/www.gkl-rijeka.hr\/index.php\/nagrade-podgorica2024\/#primaryimage\"},\"datePublished\":\"2024-09-09T11:52:57+00:00\",\"dateModified\":\"2024-09-09T11:52:57+00:00\",\"inLanguage\":\"en-US\",\"potentialAction\":[{\"@type\":\"ReadAction\",\"target\":[\"https:\/\/www.gkl-rijeka.hr\/index.php\/nagrade-podgorica2024\/\"]}]},{\"@type\":\"Article\",\"@id\":\"https:\/\/www.gkl-rijeka.hr\/index.php\/nagrade-podgorica2024\/#article\",\"isPartOf\":{\"@id\":\"https:\/\/www.gkl-rijeka.hr\/index.php\/nagrade-podgorica2024\/#webpage\"},\"author\":{\"@id\":\"https:\/\/www.gkl-rijeka.hr\/#\/schema\/person\/3d9f7620db983ddf36e45ccae28c8651\"},\"headline\":\"Dvije nagrade predstavi &#8220;Sretna ku\\u0107ica&#8221; na 11.me\\u0111unarodnom festivalu lutkarstva Podgorica -Crna Gora 2024\",\"datePublished\":\"2024-09-09T11:52:57+00:00\",\"dateModified\":\"2024-09-09T11:52:57+00:00\",\"mainEntityOfPage\":{\"@id\":\"https:\/\/www.gkl-rijeka.hr\/index.php\/nagrade-podgorica2024\/#webpage\"},\"publisher\":{\"@id\":\"https:\/\/www.gkl-rijeka.hr\/#organization\"},\"image\":{\"@id\":\"https:\/\/www.gkl-rijeka.hr\/index.php\/nagrade-podgorica2024\/#primaryimage\"},\"articleSection\":\"Novosti\",\"inLanguage\":\"en-US\"},{\"@type\":\"Person\",\"@id\":\"https:\/\/www.gkl-rijeka.hr\/#\/schema\/person\/3d9f7620db983ddf36e45ccae28c8651\",\"name\":\"Marin\",\"image\":{\"@type\":\"ImageObject\",\"@id\":\"https:\/\/www.gkl-rijeka.hr\/#personlogo\",\"inLanguage\":\"en-US\",\"url\":\"https:\/\/secure.gravatar.com\/avatar\/9ba8e90e29bf7b5691a75673ed86bcba?s=96&d=mm&r=g\",\"caption\":\"Marin\"}}]}<\/script>\n<!-- \/ Yoast SEO plugin. -->","_links":{"self":[{"href":"https:\/\/www.gkl-rijeka.hr\/index.php\/wp-json\/wp\/v2\/posts\/16231"}],"collection":[{"href":"https:\/\/www.gkl-rijeka.hr\/index.php\/wp-json\/wp\/v2\/posts"}],"about":[{"href":"https:\/\/www.gkl-rijeka.hr\/index.php\/wp-json\/wp\/v2\/types\/post"}],"author":[{"embeddable":true,"href":"https:\/\/www.gkl-rijeka.hr\/index.php\/wp-json\/wp\/v2\/users\/1"}],"replies":[{"embeddable":true,"href":"https:\/\/www.gkl-rijeka.hr\/index.php\/wp-json\/wp\/v2\/comments?post=16231"}],"version-history":[{"count":2,"href":"https:\/\/www.gkl-rijeka.hr\/index.php\/wp-json\/wp\/v2\/posts\/16231\/revisions"}],"predecessor-version":[{"id":16234,"href":"https:\/\/www.gkl-rijeka.hr\/index.php\/wp-json\/wp\/v2\/posts\/16231\/revisions\/16234"}],"wp:featuredmedia":[{"embeddable":true,"href":"https:\/\/www.gkl-rijeka.hr\/index.php\/wp-json\/wp\/v2\/media\/16232"}],"wp:attachment":[{"href":"https:\/\/www.gkl-rijeka.hr\/index.php\/wp-json\/wp\/v2\/media?parent=16231"}],"wp:term":[{"taxonomy":"category","embeddable":true,"href":"https:\/\/www.gkl-rijeka.hr\/index.php\/wp-json\/wp\/v2\/categories?post=16231"},{"taxonomy":"post_tag","embeddable":true,"href":"https:\/\/www.gkl-rijeka.hr\/index.php\/wp-json\/wp\/v2\/tags?post=16231"}],"curies":[{"name":"wp","href":"https:\/\/api.w.org\/{rel}","templated":true}]}}