{"id":16353,"date":"2024-09-24T08:40:27","date_gmt":"2024-09-24T08:40:27","guid":{"rendered":"https:\/\/www.gkl-rijeka.hr\/?p=16353"},"modified":"2024-09-24T08:40:27","modified_gmt":"2024-09-24T08:40:27","slug":"nagrada-za-kolektivnu-animaciju-ansamblu-predstave-pcelica-maja","status":"publish","type":"post","link":"https:\/\/www.gkl-rijeka.hr\/index.php\/nagrada-za-kolektivnu-animaciju-ansamblu-predstave-pcelica-maja\/","title":{"rendered":"Nagrada za kolektivnu animaciju ansamblu predstave P\u010delica Maja"},"content":{"rendered":"<p>[et_pb_section admin_label=&#8221;section&#8221;][et_pb_row admin_label=&#8221;row&#8221;][et_pb_column type=&#8221;4_4&#8243;][et_pb_text admin_label=&#8221;Text&#8221; background_layout=&#8221;light&#8221; text_orientation=&#8221;left&#8221; use_border_color=&#8221;off&#8221; border_color=&#8221;#ffffff&#8221; border_style=&#8221;solid&#8221;]<\/p>\n<p><strong>Gradsko kazali\u0161te lutaka Rijeka osvojilo nagradu za kolektivnu animaciju na 57. Me\u0111unarodnom festivalu kazali\u0161ta lutaka (PIF)<\/strong><\/p>\n<p>&nbsp;<\/p>\n<p><strong>Gradsko kazali\u0161te lutaka Rijeka<\/strong> osvojilo je nagradu za <strong>kolektivnu animaciju<\/strong> na 57. Me\u0111unarodnom festivalu kazali\u0161ta lutaka (PIF), koji se odr\u017eao u Zagrebu od 13. do 19. rujna 2024. Ova zna\u010dajna nagrada pripala je <strong>ansamblu predstave<\/strong> \u201e<strong>P\u010delica Maja\u201c<\/strong> kojega \u010dine sjajni glumci lutkari Petra \u0160arac, Almira \u0160tifani\u0107, Damir Orli\u0107, David Petrovi\u0107 i Tilen Ko\u017eamelj. Autorice predstave su Ivana \u0110ula i Milica Sinkauz (po motivima romana Waldemara Bonselsa), a redateljica Renata Carola Gatica. Predstava je odu\u0161evila kako publiku, tako i struku, potvrdiv\u0161i izvanrednu kvalitetu i posve\u0107enost rije\u010dkog ansambla.<\/p>\n<p>&nbsp;<\/p>\n<p>[\/et_pb_text][\/et_pb_column][\/et_pb_row][\/et_pb_section]<\/p>\n","protected":false},"excerpt":{"rendered":"<p>[et_pb_section admin_label=&#8221;section&#8221;][et_pb_row admin_label=&#8221;row&#8221;][et_pb_column type=&#8221;4_4&#8243;][et_pb_text admin_label=&#8221;Text&#8221; background_layout=&#8221;light&#8221; text_orientation=&#8221;left&#8221; use_border_color=&#8221;off&#8221; border_color=&#8221;#ffffff&#8221; border_style=&#8221;solid&#8221;] Gradsko kazali\u0161te lutaka Rijeka osvojilo nagradu za kolektivnu animaciju na 57. Me\u0111unarodnom festivalu kazali\u0161ta lutaka (PIF) &nbsp; Gradsko kazali\u0161te lutaka Rijeka osvojilo je nagradu za kolektivnu animaciju na 57. Me\u0111unarodnom festivalu kazali\u0161ta lutaka (PIF), koji se odr\u017eao u Zagrebu od 13. do 19. rujna 2024. [&hellip;]<\/p>\n","protected":false},"author":1,"featured_media":13842,"comment_status":"closed","ping_status":"closed","sticky":false,"template":"","format":"standard","meta":{"spay_email":""},"categories":[3,1],"tags":[],"jetpack_featured_media_url":"https:\/\/www.gkl-rijeka.hr\/wp-content\/uploads\/2022\/10\/Pcelica-Maja_131.jpg?wsr","yoast_head":"<!-- This site is optimized with the Yoast SEO plugin v15.1.1 - https:\/\/yoast.com\/wordpress\/plugins\/seo\/ -->\n<meta name=\"robots\" content=\"index, follow, max-snippet:-1, max-image-preview:large, max-video-preview:-1\" \/>\n<link rel=\"canonical\" href=\"https:\/\/www.gkl-rijeka.hr\/index.php\/nagrada-za-kolektivnu-animaciju-ansamblu-predstave-pcelica-maja\/\" \/>\n<meta property=\"og:locale\" content=\"en_US\" \/>\n<meta property=\"og:type\" content=\"article\" \/>\n<meta property=\"og:title\" content=\"Nagrada za kolektivnu animaciju ansamblu predstave P\u010delica Maja - Gradsko kazali\u0161te lutaka Rijeka\" \/>\n<meta property=\"og:description\" content=\"[et_pb_section admin_label=&#8221;section&#8221;][et_pb_row admin_label=&#8221;row&#8221;][et_pb_column type=&#8221;4_4&#8243;][et_pb_text admin_label=&#8221;Text&#8221; background_layout=&#8221;light&#8221; text_orientation=&#8221;left&#8221; use_border_color=&#8221;off&#8221; border_color=&#8221;#ffffff&#8221; border_style=&#8221;solid&#8221;] Gradsko kazali\u0161te lutaka Rijeka osvojilo nagradu za kolektivnu animaciju na 57. Me\u0111unarodnom festivalu kazali\u0161ta lutaka (PIF) &nbsp; Gradsko kazali\u0161te lutaka Rijeka osvojilo je nagradu za kolektivnu animaciju na 57. Me\u0111unarodnom festivalu kazali\u0161ta lutaka (PIF), koji se odr\u017eao u Zagrebu od 13. do 19. rujna 2024. [&hellip;]\" \/>\n<meta property=\"og:url\" content=\"https:\/\/www.gkl-rijeka.hr\/index.php\/nagrada-za-kolektivnu-animaciju-ansamblu-predstave-pcelica-maja\/\" \/>\n<meta property=\"og:site_name\" content=\"Gradsko kazali\u0161te lutaka Rijeka\" \/>\n<meta property=\"article:publisher\" content=\"https:\/\/www.facebook.com\/gkl.rijeka\" \/>\n<meta property=\"article:published_time\" content=\"2024-09-24T08:40:27+00:00\" \/>\n<meta property=\"og:image\" content=\"https:\/\/www.gkl-rijeka.hr\/wp-content\/uploads\/2022\/10\/Pcelica-Maja_131.jpg?wsr\" \/>\n\t<meta property=\"og:image:width\" content=\"2000\" \/>\n\t<meta property=\"og:image:height\" content=\"1333\" \/>\n<meta property=\"fb:app_id\" content=\"368762594246882\" \/>\n<meta name=\"twitter:card\" content=\"summary\" \/>\n<script type=\"application\/ld+json\" class=\"yoast-schema-graph\">{\"@context\":\"https:\/\/schema.org\",\"@graph\":[{\"@type\":\"Organization\",\"@id\":\"https:\/\/www.gkl-rijeka.hr\/#organization\",\"name\":\"Gradsko kazali\\u0161te lutaka Rijeka\",\"url\":\"https:\/\/www.gkl-rijeka.hr\/\",\"sameAs\":[\"https:\/\/www.facebook.com\/gkl.rijeka\"],\"logo\":{\"@type\":\"ImageObject\",\"@id\":\"https:\/\/www.gkl-rijeka.hr\/#logo\",\"inLanguage\":\"en-US\",\"url\":\"https:\/\/www.gkl-rijeka.hr\/wp-content\/uploads\/2020\/10\/logo_boja_01.png?wsr\",\"width\":209,\"height\":280,\"caption\":\"Gradsko kazali\\u0161te lutaka Rijeka\"},\"image\":{\"@id\":\"https:\/\/www.gkl-rijeka.hr\/#logo\"}},{\"@type\":\"WebSite\",\"@id\":\"https:\/\/www.gkl-rijeka.hr\/#website\",\"url\":\"https:\/\/www.gkl-rijeka.hr\/\",\"name\":\"Gradsko kazali\\u0161te lutaka Rijeka\",\"description\":\"\",\"publisher\":{\"@id\":\"https:\/\/www.gkl-rijeka.hr\/#organization\"},\"potentialAction\":[{\"@type\":\"SearchAction\",\"target\":\"https:\/\/www.gkl-rijeka.hr\/?s={search_term_string}\",\"query-input\":\"required name=search_term_string\"}],\"inLanguage\":\"en-US\"},{\"@type\":\"ImageObject\",\"@id\":\"https:\/\/www.gkl-rijeka.hr\/index.php\/nagrada-za-kolektivnu-animaciju-ansamblu-predstave-pcelica-maja\/#primaryimage\",\"inLanguage\":\"en-US\",\"url\":\"https:\/\/www.gkl-rijeka.hr\/wp-content\/uploads\/2022\/10\/Pcelica-Maja_131.jpg?wsr\",\"width\":2000,\"height\":1333},{\"@type\":\"WebPage\",\"@id\":\"https:\/\/www.gkl-rijeka.hr\/index.php\/nagrada-za-kolektivnu-animaciju-ansamblu-predstave-pcelica-maja\/#webpage\",\"url\":\"https:\/\/www.gkl-rijeka.hr\/index.php\/nagrada-za-kolektivnu-animaciju-ansamblu-predstave-pcelica-maja\/\",\"name\":\"Nagrada za kolektivnu animaciju ansamblu predstave P\\u010delica Maja - Gradsko kazali\\u0161te lutaka Rijeka\",\"isPartOf\":{\"@id\":\"https:\/\/www.gkl-rijeka.hr\/#website\"},\"primaryImageOfPage\":{\"@id\":\"https:\/\/www.gkl-rijeka.hr\/index.php\/nagrada-za-kolektivnu-animaciju-ansamblu-predstave-pcelica-maja\/#primaryimage\"},\"datePublished\":\"2024-09-24T08:40:27+00:00\",\"dateModified\":\"2024-09-24T08:40:27+00:00\",\"inLanguage\":\"en-US\",\"potentialAction\":[{\"@type\":\"ReadAction\",\"target\":[\"https:\/\/www.gkl-rijeka.hr\/index.php\/nagrada-za-kolektivnu-animaciju-ansamblu-predstave-pcelica-maja\/\"]}]},{\"@type\":\"Article\",\"@id\":\"https:\/\/www.gkl-rijeka.hr\/index.php\/nagrada-za-kolektivnu-animaciju-ansamblu-predstave-pcelica-maja\/#article\",\"isPartOf\":{\"@id\":\"https:\/\/www.gkl-rijeka.hr\/index.php\/nagrada-za-kolektivnu-animaciju-ansamblu-predstave-pcelica-maja\/#webpage\"},\"author\":{\"@id\":\"https:\/\/www.gkl-rijeka.hr\/#\/schema\/person\/3d9f7620db983ddf36e45ccae28c8651\"},\"headline\":\"Nagrada za kolektivnu animaciju ansamblu predstave P\\u010delica Maja\",\"datePublished\":\"2024-09-24T08:40:27+00:00\",\"dateModified\":\"2024-09-24T08:40:27+00:00\",\"mainEntityOfPage\":{\"@id\":\"https:\/\/www.gkl-rijeka.hr\/index.php\/nagrada-za-kolektivnu-animaciju-ansamblu-predstave-pcelica-maja\/#webpage\"},\"publisher\":{\"@id\":\"https:\/\/www.gkl-rijeka.hr\/#organization\"},\"image\":{\"@id\":\"https:\/\/www.gkl-rijeka.hr\/index.php\/nagrada-za-kolektivnu-animaciju-ansamblu-predstave-pcelica-maja\/#primaryimage\"},\"articleSection\":\"Novosti\",\"inLanguage\":\"en-US\"},{\"@type\":\"Person\",\"@id\":\"https:\/\/www.gkl-rijeka.hr\/#\/schema\/person\/3d9f7620db983ddf36e45ccae28c8651\",\"name\":\"Marin\",\"image\":{\"@type\":\"ImageObject\",\"@id\":\"https:\/\/www.gkl-rijeka.hr\/#personlogo\",\"inLanguage\":\"en-US\",\"url\":\"https:\/\/secure.gravatar.com\/avatar\/9ba8e90e29bf7b5691a75673ed86bcba?s=96&d=mm&r=g\",\"caption\":\"Marin\"}}]}<\/script>\n<!-- \/ Yoast SEO plugin. -->","_links":{"self":[{"href":"https:\/\/www.gkl-rijeka.hr\/index.php\/wp-json\/wp\/v2\/posts\/16353"}],"collection":[{"href":"https:\/\/www.gkl-rijeka.hr\/index.php\/wp-json\/wp\/v2\/posts"}],"about":[{"href":"https:\/\/www.gkl-rijeka.hr\/index.php\/wp-json\/wp\/v2\/types\/post"}],"author":[{"embeddable":true,"href":"https:\/\/www.gkl-rijeka.hr\/index.php\/wp-json\/wp\/v2\/users\/1"}],"replies":[{"embeddable":true,"href":"https:\/\/www.gkl-rijeka.hr\/index.php\/wp-json\/wp\/v2\/comments?post=16353"}],"version-history":[{"count":2,"href":"https:\/\/www.gkl-rijeka.hr\/index.php\/wp-json\/wp\/v2\/posts\/16353\/revisions"}],"predecessor-version":[{"id":16355,"href":"https:\/\/www.gkl-rijeka.hr\/index.php\/wp-json\/wp\/v2\/posts\/16353\/revisions\/16355"}],"wp:featuredmedia":[{"embeddable":true,"href":"https:\/\/www.gkl-rijeka.hr\/index.php\/wp-json\/wp\/v2\/media\/13842"}],"wp:attachment":[{"href":"https:\/\/www.gkl-rijeka.hr\/index.php\/wp-json\/wp\/v2\/media?parent=16353"}],"wp:term":[{"taxonomy":"category","embeddable":true,"href":"https:\/\/www.gkl-rijeka.hr\/index.php\/wp-json\/wp\/v2\/categories?post=16353"},{"taxonomy":"post_tag","embeddable":true,"href":"https:\/\/www.gkl-rijeka.hr\/index.php\/wp-json\/wp\/v2\/tags?post=16353"}],"curies":[{"name":"wp","href":"https:\/\/api.w.org\/{rel}","templated":true}]}}