{"id":16356,"date":"2024-09-24T09:46:37","date_gmt":"2024-09-24T09:46:37","guid":{"rendered":"https:\/\/www.gkl-rijeka.hr\/?p=16356"},"modified":"2024-09-24T09:47:19","modified_gmt":"2024-09-24T09:47:19","slug":"nova-predstava-vrlo-zapetljan-cvor","status":"publish","type":"post","link":"https:\/\/www.gkl-rijeka.hr\/index.php\/nova-predstava-vrlo-zapetljan-cvor\/","title":{"rendered":"Nova predstava &#8220;Vrlo zapetljan \u010dvor&#8221;"},"content":{"rendered":"<p><strong>Nova predstava &#8220;Vrlo zapetljan \u010dvor&#8221;<\/strong><\/p>\n<p>U petak, 20.rujna 2024 u 18h predstava &#8220;Vrlo zapetljan \u010dvor&#8221; redatelja Aleksandra \u0160vabi\u0107a imala je svoju premijernu izvedbu.<\/p>\n<p>Svi mi, veliki i mali, nosimo svoje \u201e\u010dvorove\u201c \u2013 ponekad su to sitni problemi poput izgubljene igra\u010dke ili zaboravljene zada\u0107e, a ponekad su to ve\u0107e brige, poput nesporazuma s prijateljima. Bez obzira na veli\u010dinu ili oblik, svi se s njima suo\u010davamo. No, ono \u0161to je va\u017eno jest da te \u010dvorove, bez obzira na njihovu zapetljanost, mo\u017eemo raspetljati zajedno.<\/p>\n<p>Predstava Vrlo zapetljan \u010dvor nastala je prema motivima istoimene slikovnice Manuela \u0160umberca, jednog od najtalentiranijih i nagra\u0111ivanih hrvatskih autora, ilustratora i animatora mla\u0111e generacije. U sredi\u0161tu pri\u010de nalazi se jedan sasvim obi\u010dan dje\u010dak s neobi\u010dnim problemom \u2013 \u010dvorom u obliku priljepka koji mu se nastani na glavi. Taj \u010dvor, koji simbolizira njegove brige, slijedi ga posvuda, a dje\u010dak bezuspje\u0161no poku\u0161ava prona\u0107i na\u010din da ga se oslobodi. No, ubrzo otkriva da svi mi nosimo svoje \u201e\u010dvorove\u201c \u2013 jedinstvene i razli\u010dite, ali jednako zapetljane.<\/p>\n<p>Ova originalna slikovnica pru\u017eila je inspiraciju za jedinstvenu lutkarsku predstavu koja, koriste\u0107i pokret, glazbu i vizualnu \u010daroliju, progovara o brigama, no\u0161enju s izazovima, ali i ohrabrenju da smo svi mi, u svojim borbama, zapravo vrlo sli\u010dni. Duhovito i dinami\u010dno, uz mno\u0161tvo u\u017eadi i vrpci koje o\u017eivljavaju pred dje\u010djim o\u010dima, predstava \u0161alje poruku da se ne trebamo bojati biti svoji. Redatelj Aleksandar \u0160vabi\u0107 nagla\u0161ava da je cilj ove predstave raspetljati \u017eivotne \u201e\u010dvorove\u201c uz smije\u0161ak i duhovitost, ostavljaju\u0107i djecu s osje\u0107ajem olak\u0161anja i nade.<\/p>\n<p>Gradsko kazali\u0161te lutaka Rijeka uvijek te\u017ei postavljanju suvremenih, aktualnih tema koje komuniciraju s dana\u0161njom djecom i njihovim izazovima. Kazali\u0161te nastoji stvoriti nova, originalna djela doma\u0107ih i inozemnih autora, te istra\u017eivati granice lutkarstva, spajaju\u0107i ga s drugim umjetni\u010dkim medijima i pomi\u010du\u0107i klasi\u010dne barijere ove forme.<\/p>\n<p>Pozivamo vas da zajedno raspetljamo\u00a0 \u201e\u010dvorove\u201c kroz igru, osmijeh i zajedni\u0161tvo.<\/p>\n<p>Gradsko kazali\u0161te lutaka Rijeka<\/p>\n","protected":false},"excerpt":{"rendered":"<p>Nova predstava &#8220;Vrlo zapetljan \u010dvor&#8221; U petak, 20.rujna 2024 u 18h predstava &#8220;Vrlo zapetljan \u010dvor&#8221; redatelja Aleksandra \u0160vabi\u0107a imala je svoju premijernu izvedbu. Svi mi, veliki i mali, nosimo svoje \u201e\u010dvorove\u201c \u2013 ponekad su to sitni problemi poput izgubljene igra\u010dke ili zaboravljene zada\u0107e, a ponekad su to ve\u0107e brige, poput nesporazuma s prijateljima. Bez obzira [&hellip;]<\/p>\n","protected":false},"author":1,"featured_media":16295,"comment_status":"closed","ping_status":"closed","sticky":false,"template":"","format":"standard","meta":{"spay_email":""},"categories":[3],"tags":[],"jetpack_featured_media_url":"https:\/\/www.gkl-rijeka.hr\/wp-content\/uploads\/2024\/08\/Zapetljan-c\u030cvor_031-1.jpg?wsr","yoast_head":"<!-- This site is optimized with the Yoast SEO plugin v15.1.1 - https:\/\/yoast.com\/wordpress\/plugins\/seo\/ -->\n<meta name=\"robots\" content=\"index, follow, max-snippet:-1, max-image-preview:large, max-video-preview:-1\" \/>\n<link rel=\"canonical\" href=\"https:\/\/www.gkl-rijeka.hr\/index.php\/nova-predstava-vrlo-zapetljan-cvor\/\" \/>\n<meta property=\"og:locale\" content=\"en_US\" \/>\n<meta property=\"og:type\" content=\"article\" \/>\n<meta property=\"og:title\" content=\"Nova predstava &quot;Vrlo zapetljan \u010dvor&quot; - Gradsko kazali\u0161te lutaka Rijeka\" \/>\n<meta property=\"og:description\" content=\"Nova predstava &#8220;Vrlo zapetljan \u010dvor&#8221; U petak, 20.rujna 2024 u 18h predstava &#8220;Vrlo zapetljan \u010dvor&#8221; redatelja Aleksandra \u0160vabi\u0107a imala je svoju premijernu izvedbu. Svi mi, veliki i mali, nosimo svoje \u201e\u010dvorove\u201c \u2013 ponekad su to sitni problemi poput izgubljene igra\u010dke ili zaboravljene zada\u0107e, a ponekad su to ve\u0107e brige, poput nesporazuma s prijateljima. Bez obzira [&hellip;]\" \/>\n<meta property=\"og:url\" content=\"https:\/\/www.gkl-rijeka.hr\/index.php\/nova-predstava-vrlo-zapetljan-cvor\/\" \/>\n<meta property=\"og:site_name\" content=\"Gradsko kazali\u0161te lutaka Rijeka\" \/>\n<meta property=\"article:publisher\" content=\"https:\/\/www.facebook.com\/gkl.rijeka\" \/>\n<meta property=\"article:published_time\" content=\"2024-09-24T09:46:37+00:00\" \/>\n<meta property=\"article:modified_time\" content=\"2024-09-24T09:47:19+00:00\" \/>\n<meta property=\"og:image\" content=\"https:\/\/www.gkl-rijeka.hr\/wp-content\/uploads\/2024\/08\/Zapetljan-c\u030cvor_031-1.jpg?wsr\" \/>\n\t<meta property=\"og:image:width\" content=\"854\" \/>\n\t<meta property=\"og:image:height\" content=\"1280\" \/>\n<meta property=\"fb:app_id\" content=\"368762594246882\" \/>\n<meta name=\"twitter:card\" content=\"summary\" \/>\n<script type=\"application\/ld+json\" class=\"yoast-schema-graph\">{\"@context\":\"https:\/\/schema.org\",\"@graph\":[{\"@type\":\"Organization\",\"@id\":\"https:\/\/www.gkl-rijeka.hr\/#organization\",\"name\":\"Gradsko kazali\\u0161te lutaka Rijeka\",\"url\":\"https:\/\/www.gkl-rijeka.hr\/\",\"sameAs\":[\"https:\/\/www.facebook.com\/gkl.rijeka\"],\"logo\":{\"@type\":\"ImageObject\",\"@id\":\"https:\/\/www.gkl-rijeka.hr\/#logo\",\"inLanguage\":\"en-US\",\"url\":\"https:\/\/www.gkl-rijeka.hr\/wp-content\/uploads\/2020\/10\/logo_boja_01.png?wsr\",\"width\":209,\"height\":280,\"caption\":\"Gradsko kazali\\u0161te lutaka Rijeka\"},\"image\":{\"@id\":\"https:\/\/www.gkl-rijeka.hr\/#logo\"}},{\"@type\":\"WebSite\",\"@id\":\"https:\/\/www.gkl-rijeka.hr\/#website\",\"url\":\"https:\/\/www.gkl-rijeka.hr\/\",\"name\":\"Gradsko kazali\\u0161te lutaka Rijeka\",\"description\":\"\",\"publisher\":{\"@id\":\"https:\/\/www.gkl-rijeka.hr\/#organization\"},\"potentialAction\":[{\"@type\":\"SearchAction\",\"target\":\"https:\/\/www.gkl-rijeka.hr\/?s={search_term_string}\",\"query-input\":\"required name=search_term_string\"}],\"inLanguage\":\"en-US\"},{\"@type\":\"ImageObject\",\"@id\":\"https:\/\/www.gkl-rijeka.hr\/index.php\/nova-predstava-vrlo-zapetljan-cvor\/#primaryimage\",\"inLanguage\":\"en-US\",\"url\":\"https:\/\/www.gkl-rijeka.hr\/wp-content\/uploads\/2024\/08\/Zapetljan-c\\u030cvor_031-1.jpg?wsr\",\"width\":854,\"height\":1280},{\"@type\":\"WebPage\",\"@id\":\"https:\/\/www.gkl-rijeka.hr\/index.php\/nova-predstava-vrlo-zapetljan-cvor\/#webpage\",\"url\":\"https:\/\/www.gkl-rijeka.hr\/index.php\/nova-predstava-vrlo-zapetljan-cvor\/\",\"name\":\"Nova predstava \\\"Vrlo zapetljan \\u010dvor\\\" - Gradsko kazali\\u0161te lutaka Rijeka\",\"isPartOf\":{\"@id\":\"https:\/\/www.gkl-rijeka.hr\/#website\"},\"primaryImageOfPage\":{\"@id\":\"https:\/\/www.gkl-rijeka.hr\/index.php\/nova-predstava-vrlo-zapetljan-cvor\/#primaryimage\"},\"datePublished\":\"2024-09-24T09:46:37+00:00\",\"dateModified\":\"2024-09-24T09:47:19+00:00\",\"inLanguage\":\"en-US\",\"potentialAction\":[{\"@type\":\"ReadAction\",\"target\":[\"https:\/\/www.gkl-rijeka.hr\/index.php\/nova-predstava-vrlo-zapetljan-cvor\/\"]}]},{\"@type\":\"Article\",\"@id\":\"https:\/\/www.gkl-rijeka.hr\/index.php\/nova-predstava-vrlo-zapetljan-cvor\/#article\",\"isPartOf\":{\"@id\":\"https:\/\/www.gkl-rijeka.hr\/index.php\/nova-predstava-vrlo-zapetljan-cvor\/#webpage\"},\"author\":{\"@id\":\"https:\/\/www.gkl-rijeka.hr\/#\/schema\/person\/3d9f7620db983ddf36e45ccae28c8651\"},\"headline\":\"Nova predstava &#8220;Vrlo zapetljan \\u010dvor&#8221;\",\"datePublished\":\"2024-09-24T09:46:37+00:00\",\"dateModified\":\"2024-09-24T09:47:19+00:00\",\"mainEntityOfPage\":{\"@id\":\"https:\/\/www.gkl-rijeka.hr\/index.php\/nova-predstava-vrlo-zapetljan-cvor\/#webpage\"},\"publisher\":{\"@id\":\"https:\/\/www.gkl-rijeka.hr\/#organization\"},\"image\":{\"@id\":\"https:\/\/www.gkl-rijeka.hr\/index.php\/nova-predstava-vrlo-zapetljan-cvor\/#primaryimage\"},\"articleSection\":\"Novosti\",\"inLanguage\":\"en-US\"},{\"@type\":\"Person\",\"@id\":\"https:\/\/www.gkl-rijeka.hr\/#\/schema\/person\/3d9f7620db983ddf36e45ccae28c8651\",\"name\":\"Marin\",\"image\":{\"@type\":\"ImageObject\",\"@id\":\"https:\/\/www.gkl-rijeka.hr\/#personlogo\",\"inLanguage\":\"en-US\",\"url\":\"https:\/\/secure.gravatar.com\/avatar\/9ba8e90e29bf7b5691a75673ed86bcba?s=96&d=mm&r=g\",\"caption\":\"Marin\"}}]}<\/script>\n<!-- \/ Yoast SEO plugin. -->","_links":{"self":[{"href":"https:\/\/www.gkl-rijeka.hr\/index.php\/wp-json\/wp\/v2\/posts\/16356"}],"collection":[{"href":"https:\/\/www.gkl-rijeka.hr\/index.php\/wp-json\/wp\/v2\/posts"}],"about":[{"href":"https:\/\/www.gkl-rijeka.hr\/index.php\/wp-json\/wp\/v2\/types\/post"}],"author":[{"embeddable":true,"href":"https:\/\/www.gkl-rijeka.hr\/index.php\/wp-json\/wp\/v2\/users\/1"}],"replies":[{"embeddable":true,"href":"https:\/\/www.gkl-rijeka.hr\/index.php\/wp-json\/wp\/v2\/comments?post=16356"}],"version-history":[{"count":2,"href":"https:\/\/www.gkl-rijeka.hr\/index.php\/wp-json\/wp\/v2\/posts\/16356\/revisions"}],"predecessor-version":[{"id":16359,"href":"https:\/\/www.gkl-rijeka.hr\/index.php\/wp-json\/wp\/v2\/posts\/16356\/revisions\/16359"}],"wp:featuredmedia":[{"embeddable":true,"href":"https:\/\/www.gkl-rijeka.hr\/index.php\/wp-json\/wp\/v2\/media\/16295"}],"wp:attachment":[{"href":"https:\/\/www.gkl-rijeka.hr\/index.php\/wp-json\/wp\/v2\/media?parent=16356"}],"wp:term":[{"taxonomy":"category","embeddable":true,"href":"https:\/\/www.gkl-rijeka.hr\/index.php\/wp-json\/wp\/v2\/categories?post=16356"},{"taxonomy":"post_tag","embeddable":true,"href":"https:\/\/www.gkl-rijeka.hr\/index.php\/wp-json\/wp\/v2\/tags?post=16356"}],"curies":[{"name":"wp","href":"https:\/\/api.w.org\/{rel}","templated":true}]}}