{"id":16415,"date":"2024-10-08T13:42:48","date_gmt":"2024-10-08T13:42:48","guid":{"rendered":"https:\/\/www.gkl-rijeka.hr\/?p=16415"},"modified":"2024-10-08T13:42:48","modified_gmt":"2024-10-08T13:42:48","slug":"nagrada-za-najbolju-glumicu-petri-sarac-za-predstavu-oh-la-la","status":"publish","type":"post","link":"https:\/\/www.gkl-rijeka.hr\/index.php\/nagrada-za-najbolju-glumicu-petri-sarac-za-predstavu-oh-la-la\/","title":{"rendered":"Nagrada za najbolju glumicu Petri \u0160arac za predstavu OH LA LA"},"content":{"rendered":"<p><strong>Glumica Petra \u0160arac osvojila nagradu za najbolju glumicu na 3. Me\u0111unarodnom festivalu kazali\u0161ta za djecu &#8220;Igor Mad\u017eirov&#8221; u Skoplju, Sjeverna Makedonija<\/strong><\/p>\n<p>&nbsp;<\/p>\n<p>S velikim ponosom i zadovoljstvom obavje\u0161tavamo vas da je na\u0161a glumica <strong>Petra \u0160arac<\/strong> osvojila presti\u017enu nagradu za najbolju glumicu na <strong>3. Me\u0111unarodnom festivalu kazali\u0161ta za djecu &#8220;Igor Mad\u017eirov&#8221; u Skoplju, <\/strong>za svoju izvanrednu izvedbu u predstavi <strong>&#8220;Oh La La&#8221;<\/strong>.<\/p>\n<p>Ovo je drugo me\u0111unarodno priznanje zaredom za ovu uspje\u0161nu predstavu, koja se pro\u0161li mjesec tako\u0111er vratila s nagradama s <strong>4. me\u0111unarodnog festivala lutkarske umjetnosti<\/strong> \u2013 <strong>FLUM<\/strong> koji se\u00a0 odr\u017eavao u Mostaru.<\/p>\n<p>Predstava <strong>&#8220;Oh La La&#8221;<\/strong>, Gradskog kazali\u0161ta lutaka Rijeka, autora Bernarda Friota i Herve Tulleta, u re\u017eiji Mateje Bizjak Petit i izvedbi glumice lutkarice Petre \u0160arac dokazala se kao pravi hit na me\u0111unarodnoj sceni, te nastavlja nizati uspjehe na presti\u017enim kazali\u0161nim festivalima.<\/p>\n<p>Gradsko kazali\u0161te lutaka jo\u0161 jednom potvr\u0111uje svoju izvrsnost i kreativnost, a nagrada Petri \u0160arac dodatna je potvrda njenog talenta i predanosti.<\/p>\n<p>Sa zadovoljstvom najavljujemo da predstava <strong>\u201eOh la la\u201c<\/strong> \u00a0gostuje i 12. listopada u <strong>Lutkarskom kazali\u0161tu Lilarum u Be\u010du<\/strong>. GKL Rijeka je dobio direktan poziv za gostovanje u ovom najve\u0107em lutkarskom kazali\u0161tu u Austriji, a ono se odr\u017eava u okviru programa \u201eGostovanja iz CEE regije\u201c (Centralno &#8211; isto\u010dne Europe), kojima se poti\u010du predstavljanja ponajboljih lutkarskih predstava na izvornom, nacionalnom jeziku. Ovom ponudom za vi\u0161ejezi\u010dne obitelji, kazali\u0161te Lilarum \u017eeli promicati usvajanje jezika, omogu\u0107iti u\u017eivanje u umjetnosti djeci na jeziku njihovih baka i djedova te dati doprinos odr\u017eavanju raznolikosti Be\u010dana u kulturnom \u017eivotu grada.<\/p>\n<p><strong>Gradsko kazali\u0161te lutaka Rijeka<\/strong> nastavlja uspje\u0161no predstavljati hrvatsku kazali\u0161nu i lutkarsku scenu diljem regije i Europe, a publika mo\u017ee o\u010dekivati i dalje kreativne, kvalitetne i ma\u0161tovite izvedbe.<\/p>\n<p>\u010cestitke cijelom timu predstave i Petri \u0160arac na ovom sjajnom uspjehu!<\/p>\n","protected":false},"excerpt":{"rendered":"<p>Glumica Petra \u0160arac osvojila nagradu za najbolju glumicu na 3. Me\u0111unarodnom festivalu kazali\u0161ta za djecu &#8220;Igor Mad\u017eirov&#8221; u Skoplju, Sjeverna Makedonija &nbsp; S velikim ponosom i zadovoljstvom obavje\u0161tavamo vas da je na\u0161a glumica Petra \u0160arac osvojila presti\u017enu nagradu za najbolju glumicu na 3. Me\u0111unarodnom festivalu kazali\u0161ta za djecu &#8220;Igor Mad\u017eirov&#8221; u Skoplju, za svoju izvanrednu [&hellip;]<\/p>\n","protected":false},"author":1,"featured_media":16416,"comment_status":"closed","ping_status":"closed","sticky":false,"template":"","format":"standard","meta":{"spay_email":""},"categories":[3],"tags":[],"jetpack_featured_media_url":"https:\/\/www.gkl-rijeka.hr\/wp-content\/uploads\/2024\/10\/IMG-9a6d80418fa8e020c79da46413d1640e-V.jpg?wsr","yoast_head":"<!-- This site is optimized with the Yoast SEO plugin v15.1.1 - https:\/\/yoast.com\/wordpress\/plugins\/seo\/ -->\n<meta name=\"robots\" content=\"index, follow, max-snippet:-1, max-image-preview:large, max-video-preview:-1\" \/>\n<link rel=\"canonical\" href=\"https:\/\/www.gkl-rijeka.hr\/index.php\/nagrada-za-najbolju-glumicu-petri-sarac-za-predstavu-oh-la-la\/\" \/>\n<meta property=\"og:locale\" content=\"en_US\" \/>\n<meta property=\"og:type\" content=\"article\" \/>\n<meta property=\"og:title\" content=\"Nagrada za najbolju glumicu Petri \u0160arac za predstavu OH LA LA - Gradsko kazali\u0161te lutaka Rijeka\" \/>\n<meta property=\"og:description\" content=\"Glumica Petra \u0160arac osvojila nagradu za najbolju glumicu na 3. Me\u0111unarodnom festivalu kazali\u0161ta za djecu &#8220;Igor Mad\u017eirov&#8221; u Skoplju, Sjeverna Makedonija &nbsp; S velikim ponosom i zadovoljstvom obavje\u0161tavamo vas da je na\u0161a glumica Petra \u0160arac osvojila presti\u017enu nagradu za najbolju glumicu na 3. Me\u0111unarodnom festivalu kazali\u0161ta za djecu &#8220;Igor Mad\u017eirov&#8221; u Skoplju, za svoju izvanrednu [&hellip;]\" \/>\n<meta property=\"og:url\" content=\"https:\/\/www.gkl-rijeka.hr\/index.php\/nagrada-za-najbolju-glumicu-petri-sarac-za-predstavu-oh-la-la\/\" \/>\n<meta property=\"og:site_name\" content=\"Gradsko kazali\u0161te lutaka Rijeka\" \/>\n<meta property=\"article:publisher\" content=\"https:\/\/www.facebook.com\/gkl.rijeka\" \/>\n<meta property=\"article:published_time\" content=\"2024-10-08T13:42:48+00:00\" \/>\n<meta property=\"og:image\" content=\"https:\/\/www.gkl-rijeka.hr\/wp-content\/uploads\/2024\/10\/IMG-9a6d80418fa8e020c79da46413d1640e-V.jpg?wsr\" \/>\n\t<meta property=\"og:image:width\" content=\"1600\" \/>\n\t<meta property=\"og:image:height\" content=\"1200\" \/>\n<meta property=\"fb:app_id\" content=\"368762594246882\" \/>\n<meta name=\"twitter:card\" content=\"summary\" \/>\n<script type=\"application\/ld+json\" class=\"yoast-schema-graph\">{\"@context\":\"https:\/\/schema.org\",\"@graph\":[{\"@type\":\"Organization\",\"@id\":\"https:\/\/www.gkl-rijeka.hr\/#organization\",\"name\":\"Gradsko kazali\\u0161te lutaka Rijeka\",\"url\":\"https:\/\/www.gkl-rijeka.hr\/\",\"sameAs\":[\"https:\/\/www.facebook.com\/gkl.rijeka\"],\"logo\":{\"@type\":\"ImageObject\",\"@id\":\"https:\/\/www.gkl-rijeka.hr\/#logo\",\"inLanguage\":\"en-US\",\"url\":\"https:\/\/www.gkl-rijeka.hr\/wp-content\/uploads\/2020\/10\/logo_boja_01.png?wsr\",\"width\":209,\"height\":280,\"caption\":\"Gradsko kazali\\u0161te lutaka Rijeka\"},\"image\":{\"@id\":\"https:\/\/www.gkl-rijeka.hr\/#logo\"}},{\"@type\":\"WebSite\",\"@id\":\"https:\/\/www.gkl-rijeka.hr\/#website\",\"url\":\"https:\/\/www.gkl-rijeka.hr\/\",\"name\":\"Gradsko kazali\\u0161te lutaka Rijeka\",\"description\":\"\",\"publisher\":{\"@id\":\"https:\/\/www.gkl-rijeka.hr\/#organization\"},\"potentialAction\":[{\"@type\":\"SearchAction\",\"target\":\"https:\/\/www.gkl-rijeka.hr\/?s={search_term_string}\",\"query-input\":\"required name=search_term_string\"}],\"inLanguage\":\"en-US\"},{\"@type\":\"ImageObject\",\"@id\":\"https:\/\/www.gkl-rijeka.hr\/index.php\/nagrada-za-najbolju-glumicu-petri-sarac-za-predstavu-oh-la-la\/#primaryimage\",\"inLanguage\":\"en-US\",\"url\":\"https:\/\/www.gkl-rijeka.hr\/wp-content\/uploads\/2024\/10\/IMG-9a6d80418fa8e020c79da46413d1640e-V.jpg?wsr\",\"width\":1600,\"height\":1200},{\"@type\":\"WebPage\",\"@id\":\"https:\/\/www.gkl-rijeka.hr\/index.php\/nagrada-za-najbolju-glumicu-petri-sarac-za-predstavu-oh-la-la\/#webpage\",\"url\":\"https:\/\/www.gkl-rijeka.hr\/index.php\/nagrada-za-najbolju-glumicu-petri-sarac-za-predstavu-oh-la-la\/\",\"name\":\"Nagrada za najbolju glumicu Petri \\u0160arac za predstavu OH LA LA - Gradsko kazali\\u0161te lutaka Rijeka\",\"isPartOf\":{\"@id\":\"https:\/\/www.gkl-rijeka.hr\/#website\"},\"primaryImageOfPage\":{\"@id\":\"https:\/\/www.gkl-rijeka.hr\/index.php\/nagrada-za-najbolju-glumicu-petri-sarac-za-predstavu-oh-la-la\/#primaryimage\"},\"datePublished\":\"2024-10-08T13:42:48+00:00\",\"dateModified\":\"2024-10-08T13:42:48+00:00\",\"inLanguage\":\"en-US\",\"potentialAction\":[{\"@type\":\"ReadAction\",\"target\":[\"https:\/\/www.gkl-rijeka.hr\/index.php\/nagrada-za-najbolju-glumicu-petri-sarac-za-predstavu-oh-la-la\/\"]}]},{\"@type\":\"Article\",\"@id\":\"https:\/\/www.gkl-rijeka.hr\/index.php\/nagrada-za-najbolju-glumicu-petri-sarac-za-predstavu-oh-la-la\/#article\",\"isPartOf\":{\"@id\":\"https:\/\/www.gkl-rijeka.hr\/index.php\/nagrada-za-najbolju-glumicu-petri-sarac-za-predstavu-oh-la-la\/#webpage\"},\"author\":{\"@id\":\"https:\/\/www.gkl-rijeka.hr\/#\/schema\/person\/3d9f7620db983ddf36e45ccae28c8651\"},\"headline\":\"Nagrada za najbolju glumicu Petri \\u0160arac za predstavu OH LA LA\",\"datePublished\":\"2024-10-08T13:42:48+00:00\",\"dateModified\":\"2024-10-08T13:42:48+00:00\",\"mainEntityOfPage\":{\"@id\":\"https:\/\/www.gkl-rijeka.hr\/index.php\/nagrada-za-najbolju-glumicu-petri-sarac-za-predstavu-oh-la-la\/#webpage\"},\"publisher\":{\"@id\":\"https:\/\/www.gkl-rijeka.hr\/#organization\"},\"image\":{\"@id\":\"https:\/\/www.gkl-rijeka.hr\/index.php\/nagrada-za-najbolju-glumicu-petri-sarac-za-predstavu-oh-la-la\/#primaryimage\"},\"articleSection\":\"Novosti\",\"inLanguage\":\"en-US\"},{\"@type\":\"Person\",\"@id\":\"https:\/\/www.gkl-rijeka.hr\/#\/schema\/person\/3d9f7620db983ddf36e45ccae28c8651\",\"name\":\"Marin\",\"image\":{\"@type\":\"ImageObject\",\"@id\":\"https:\/\/www.gkl-rijeka.hr\/#personlogo\",\"inLanguage\":\"en-US\",\"url\":\"https:\/\/secure.gravatar.com\/avatar\/9ba8e90e29bf7b5691a75673ed86bcba?s=96&d=mm&r=g\",\"caption\":\"Marin\"}}]}<\/script>\n<!-- \/ Yoast SEO plugin. -->","_links":{"self":[{"href":"https:\/\/www.gkl-rijeka.hr\/index.php\/wp-json\/wp\/v2\/posts\/16415"}],"collection":[{"href":"https:\/\/www.gkl-rijeka.hr\/index.php\/wp-json\/wp\/v2\/posts"}],"about":[{"href":"https:\/\/www.gkl-rijeka.hr\/index.php\/wp-json\/wp\/v2\/types\/post"}],"author":[{"embeddable":true,"href":"https:\/\/www.gkl-rijeka.hr\/index.php\/wp-json\/wp\/v2\/users\/1"}],"replies":[{"embeddable":true,"href":"https:\/\/www.gkl-rijeka.hr\/index.php\/wp-json\/wp\/v2\/comments?post=16415"}],"version-history":[{"count":2,"href":"https:\/\/www.gkl-rijeka.hr\/index.php\/wp-json\/wp\/v2\/posts\/16415\/revisions"}],"predecessor-version":[{"id":16418,"href":"https:\/\/www.gkl-rijeka.hr\/index.php\/wp-json\/wp\/v2\/posts\/16415\/revisions\/16418"}],"wp:featuredmedia":[{"embeddable":true,"href":"https:\/\/www.gkl-rijeka.hr\/index.php\/wp-json\/wp\/v2\/media\/16416"}],"wp:attachment":[{"href":"https:\/\/www.gkl-rijeka.hr\/index.php\/wp-json\/wp\/v2\/media?parent=16415"}],"wp:term":[{"taxonomy":"category","embeddable":true,"href":"https:\/\/www.gkl-rijeka.hr\/index.php\/wp-json\/wp\/v2\/categories?post=16415"},{"taxonomy":"post_tag","embeddable":true,"href":"https:\/\/www.gkl-rijeka.hr\/index.php\/wp-json\/wp\/v2\/tags?post=16415"}],"curies":[{"name":"wp","href":"https:\/\/api.w.org\/{rel}","templated":true}]}}