{"id":16525,"date":"2024-10-18T09:57:31","date_gmt":"2024-10-18T09:57:31","guid":{"rendered":"https:\/\/www.gkl-rijeka.hr\/?p=16525"},"modified":"2024-10-18T09:57:31","modified_gmt":"2024-10-18T09:57:31","slug":"najava-29-revije-lutkarskih-kazalista-rijeka","status":"publish","type":"post","link":"https:\/\/www.gkl-rijeka.hr\/index.php\/najava-29-revije-lutkarskih-kazalista-rijeka\/","title":{"rendered":"Najava 29. Revije lutkarskih kazali\u0161ta Rijeka"},"content":{"rendered":"<p>Rijeka, 18. listopad 2024.<\/p>\n<p><strong>Najava 29. Revije lutkarskih kazali\u0161ta u Rijeci<\/strong><\/p>\n<p>Gradsko kazali\u0161te lutaka Rijeka s ponosom najavljuje 29. Reviju lutkarskih kazali\u0161ta, koja \u0107e se odr\u017eati od 3. do 9. studenog 2024. godine. Tijekom ovogodi\u0161nje manifestacije, rije\u010dkoj publici bit \u0107e predstavljeno ukupno 11 predstava kazali\u0161ta iz Hrvatske, Slovenije, Srbije, Bosne i Hercegovine, \u010ce\u0161ke i Tajlanda. Predstave \u0107e se izvoditi na tri lokacije \u2013 u Gradskom kazali\u0161tu lutaka Rijeka, Hrvatskom kulturnom domu na Su\u0161aku i Dje\u010djoj ku\u0107i.<\/p>\n<p>Reviju \u0107e otvoriti predstava <strong>&#8220;Bomboniera Variete!&#8221;<\/strong> u izvedbi Gradskog kazali\u0161ta lutaka Rijeka. Kroz tjedan dana, gledatelji \u0107e u\u017eivati u raznovrsnim izvedbama, uklju\u010duju\u0107i:<\/p>\n<ul>\n<li><strong>&#8220;Mi\u0161i\u0107 Julijan&#8221;<\/strong> Lutkarskog kazali\u0161ta Ljubljana,<\/li>\n<li><strong>&#8220;Zezop&#8221;<\/strong> Kazali\u0161ta lutaka Zadar,<\/li>\n<li><strong>&#8220;Safari&#8221;<\/strong> u izvedbi Talentshow teatra iz Tajlanda,<\/li>\n<li><strong>&#8220;\u0160apat du\u0161e&#8221;<\/strong> Hrvatskog narodnog kazali\u0161ta u Vara\u017edinu,<\/li>\n<li><strong>&#8220;\u010cetiri \u010dudesne nezgode&#8221;<\/strong> Dje\u010djeg kazali\u0161ta Branko Mihaljevi\u0107 iz Osijeka,<\/li>\n<li><strong>&#8220;Mali posjetitelji&#8221;<\/strong> ansambla Teren iz \u010ce\u0161ke,<\/li>\n<li><strong>&#8220;Bajka sva od \u0161e\u0107era&#8221;<\/strong> Kazali\u0161ta Virovitica,<\/li>\n<li><strong>&#8220;O nje\u017enosti&#8221;<\/strong> Kazali\u0161ta lutaka Mostar,<\/li>\n<li><strong>&#8220;Pradjevoj\u010dica&#8221;<\/strong> Narodnog kazali\u0161ta &#8220;To\u0161a Jovanovi\u0107&#8221; iz Zrenjanina,<\/li>\n<li>te <strong>&#8220;Harms je kriv!&#8221;<\/strong> u izvedbi ansambla Teatro Matita iz Ljubljane, koja \u0107e zatvoriti ovogodi\u0161nju Reviju.<\/li>\n<\/ul>\n<p><strong>Program prilago\u0111en svim uzrastima<\/strong><\/p>\n<p>Prema rije\u010dima ravnateljice kazali\u0161ta, Magdalene Lupi Alvir, program je raznolik te prilago\u0111en razli\u010ditim uzrastima, s naglaskom na pred\u0161kolarce, \u0161kolarce i mlade. &#8220;Predstave ove godine obra\u0111uju aktualne teme koje su bliske i djeci i odraslima, poput odrastanja, va\u017enosti igre, razvijanja ma\u0161te, ekolo\u0161kih pitanja, ali i ljudskih pri\u010da. Posebno nas veseli predstava iz Tajlanda, koja \u0107e u Rijeci imati svoje prvo europsko gostovanje,&#8221; istaknula je Lupi Alvir.<\/p>\n<p><strong>Podr\u0161ka lokalne zajednice<\/strong><\/p>\n<p>Gradona\u010delnik Rijeke, Marko Filipovi\u0107, na konferenciji za medije odr\u017eanoj 17. studenog u prostorima Dje\u010dje ku\u0107e \u2013 kontejner, naglasio je zna\u010daj ove manifestacije, koja iz godine u godinu privla\u010di veliki interes kako publike, tako i kazali\u0161ta iz cijelog svijeta. &#8220;Pozivam gra\u0111ane da u \u0161to ve\u0107em broju posjete ovogodi\u0161nju Reviju, jer program nudi ne\u0161to za svakoga,&#8221; rekao je gradona\u010delnik.<\/p>\n<p>Primorsko-goranska \u017eupanija tako\u0111er pru\u017ea potporu manifestaciji, a pro\u010delnica Sonja \u0160i\u0161i\u0107 je istaknula va\u017enost Gradskog kazali\u0161ta lutaka ne samo za Rijeku, ve\u0107 i za cijelu \u017eupaniju. &#8220;Njihove predstave gledaju ne samo Rije\u010dani, ve\u0107 i stanovnici okolnih mjesta, a mi im nastojimo pru\u017eiti podr\u0161ku koliko god mo\u017eemo,&#8221; dodala je \u0160i\u0161i\u0107.<\/p>\n<p>Ve\u0107 29 godina Reviju iz Grada Rijeke i gledali\u0161ta prati voditeljica Pododsjeka za programe kulture Helena Semion-Tati\u0107 koja je kazala kako je ponosna ovom ustanovom koja redovito izvanrednim predstavama osvaja nagrade.<\/p>\n<p><strong>Popratni program i nagrada publike DOMINO<\/strong><\/p>\n<p>Kao i prija\u0161njih godina, lutke iz fundusa kazali\u0161ta bit \u0107e izlo\u017eene u izlozima u centru grada, a 9. studenog u atriju HKD-a odr\u017eat \u0107e se lutkarska radionica i igraonica u suradnji sa Gra\u0111evinko tehni\u010dkom \u0161kolom, gdje \u0107e posjetitelji imati priliku oslikavati maske.<\/p>\n<p>Publika \u0107e i ove godine sudjelovati u ocjenjivanju predstava, a najbolje ocijenjena predstava dobit \u0107e nagradu DOMINO, nazvanu po nekada\u0161njem nazivu kazali\u0161ta.<\/p>\n<p><strong>Ulaznice u prodaji<\/strong><\/p>\n<p>Ulaznice za 29. Reviju lutkarskih kazali\u0161ta ve\u0107 su dostupne. Detalji o cijenama pojedina\u010dnih ulaznica i kompleta mogu se prona\u0107i na web stranici Gradskog kazali\u0161ta lutaka Rijeka.<\/p>\n<p><strong>\u00a0<\/strong><\/p>\n<p>&nbsp;<\/p>\n<p>&nbsp;<\/p>\n","protected":false},"excerpt":{"rendered":"<p>Rijeka, 18. listopad 2024. Najava 29. Revije lutkarskih kazali\u0161ta u Rijeci Gradsko kazali\u0161te lutaka Rijeka s ponosom najavljuje 29. Reviju lutkarskih kazali\u0161ta, koja \u0107e se odr\u017eati od 3. do 9. studenog 2024. godine. Tijekom ovogodi\u0161nje manifestacije, rije\u010dkoj publici bit \u0107e predstavljeno ukupno 11 predstava kazali\u0161ta iz Hrvatske, Slovenije, Srbije, Bosne i Hercegovine, \u010ce\u0161ke i Tajlanda. [&hellip;]<\/p>\n","protected":false},"author":1,"featured_media":16526,"comment_status":"closed","ping_status":"closed","sticky":false,"template":"","format":"standard","meta":{"spay_email":""},"categories":[3],"tags":[],"jetpack_featured_media_url":"https:\/\/www.gkl-rijeka.hr\/wp-content\/uploads\/2024\/10\/IMG_20241017_090136-scaled.jpg?wsr","yoast_head":"<!-- This site is optimized with the Yoast SEO plugin v15.1.1 - https:\/\/yoast.com\/wordpress\/plugins\/seo\/ -->\n<meta name=\"robots\" content=\"index, follow, max-snippet:-1, max-image-preview:large, max-video-preview:-1\" \/>\n<link rel=\"canonical\" href=\"https:\/\/www.gkl-rijeka.hr\/index.php\/najava-29-revije-lutkarskih-kazalista-rijeka\/\" \/>\n<meta property=\"og:locale\" content=\"en_US\" \/>\n<meta property=\"og:type\" content=\"article\" \/>\n<meta property=\"og:title\" content=\"Najava 29. Revije lutkarskih kazali\u0161ta Rijeka - Gradsko kazali\u0161te lutaka Rijeka\" \/>\n<meta property=\"og:description\" content=\"Rijeka, 18. listopad 2024. Najava 29. Revije lutkarskih kazali\u0161ta u Rijeci Gradsko kazali\u0161te lutaka Rijeka s ponosom najavljuje 29. Reviju lutkarskih kazali\u0161ta, koja \u0107e se odr\u017eati od 3. do 9. studenog 2024. godine. Tijekom ovogodi\u0161nje manifestacije, rije\u010dkoj publici bit \u0107e predstavljeno ukupno 11 predstava kazali\u0161ta iz Hrvatske, Slovenije, Srbije, Bosne i Hercegovine, \u010ce\u0161ke i Tajlanda. [&hellip;]\" \/>\n<meta property=\"og:url\" content=\"https:\/\/www.gkl-rijeka.hr\/index.php\/najava-29-revije-lutkarskih-kazalista-rijeka\/\" \/>\n<meta property=\"og:site_name\" content=\"Gradsko kazali\u0161te lutaka Rijeka\" \/>\n<meta property=\"article:publisher\" content=\"https:\/\/www.facebook.com\/gkl.rijeka\" \/>\n<meta property=\"article:published_time\" content=\"2024-10-18T09:57:31+00:00\" \/>\n<meta property=\"og:image\" content=\"https:\/\/www.gkl-rijeka.hr\/wp-content\/uploads\/2024\/10\/IMG_20241017_090136-scaled.jpg?wsr\" \/>\n\t<meta property=\"og:image:width\" content=\"2560\" \/>\n\t<meta property=\"og:image:height\" content=\"1441\" \/>\n<meta property=\"fb:app_id\" content=\"368762594246882\" \/>\n<meta name=\"twitter:card\" content=\"summary\" \/>\n<script type=\"application\/ld+json\" class=\"yoast-schema-graph\">{\"@context\":\"https:\/\/schema.org\",\"@graph\":[{\"@type\":\"Organization\",\"@id\":\"https:\/\/www.gkl-rijeka.hr\/#organization\",\"name\":\"Gradsko kazali\\u0161te lutaka Rijeka\",\"url\":\"https:\/\/www.gkl-rijeka.hr\/\",\"sameAs\":[\"https:\/\/www.facebook.com\/gkl.rijeka\"],\"logo\":{\"@type\":\"ImageObject\",\"@id\":\"https:\/\/www.gkl-rijeka.hr\/#logo\",\"inLanguage\":\"en-US\",\"url\":\"https:\/\/www.gkl-rijeka.hr\/wp-content\/uploads\/2020\/10\/logo_boja_01.png?wsr\",\"width\":209,\"height\":280,\"caption\":\"Gradsko kazali\\u0161te lutaka Rijeka\"},\"image\":{\"@id\":\"https:\/\/www.gkl-rijeka.hr\/#logo\"}},{\"@type\":\"WebSite\",\"@id\":\"https:\/\/www.gkl-rijeka.hr\/#website\",\"url\":\"https:\/\/www.gkl-rijeka.hr\/\",\"name\":\"Gradsko kazali\\u0161te lutaka Rijeka\",\"description\":\"\",\"publisher\":{\"@id\":\"https:\/\/www.gkl-rijeka.hr\/#organization\"},\"potentialAction\":[{\"@type\":\"SearchAction\",\"target\":\"https:\/\/www.gkl-rijeka.hr\/?s={search_term_string}\",\"query-input\":\"required name=search_term_string\"}],\"inLanguage\":\"en-US\"},{\"@type\":\"ImageObject\",\"@id\":\"https:\/\/www.gkl-rijeka.hr\/index.php\/najava-29-revije-lutkarskih-kazalista-rijeka\/#primaryimage\",\"inLanguage\":\"en-US\",\"url\":\"https:\/\/www.gkl-rijeka.hr\/wp-content\/uploads\/2024\/10\/IMG_20241017_090136-scaled.jpg?wsr\",\"width\":2560,\"height\":1441},{\"@type\":\"WebPage\",\"@id\":\"https:\/\/www.gkl-rijeka.hr\/index.php\/najava-29-revije-lutkarskih-kazalista-rijeka\/#webpage\",\"url\":\"https:\/\/www.gkl-rijeka.hr\/index.php\/najava-29-revije-lutkarskih-kazalista-rijeka\/\",\"name\":\"Najava 29. Revije lutkarskih kazali\\u0161ta Rijeka - Gradsko kazali\\u0161te lutaka Rijeka\",\"isPartOf\":{\"@id\":\"https:\/\/www.gkl-rijeka.hr\/#website\"},\"primaryImageOfPage\":{\"@id\":\"https:\/\/www.gkl-rijeka.hr\/index.php\/najava-29-revije-lutkarskih-kazalista-rijeka\/#primaryimage\"},\"datePublished\":\"2024-10-18T09:57:31+00:00\",\"dateModified\":\"2024-10-18T09:57:31+00:00\",\"inLanguage\":\"en-US\",\"potentialAction\":[{\"@type\":\"ReadAction\",\"target\":[\"https:\/\/www.gkl-rijeka.hr\/index.php\/najava-29-revije-lutkarskih-kazalista-rijeka\/\"]}]},{\"@type\":\"Article\",\"@id\":\"https:\/\/www.gkl-rijeka.hr\/index.php\/najava-29-revije-lutkarskih-kazalista-rijeka\/#article\",\"isPartOf\":{\"@id\":\"https:\/\/www.gkl-rijeka.hr\/index.php\/najava-29-revije-lutkarskih-kazalista-rijeka\/#webpage\"},\"author\":{\"@id\":\"https:\/\/www.gkl-rijeka.hr\/#\/schema\/person\/3d9f7620db983ddf36e45ccae28c8651\"},\"headline\":\"Najava 29. Revije lutkarskih kazali\\u0161ta Rijeka\",\"datePublished\":\"2024-10-18T09:57:31+00:00\",\"dateModified\":\"2024-10-18T09:57:31+00:00\",\"mainEntityOfPage\":{\"@id\":\"https:\/\/www.gkl-rijeka.hr\/index.php\/najava-29-revije-lutkarskih-kazalista-rijeka\/#webpage\"},\"publisher\":{\"@id\":\"https:\/\/www.gkl-rijeka.hr\/#organization\"},\"image\":{\"@id\":\"https:\/\/www.gkl-rijeka.hr\/index.php\/najava-29-revije-lutkarskih-kazalista-rijeka\/#primaryimage\"},\"articleSection\":\"Novosti\",\"inLanguage\":\"en-US\"},{\"@type\":\"Person\",\"@id\":\"https:\/\/www.gkl-rijeka.hr\/#\/schema\/person\/3d9f7620db983ddf36e45ccae28c8651\",\"name\":\"Marin\",\"image\":{\"@type\":\"ImageObject\",\"@id\":\"https:\/\/www.gkl-rijeka.hr\/#personlogo\",\"inLanguage\":\"en-US\",\"url\":\"https:\/\/secure.gravatar.com\/avatar\/9ba8e90e29bf7b5691a75673ed86bcba?s=96&d=mm&r=g\",\"caption\":\"Marin\"}}]}<\/script>\n<!-- \/ Yoast SEO plugin. -->","_links":{"self":[{"href":"https:\/\/www.gkl-rijeka.hr\/index.php\/wp-json\/wp\/v2\/posts\/16525"}],"collection":[{"href":"https:\/\/www.gkl-rijeka.hr\/index.php\/wp-json\/wp\/v2\/posts"}],"about":[{"href":"https:\/\/www.gkl-rijeka.hr\/index.php\/wp-json\/wp\/v2\/types\/post"}],"author":[{"embeddable":true,"href":"https:\/\/www.gkl-rijeka.hr\/index.php\/wp-json\/wp\/v2\/users\/1"}],"replies":[{"embeddable":true,"href":"https:\/\/www.gkl-rijeka.hr\/index.php\/wp-json\/wp\/v2\/comments?post=16525"}],"version-history":[{"count":1,"href":"https:\/\/www.gkl-rijeka.hr\/index.php\/wp-json\/wp\/v2\/posts\/16525\/revisions"}],"predecessor-version":[{"id":16527,"href":"https:\/\/www.gkl-rijeka.hr\/index.php\/wp-json\/wp\/v2\/posts\/16525\/revisions\/16527"}],"wp:featuredmedia":[{"embeddable":true,"href":"https:\/\/www.gkl-rijeka.hr\/index.php\/wp-json\/wp\/v2\/media\/16526"}],"wp:attachment":[{"href":"https:\/\/www.gkl-rijeka.hr\/index.php\/wp-json\/wp\/v2\/media?parent=16525"}],"wp:term":[{"taxonomy":"category","embeddable":true,"href":"https:\/\/www.gkl-rijeka.hr\/index.php\/wp-json\/wp\/v2\/categories?post=16525"},{"taxonomy":"post_tag","embeddable":true,"href":"https:\/\/www.gkl-rijeka.hr\/index.php\/wp-json\/wp\/v2\/tags?post=16525"}],"curies":[{"name":"wp","href":"https:\/\/api.w.org\/{rel}","templated":true}]}}