{"id":16590,"date":"2024-12-27T12:33:00","date_gmt":"2024-12-27T12:33:00","guid":{"rendered":"https:\/\/www.gkl-rijeka.hr\/?p=16590"},"modified":"2024-12-27T12:33:00","modified_gmt":"2024-12-27T12:33:00","slug":"obavijest-o-radnom-vremenu-blagajne-gkl-a","status":"publish","type":"post","link":"https:\/\/www.gkl-rijeka.hr\/index.php\/obavijest-o-radnom-vremenu-blagajne-gkl-a\/","title":{"rendered":"Obavijest o radnom vremenu blagajne GKL-a"},"content":{"rendered":"<p>Obavje\u0161tavamo publiku da \u0107e blagajna kazali\u0161ta biti zatvorena od 30. prosinca 2024. do 6. sije\u010dnja 2025. te se u tom periodu ne\u0107e vr\u0161iti rezervacija ulaznica. Ulaznice se dostupne za kupnju putem web shopa na mre\u017enoj stranici Kazali\u0161ta, a rezervacije putem maila blagajne ponovno su mogu\u0107e od 7. sije\u010dnja.<br \/>\nVeselimo se na\u0161im novim susretima u kazali\u0161tu te Vam \u017eelimo svako dobro u 2025.!<\/p>\n<p>&nbsp;<\/p>\n","protected":false},"excerpt":{"rendered":"<p>Obavje\u0161tavamo publiku da \u0107e blagajna kazali\u0161ta biti zatvorena od 30. prosinca 2024. do 6. sije\u010dnja 2025. te se u tom periodu ne\u0107e vr\u0161iti rezervacija ulaznica. Ulaznice se dostupne za kupnju putem web shopa na mre\u017enoj stranici Kazali\u0161ta, a rezervacije putem maila blagajne ponovno su mogu\u0107e od 7. sije\u010dnja. Veselimo se na\u0161im novim susretima u kazali\u0161tu [&hellip;]<\/p>\n","protected":false},"author":1,"featured_media":16592,"comment_status":"closed","ping_status":"closed","sticky":false,"template":"","format":"standard","meta":{"spay_email":""},"categories":[3],"tags":[],"jetpack_featured_media_url":"https:\/\/www.gkl-rijeka.hr\/wp-content\/uploads\/2024\/12\/ticket-2974645_1280.jpg?wsr","yoast_head":"<!-- This site is optimized with the Yoast SEO plugin v15.1.1 - https:\/\/yoast.com\/wordpress\/plugins\/seo\/ -->\n<meta name=\"robots\" content=\"index, follow, max-snippet:-1, max-image-preview:large, max-video-preview:-1\" \/>\n<link rel=\"canonical\" href=\"https:\/\/www.gkl-rijeka.hr\/index.php\/obavijest-o-radnom-vremenu-blagajne-gkl-a\/\" \/>\n<meta property=\"og:locale\" content=\"en_US\" \/>\n<meta property=\"og:type\" content=\"article\" \/>\n<meta property=\"og:title\" content=\"Obavijest o radnom vremenu blagajne GKL-a - Gradsko kazali\u0161te lutaka Rijeka\" \/>\n<meta property=\"og:description\" content=\"Obavje\u0161tavamo publiku da \u0107e blagajna kazali\u0161ta biti zatvorena od 30. prosinca 2024. do 6. sije\u010dnja 2025. te se u tom periodu ne\u0107e vr\u0161iti rezervacija ulaznica. Ulaznice se dostupne za kupnju putem web shopa na mre\u017enoj stranici Kazali\u0161ta, a rezervacije putem maila blagajne ponovno su mogu\u0107e od 7. sije\u010dnja. Veselimo se na\u0161im novim susretima u kazali\u0161tu [&hellip;]\" \/>\n<meta property=\"og:url\" content=\"https:\/\/www.gkl-rijeka.hr\/index.php\/obavijest-o-radnom-vremenu-blagajne-gkl-a\/\" \/>\n<meta property=\"og:site_name\" content=\"Gradsko kazali\u0161te lutaka Rijeka\" \/>\n<meta property=\"article:publisher\" content=\"https:\/\/www.facebook.com\/gkl.rijeka\" \/>\n<meta property=\"article:published_time\" content=\"2024-12-27T12:33:00+00:00\" \/>\n<meta property=\"og:image\" content=\"https:\/\/www.gkl-rijeka.hr\/wp-content\/uploads\/2024\/12\/ticket-2974645_1280.jpg?wsr\" \/>\n\t<meta property=\"og:image:width\" content=\"1280\" \/>\n\t<meta property=\"og:image:height\" content=\"853\" \/>\n<meta property=\"fb:app_id\" content=\"368762594246882\" \/>\n<meta name=\"twitter:card\" content=\"summary\" \/>\n<script type=\"application\/ld+json\" class=\"yoast-schema-graph\">{\"@context\":\"https:\/\/schema.org\",\"@graph\":[{\"@type\":\"Organization\",\"@id\":\"https:\/\/www.gkl-rijeka.hr\/#organization\",\"name\":\"Gradsko kazali\\u0161te lutaka Rijeka\",\"url\":\"https:\/\/www.gkl-rijeka.hr\/\",\"sameAs\":[\"https:\/\/www.facebook.com\/gkl.rijeka\"],\"logo\":{\"@type\":\"ImageObject\",\"@id\":\"https:\/\/www.gkl-rijeka.hr\/#logo\",\"inLanguage\":\"en-US\",\"url\":\"https:\/\/www.gkl-rijeka.hr\/wp-content\/uploads\/2020\/10\/logo_boja_01.png?wsr\",\"width\":209,\"height\":280,\"caption\":\"Gradsko kazali\\u0161te lutaka Rijeka\"},\"image\":{\"@id\":\"https:\/\/www.gkl-rijeka.hr\/#logo\"}},{\"@type\":\"WebSite\",\"@id\":\"https:\/\/www.gkl-rijeka.hr\/#website\",\"url\":\"https:\/\/www.gkl-rijeka.hr\/\",\"name\":\"Gradsko kazali\\u0161te lutaka Rijeka\",\"description\":\"\",\"publisher\":{\"@id\":\"https:\/\/www.gkl-rijeka.hr\/#organization\"},\"potentialAction\":[{\"@type\":\"SearchAction\",\"target\":\"https:\/\/www.gkl-rijeka.hr\/?s={search_term_string}\",\"query-input\":\"required name=search_term_string\"}],\"inLanguage\":\"en-US\"},{\"@type\":\"ImageObject\",\"@id\":\"https:\/\/www.gkl-rijeka.hr\/index.php\/obavijest-o-radnom-vremenu-blagajne-gkl-a\/#primaryimage\",\"inLanguage\":\"en-US\",\"url\":\"https:\/\/www.gkl-rijeka.hr\/wp-content\/uploads\/2024\/12\/ticket-2974645_1280.jpg?wsr\",\"width\":1280,\"height\":853},{\"@type\":\"WebPage\",\"@id\":\"https:\/\/www.gkl-rijeka.hr\/index.php\/obavijest-o-radnom-vremenu-blagajne-gkl-a\/#webpage\",\"url\":\"https:\/\/www.gkl-rijeka.hr\/index.php\/obavijest-o-radnom-vremenu-blagajne-gkl-a\/\",\"name\":\"Obavijest o radnom vremenu blagajne GKL-a - Gradsko kazali\\u0161te lutaka Rijeka\",\"isPartOf\":{\"@id\":\"https:\/\/www.gkl-rijeka.hr\/#website\"},\"primaryImageOfPage\":{\"@id\":\"https:\/\/www.gkl-rijeka.hr\/index.php\/obavijest-o-radnom-vremenu-blagajne-gkl-a\/#primaryimage\"},\"datePublished\":\"2024-12-27T12:33:00+00:00\",\"dateModified\":\"2024-12-27T12:33:00+00:00\",\"inLanguage\":\"en-US\",\"potentialAction\":[{\"@type\":\"ReadAction\",\"target\":[\"https:\/\/www.gkl-rijeka.hr\/index.php\/obavijest-o-radnom-vremenu-blagajne-gkl-a\/\"]}]},{\"@type\":\"Article\",\"@id\":\"https:\/\/www.gkl-rijeka.hr\/index.php\/obavijest-o-radnom-vremenu-blagajne-gkl-a\/#article\",\"isPartOf\":{\"@id\":\"https:\/\/www.gkl-rijeka.hr\/index.php\/obavijest-o-radnom-vremenu-blagajne-gkl-a\/#webpage\"},\"author\":{\"@id\":\"https:\/\/www.gkl-rijeka.hr\/#\/schema\/person\/3d9f7620db983ddf36e45ccae28c8651\"},\"headline\":\"Obavijest o radnom vremenu blagajne GKL-a\",\"datePublished\":\"2024-12-27T12:33:00+00:00\",\"dateModified\":\"2024-12-27T12:33:00+00:00\",\"mainEntityOfPage\":{\"@id\":\"https:\/\/www.gkl-rijeka.hr\/index.php\/obavijest-o-radnom-vremenu-blagajne-gkl-a\/#webpage\"},\"publisher\":{\"@id\":\"https:\/\/www.gkl-rijeka.hr\/#organization\"},\"image\":{\"@id\":\"https:\/\/www.gkl-rijeka.hr\/index.php\/obavijest-o-radnom-vremenu-blagajne-gkl-a\/#primaryimage\"},\"articleSection\":\"Novosti\",\"inLanguage\":\"en-US\"},{\"@type\":\"Person\",\"@id\":\"https:\/\/www.gkl-rijeka.hr\/#\/schema\/person\/3d9f7620db983ddf36e45ccae28c8651\",\"name\":\"Marin\",\"image\":{\"@type\":\"ImageObject\",\"@id\":\"https:\/\/www.gkl-rijeka.hr\/#personlogo\",\"inLanguage\":\"en-US\",\"url\":\"https:\/\/secure.gravatar.com\/avatar\/9ba8e90e29bf7b5691a75673ed86bcba?s=96&d=mm&r=g\",\"caption\":\"Marin\"}}]}<\/script>\n<!-- \/ Yoast SEO plugin. -->","_links":{"self":[{"href":"https:\/\/www.gkl-rijeka.hr\/index.php\/wp-json\/wp\/v2\/posts\/16590"}],"collection":[{"href":"https:\/\/www.gkl-rijeka.hr\/index.php\/wp-json\/wp\/v2\/posts"}],"about":[{"href":"https:\/\/www.gkl-rijeka.hr\/index.php\/wp-json\/wp\/v2\/types\/post"}],"author":[{"embeddable":true,"href":"https:\/\/www.gkl-rijeka.hr\/index.php\/wp-json\/wp\/v2\/users\/1"}],"replies":[{"embeddable":true,"href":"https:\/\/www.gkl-rijeka.hr\/index.php\/wp-json\/wp\/v2\/comments?post=16590"}],"version-history":[{"count":1,"href":"https:\/\/www.gkl-rijeka.hr\/index.php\/wp-json\/wp\/v2\/posts\/16590\/revisions"}],"predecessor-version":[{"id":16591,"href":"https:\/\/www.gkl-rijeka.hr\/index.php\/wp-json\/wp\/v2\/posts\/16590\/revisions\/16591"}],"wp:featuredmedia":[{"embeddable":true,"href":"https:\/\/www.gkl-rijeka.hr\/index.php\/wp-json\/wp\/v2\/media\/16592"}],"wp:attachment":[{"href":"https:\/\/www.gkl-rijeka.hr\/index.php\/wp-json\/wp\/v2\/media?parent=16590"}],"wp:term":[{"taxonomy":"category","embeddable":true,"href":"https:\/\/www.gkl-rijeka.hr\/index.php\/wp-json\/wp\/v2\/categories?post=16590"},{"taxonomy":"post_tag","embeddable":true,"href":"https:\/\/www.gkl-rijeka.hr\/index.php\/wp-json\/wp\/v2\/tags?post=16590"}],"curies":[{"name":"wp","href":"https:\/\/api.w.org\/{rel}","templated":true}]}}