{"id":16634,"date":"2025-02-10T12:46:55","date_gmt":"2025-02-10T12:46:55","guid":{"rendered":"https:\/\/www.gkl-rijeka.hr\/?p=16634"},"modified":"2025-02-10T14:54:50","modified_gmt":"2025-02-10T14:54:50","slug":"audicija-za-glumca-lutkara-m","status":"publish","type":"post","link":"https:\/\/www.gkl-rijeka.hr\/index.php\/audicija-za-glumca-lutkara-m\/","title":{"rendered":"Audicija za glumca &#8211; lutkara (m)"},"content":{"rendered":"<p>[et_pb_section admin_label=&#8221;Section&#8221; fullwidth=&#8221;off&#8221; specialty=&#8221;on&#8221; transparent_background=&#8221;off&#8221; allow_player_pause=&#8221;off&#8221; inner_shadow=&#8221;off&#8221; parallax=&#8221;off&#8221; parallax_method=&#8221;off&#8221; padding_mobile=&#8221;off&#8221; make_fullwidth=&#8221;off&#8221; use_custom_width=&#8221;off&#8221; width_unit=&#8221;on&#8221; make_equal=&#8221;off&#8221; use_custom_gutter=&#8221;off&#8221; module_id=&#8221;specialtySectionPIN&#8221;][et_pb_column type=&#8221;3_4&#8243; specialty_columns=&#8221;3&#8243;][et_pb_row_inner admin_label=&#8221;Row&#8221; padding_mobile=&#8221;off&#8221; use_custom_gutter=&#8221;off&#8221; column_padding_mobile=&#8221;on&#8221; make_equal=&#8221;off&#8221;][et_pb_column_inner type=&#8221;4_4&#8243; saved_specialty_column_type=&#8221;3_4&#8243;][et_pb_post_title admin_label=&#8221;Naslov&#8221; title=&#8221;on&#8221; meta=&#8221;off&#8221; author=&#8221;on&#8221; date=&#8221;on&#8221; categories=&#8221;on&#8221; comments=&#8221;on&#8221; featured_image=&#8221;off&#8221; featured_placement=&#8221;below&#8221; parallax_effect=&#8221;on&#8221; parallax_method=&#8221;on&#8221; text_orientation=&#8221;left&#8221; text_color=&#8221;dark&#8221; text_background=&#8221;off&#8221; text_bg_color=&#8221;rgba(255,255,255,0.9)&#8221; module_bg_color=&#8221;rgba(255,255,255,0)&#8221; title_font_size=&#8221;42px&#8221; title_all_caps=&#8221;off&#8221; use_border_color=&#8221;off&#8221; border_color=&#8221;#ffffff&#8221; border_style=&#8221;solid&#8221;]<\/p>\n<p>[\/et_pb_post_title][et_pb_text admin_label=&#8221;Featured Image&#8221; background_layout=&#8221;light&#8221; text_orientation=&#8221;left&#8221; module_id=&#8221;#featuredImageNovosti&#8221; use_border_color=&#8221;off&#8221; border_color=&#8221;#ffffff&#8221; border_style=&#8221;solid&#8221;]<\/p>\n <div id='featured-img-id'><img src='https:\/\/www.gkl-rijeka.hr\/wp-content\/uploads\/2025\/02\/actor-6733460_640.png?wsr' \/><\/div>\n<p>[\/et_pb_text][\/et_pb_column_inner][\/et_pb_row_inner][et_pb_row_inner admin_label=&#8221;Row&#8221;][et_pb_column_inner type=&#8221;4_4&#8243; saved_specialty_column_type=&#8221;3_4&#8243;][et_pb_text admin_label=&#8221;Text&#8221; background_layout=&#8221;light&#8221; text_orientation=&#8221;left&#8221; use_border_color=&#8221;off&#8221; border_color=&#8221;#ffffff&#8221; border_style=&#8221;solid&#8221;]<\/p>\n<p>GRADSKO KAZALI\u0160TE LUTAKA RIJEKA<br \/>\nBla\u017ea Poli\u0107a 6, 51000 RIJEKA<\/p>\n<p>raspisuje<\/p>\n<p><strong>AUDICIJU ZA GLUMCA \u2013 LUTKARA (m)<\/strong><\/p>\n<p>Na audiciju se pozivaju glumci do 40. godina starosti koji zadovoljavaju uvjete:<br \/>\n&#8211; VSS \u2013 zavr\u0161en studij glume i lutkarstva ili srodnih studija<br \/>\n&#8211; polo\u017eena audicija pred audicijskim povjerenstvom GKL Rijeka<br \/>\nAudicija \u0107e se odr\u017eati pred audicijskim povjerenstvom u GKL Rijeka dana 22.02.2025. u 17,00 sati.<br \/>\nKandidati \u0107e biti obvezni zadovoljiti uvjete kako slijedi: animacija lutke, interpretacija proze, poezije i glazbe po izboru kandidata.<br \/>\nUz prijavu kandidati su du\u017eni dostaviti: dokaz o ste\u010denoj stru\u010dnoj spremi (izvornik ili ovjerena preslika), presliku domovnice i \u017eivotopis s opisom dosada\u0161njeg rada.<br \/>\nPrijave s dokazima o ispunjavanju uvjeta podnose se osobno ili po\u0161tom najkasnije do 17.02.2025. na adresu: Gradsko kazali\u0161te lutaka Rijeka, Bla\u017ea Poli\u0107a 6, Rijeka, s naznakom: \u201cZa audiciju\u201d.<br \/>\nNa temelju odluke audicijskog povjerenstva s izabranim umjetnikom sklopit \u0107e se ugovor o radu na odre\u0111eno vrijeme na 1 (jednu) godinu uz mogu\u0107nost zaklju\u010divanja ugovora na neodre\u0111eno.<br \/>\nSve informacije na telefon: 051\/325-682.<br \/>\nRAVNATELJICA<br \/>\nMagdalena Lupi Alvir<\/p>\n<p><a href=\"https:\/\/www.gkl-rijeka.hr\/wp-content\/uploads\/2025\/02\/Audicija-glumac-lutkar.pdf\">Audicija glumac lutkar<\/a><\/p>\n<p>[\/et_pb_text][\/et_pb_column_inner][\/et_pb_row_inner][\/et_pb_column][et_pb_column type=&#8221;1_4&#8243;][et_pb_text admin_label=&#8221;naslovNovosti01&#8243; global_parent=&#8221;2318&#8243; background_layout=&#8221;light&#8221; text_orientation=&#8221;left&#8221; use_border_color=&#8221;off&#8221; border_color=&#8221;#ffffff&#8221; border_style=&#8221;solid&#8221; module_id=&#8221;naslovNovosti01&#8243;]<\/p>\n<h1>Novosti<\/h1>\n<p>[\/et_pb_text][et_pb_blog admin_label=&#8221;NovostiList01&#8243; global_parent=&#8221;2318&#8243; fullwidth=&#8221;off&#8221; posts_number=&#8221;4&#8243; include_categories=&#8221;3&#8243; show_thumbnail=&#8221;on&#8221; show_content=&#8221;off&#8221; show_more=&#8221;off&#8221; show_author=&#8221;off&#8221; show_date=&#8221;off&#8221; show_categories=&#8221;off&#8221; show_comments=&#8221;off&#8221; show_pagination=&#8221;off&#8221; offset_number=&#8221;0&#8243; background_layout=&#8221;light&#8221; use_dropshadow=&#8221;off&#8221; use_border_color=&#8221;off&#8221; border_color=&#8221;#ffffff&#8221; border_style=&#8221;solid&#8221; module_id=&#8221;NovostiList01&#8243; header_font=&#8221;Open Sans||||&#8221;]<\/p>\n<p>[\/et_pb_blog][et_pb_text admin_label=&#8221;viseVijesti&#8221; global_parent=&#8221;2318&#8243; background_layout=&#8221;light&#8221; text_orientation=&#8221;left&#8221; use_border_color=&#8221;off&#8221; border_color=&#8221;#ffffff&#8221; border_style=&#8221;solid&#8221; module_id=&#8221;viseVijestiLink01&#8243; module_class=&#8221;moreLinks&#8221;]<\/p>\n<p><a href=\"\/index.php\/novosti\/\">Vi\u0161e vijesti&#8230;<\/a><\/p>\n<p>[\/et_pb_text][\/et_pb_column][\/et_pb_section]<\/p>\n","protected":false},"excerpt":{"rendered":"<p>Audicija \u0107e se odr\u017eati u subotu, 22.02.2025. u 17,00 sati u Gradskom Kazali\u0161tu lutaka Rijeka, Bla\u017ea Poli\u0107a 6.<\/p>\n","protected":false},"author":1,"featured_media":16626,"comment_status":"closed","ping_status":"closed","sticky":false,"template":"","format":"standard","meta":{"spay_email":""},"categories":[3],"tags":[],"jetpack_featured_media_url":"https:\/\/www.gkl-rijeka.hr\/wp-content\/uploads\/2025\/02\/actor-6733460_640.png?wsr","yoast_head":"<!-- This site is optimized with the Yoast SEO plugin v15.1.1 - https:\/\/yoast.com\/wordpress\/plugins\/seo\/ -->\n<meta name=\"robots\" content=\"index, follow, max-snippet:-1, max-image-preview:large, max-video-preview:-1\" \/>\n<link rel=\"canonical\" href=\"https:\/\/www.gkl-rijeka.hr\/index.php\/audicija-za-glumca-lutkara-m\/\" \/>\n<meta property=\"og:locale\" content=\"en_US\" \/>\n<meta property=\"og:type\" content=\"article\" \/>\n<meta property=\"og:title\" content=\"Audicija za glumca - lutkara (m) - Gradsko kazali\u0161te lutaka Rijeka\" \/>\n<meta property=\"og:description\" content=\"Audicija \u0107e se odr\u017eati u subotu, 22.02.2025. u 17,00 sati u Gradskom Kazali\u0161tu lutaka Rijeka, Bla\u017ea Poli\u0107a 6.\" \/>\n<meta property=\"og:url\" content=\"https:\/\/www.gkl-rijeka.hr\/index.php\/audicija-za-glumca-lutkara-m\/\" \/>\n<meta property=\"og:site_name\" content=\"Gradsko kazali\u0161te lutaka Rijeka\" \/>\n<meta property=\"article:publisher\" content=\"https:\/\/www.facebook.com\/gkl.rijeka\" \/>\n<meta property=\"article:published_time\" content=\"2025-02-10T12:46:55+00:00\" \/>\n<meta property=\"article:modified_time\" content=\"2025-02-10T14:54:50+00:00\" \/>\n<meta property=\"og:image\" content=\"https:\/\/www.gkl-rijeka.hr\/wp-content\/uploads\/2025\/02\/actor-6733460_640.png?wsr\" \/>\n\t<meta property=\"og:image:width\" content=\"640\" \/>\n\t<meta property=\"og:image:height\" content=\"427\" \/>\n<meta property=\"fb:app_id\" content=\"368762594246882\" \/>\n<meta name=\"twitter:card\" content=\"summary\" \/>\n<script type=\"application\/ld+json\" class=\"yoast-schema-graph\">{\"@context\":\"https:\/\/schema.org\",\"@graph\":[{\"@type\":\"Organization\",\"@id\":\"https:\/\/www.gkl-rijeka.hr\/#organization\",\"name\":\"Gradsko kazali\\u0161te lutaka Rijeka\",\"url\":\"https:\/\/www.gkl-rijeka.hr\/\",\"sameAs\":[\"https:\/\/www.facebook.com\/gkl.rijeka\"],\"logo\":{\"@type\":\"ImageObject\",\"@id\":\"https:\/\/www.gkl-rijeka.hr\/#logo\",\"inLanguage\":\"en-US\",\"url\":\"https:\/\/www.gkl-rijeka.hr\/wp-content\/uploads\/2020\/10\/logo_boja_01.png?wsr\",\"width\":209,\"height\":280,\"caption\":\"Gradsko kazali\\u0161te lutaka Rijeka\"},\"image\":{\"@id\":\"https:\/\/www.gkl-rijeka.hr\/#logo\"}},{\"@type\":\"WebSite\",\"@id\":\"https:\/\/www.gkl-rijeka.hr\/#website\",\"url\":\"https:\/\/www.gkl-rijeka.hr\/\",\"name\":\"Gradsko kazali\\u0161te lutaka Rijeka\",\"description\":\"\",\"publisher\":{\"@id\":\"https:\/\/www.gkl-rijeka.hr\/#organization\"},\"potentialAction\":[{\"@type\":\"SearchAction\",\"target\":\"https:\/\/www.gkl-rijeka.hr\/?s={search_term_string}\",\"query-input\":\"required name=search_term_string\"}],\"inLanguage\":\"en-US\"},{\"@type\":\"ImageObject\",\"@id\":\"https:\/\/www.gkl-rijeka.hr\/index.php\/audicija-za-glumca-lutkara-m\/#primaryimage\",\"inLanguage\":\"en-US\",\"url\":\"https:\/\/www.gkl-rijeka.hr\/wp-content\/uploads\/2025\/02\/actor-6733460_640.png?wsr\",\"width\":640,\"height\":427},{\"@type\":\"WebPage\",\"@id\":\"https:\/\/www.gkl-rijeka.hr\/index.php\/audicija-za-glumca-lutkara-m\/#webpage\",\"url\":\"https:\/\/www.gkl-rijeka.hr\/index.php\/audicija-za-glumca-lutkara-m\/\",\"name\":\"Audicija za glumca - lutkara (m) - Gradsko kazali\\u0161te lutaka Rijeka\",\"isPartOf\":{\"@id\":\"https:\/\/www.gkl-rijeka.hr\/#website\"},\"primaryImageOfPage\":{\"@id\":\"https:\/\/www.gkl-rijeka.hr\/index.php\/audicija-za-glumca-lutkara-m\/#primaryimage\"},\"datePublished\":\"2025-02-10T12:46:55+00:00\",\"dateModified\":\"2025-02-10T14:54:50+00:00\",\"inLanguage\":\"en-US\",\"potentialAction\":[{\"@type\":\"ReadAction\",\"target\":[\"https:\/\/www.gkl-rijeka.hr\/index.php\/audicija-za-glumca-lutkara-m\/\"]}]},{\"@type\":\"Article\",\"@id\":\"https:\/\/www.gkl-rijeka.hr\/index.php\/audicija-za-glumca-lutkara-m\/#article\",\"isPartOf\":{\"@id\":\"https:\/\/www.gkl-rijeka.hr\/index.php\/audicija-za-glumca-lutkara-m\/#webpage\"},\"author\":{\"@id\":\"https:\/\/www.gkl-rijeka.hr\/#\/schema\/person\/3d9f7620db983ddf36e45ccae28c8651\"},\"headline\":\"Audicija za glumca &#8211; lutkara (m)\",\"datePublished\":\"2025-02-10T12:46:55+00:00\",\"dateModified\":\"2025-02-10T14:54:50+00:00\",\"mainEntityOfPage\":{\"@id\":\"https:\/\/www.gkl-rijeka.hr\/index.php\/audicija-za-glumca-lutkara-m\/#webpage\"},\"publisher\":{\"@id\":\"https:\/\/www.gkl-rijeka.hr\/#organization\"},\"image\":{\"@id\":\"https:\/\/www.gkl-rijeka.hr\/index.php\/audicija-za-glumca-lutkara-m\/#primaryimage\"},\"articleSection\":\"Novosti\",\"inLanguage\":\"en-US\"},{\"@type\":\"Person\",\"@id\":\"https:\/\/www.gkl-rijeka.hr\/#\/schema\/person\/3d9f7620db983ddf36e45ccae28c8651\",\"name\":\"Marin\",\"image\":{\"@type\":\"ImageObject\",\"@id\":\"https:\/\/www.gkl-rijeka.hr\/#personlogo\",\"inLanguage\":\"en-US\",\"url\":\"https:\/\/secure.gravatar.com\/avatar\/9ba8e90e29bf7b5691a75673ed86bcba?s=96&d=mm&r=g\",\"caption\":\"Marin\"}}]}<\/script>\n<!-- \/ Yoast SEO plugin. -->","_links":{"self":[{"href":"https:\/\/www.gkl-rijeka.hr\/index.php\/wp-json\/wp\/v2\/posts\/16634"}],"collection":[{"href":"https:\/\/www.gkl-rijeka.hr\/index.php\/wp-json\/wp\/v2\/posts"}],"about":[{"href":"https:\/\/www.gkl-rijeka.hr\/index.php\/wp-json\/wp\/v2\/types\/post"}],"author":[{"embeddable":true,"href":"https:\/\/www.gkl-rijeka.hr\/index.php\/wp-json\/wp\/v2\/users\/1"}],"replies":[{"embeddable":true,"href":"https:\/\/www.gkl-rijeka.hr\/index.php\/wp-json\/wp\/v2\/comments?post=16634"}],"version-history":[{"count":2,"href":"https:\/\/www.gkl-rijeka.hr\/index.php\/wp-json\/wp\/v2\/posts\/16634\/revisions"}],"predecessor-version":[{"id":16637,"href":"https:\/\/www.gkl-rijeka.hr\/index.php\/wp-json\/wp\/v2\/posts\/16634\/revisions\/16637"}],"wp:featuredmedia":[{"embeddable":true,"href":"https:\/\/www.gkl-rijeka.hr\/index.php\/wp-json\/wp\/v2\/media\/16626"}],"wp:attachment":[{"href":"https:\/\/www.gkl-rijeka.hr\/index.php\/wp-json\/wp\/v2\/media?parent=16634"}],"wp:term":[{"taxonomy":"category","embeddable":true,"href":"https:\/\/www.gkl-rijeka.hr\/index.php\/wp-json\/wp\/v2\/categories?post=16634"},{"taxonomy":"post_tag","embeddable":true,"href":"https:\/\/www.gkl-rijeka.hr\/index.php\/wp-json\/wp\/v2\/tags?post=16634"}],"curies":[{"name":"wp","href":"https:\/\/api.w.org\/{rel}","templated":true}]}}