{"id":16639,"date":"2025-02-11T12:08:45","date_gmt":"2025-02-11T12:08:45","guid":{"rendered":"https:\/\/www.gkl-rijeka.hr\/?p=16639"},"modified":"2025-02-11T12:08:45","modified_gmt":"2025-02-11T12:08:45","slug":"najava-dan-kad-sam-se-pretvorio-u-pticu","status":"publish","type":"post","link":"https:\/\/www.gkl-rijeka.hr\/index.php\/najava-dan-kad-sam-se-pretvorio-u-pticu\/","title":{"rendered":"NAJAVA PRAIZVEDBE &#8220;DAN KAD SAM SE PRETVORIO U PTICU&#8221;"},"content":{"rendered":"<p>Rijeka, 11.02.2025.<\/p>\n<p>&nbsp;<\/p>\n<p><strong>RIJE\u010cKI LUTKARI PRIPREMAJU PRAIZVEDBU NEOBI\u010cNE I RASKO\u0160NE LUTKARSKE PREDSTAVE<\/strong><\/p>\n<p>&nbsp;<\/p>\n<p>Gradsko kazali\u0161te lutaka Rijeka s ponosom najavljuje praizvedbu predstave <strong>\u201eDan kad sam se pretvorio u pticu\u201c<\/strong> nastale prema motivima istoimene slikovnice <strong>Ingrid Chabbert i Ra\u00fal Nieto Guridija.<\/strong> Ova poetska i vizualno dojmljiva pri\u010da o dje\u010djoj ljubavi i hrabrosti dolazi na scenu u re\u017eiji <strong>Tamare Ku\u010dinovi\u0107<\/strong>, nagra\u0111ivane redateljice i lutkarice, koja je ve\u0107 ostvarila veliki uspjeh s na\u0161om najnagra\u0111ivanijom predstavom \u201e<strong><em>Zamrznute pjesme\u201c<\/em><\/strong>. Ku\u010dinovi\u0107 je poznata po inovativnom pristupu lutkarstvu, a njezine predstave karakterizira emotivna dubina, estetska preciznost i sna\u017ena vizualnost te povezanost s publikom. Njezini radovi gostovali su na brojnim presti\u017enim festivalima, a za svoj je doprinos kazali\u0161tu vi\u0161estruko nagra\u0111ivana u Hrvatskoj i inozemstvu.<\/p>\n<p>Ekskluzivna autorska prava za ovu adaptaciju pripadaju upravo <strong>GKL Rijeka<\/strong>, a premijera \u0107e se odr\u017eati <strong>1. o\u017eujka 2025. u 18 sati.<\/strong><\/p>\n<p>Ova iznimna predstava rezultat je rada poznatog autorskog tima: tekst i re\u017eiju potpisuje <strong>Tamara Ku\u010dinovi\u0107<\/strong>, vizualni identitet kreirala je <strong>Volha Milovi\u010d<\/strong>, dok su za glazbu zaslu\u017eni skladatelji <strong>Ivana \u0110ula i Luka Vrbani\u0107<\/strong>. Na sceni \u0107e vas odu\u0161eviti na\u0161i sjajni glumci lutkari: <strong>Petra \u0160arac, Andrea \u0160pindel, Almira \u0160tifani\u0107, Alex \u0110akovi\u0107, Tilen Ko\u017eamelj i David Petrovi\u0107<\/strong>.<\/p>\n<p><strong>UMJETNI\u010cKA VIZIJA I SCENSKI IZRI\u010cAJ<\/strong><br \/>\nPredstava donosi pri\u010du o dje\u010daku koji se zaljubljuje u djevoj\u010dicu zaljubljenu u ptice. Kako bi joj se pribli\u017eio, smi\u0161lja domi\u0161ljat plan \u2013 maskira se u pticu. Kroz nje\u017enu dramsku poemu, ova predstava istra\u017euje svijet prve ljubavi, njezinu snagu i neizvjesnost, ali i va\u017enost izra\u017eavanja emocija. Istovremeno, predstava donosi sna\u017enu poruku o prihva\u0107anju sebe \u2013 pokazuje kako nas netko mo\u017ee voljeti onakve kakvi jesmo, bez potrebe za pretvaranjem. Svi smo jedinstveni i posebni na svoj na\u010din, a prava ljubav dolazi iz razumijevanja i iskrenosti.<\/p>\n<p>Radnja se prote\u017ee kroz \u010detiri godi\u0161nja doba, donose\u0107i na scenu atmosferu bu\u0111enja priode, prolje\u0107a i pjeva ptica.<\/p>\n<p><strong>EKOLO\u0160KI PRISTUP I \u017dIVA GLAZBA<\/strong><br \/>\nOno \u0161to ovu predstavu \u010dini posebnom jest posve\u0107enost prirodi \u2013 svi kori\u0161teni materijali u scenografiji, kostimima i lutkama su prirodni: granje, debla, vuna, \u0161ibe, naplavine i sl. Djelatnici kazali\u0161ta osobno su sudjelovali u prikupljanju materijala odlaskom u \u0161umu, a \u010dak su i donirali vlastite majice, \u0161alove i pleteninu za izradu lutaka i kostima. Sve potrebno za scenografiju,kostime te lutke ru\u010dno je izra\u0111eno, \u010dime se dodatno nagla\u0161ava autenti\u010dnost i posve\u0107enost detaljima.<\/p>\n<p>Glumci ne samo da igraju i animiraju \u00a0ve\u0107 i u\u017eivo pjevaju i sviraju na\u00a0 drvenim instrumentima, uklju\u010duju\u0107i zvi\u017edaljke, okarinu, kahon, razne udaraljke i kazoo, uz glazbenu podlogu skladatelja <strong>Ivane \u0110ule i Luke Vrbani\u0107a<\/strong>, dodatno poja\u010davaju\u0107i autenti\u010dnost izvedbe i njezinu bliskost prirodi.<\/p>\n<p><strong>LIKOVNI POTPIS VOLHE MILOVI\u010d<\/strong><br \/>\nVizualni identitet predstave potpisuje Volha Milovi\u010d, istaknuta likovna umjetnica iz Bjelorusije. Nakon studija likovne umjetnosti, usavr\u0161avala se na Akademiji za kazali\u0161nu umjetnost u Sankt Peterburgu, \u0161to joj je omogu\u0107ilo bogatu karijeru u podru\u010dju kazali\u0161ne scenografije i dizajna te kreacije lutaka. Godinama je radila u kazali\u0161tima lutaka diljem Bjelorusije, Ukrajine, Rusije, Hrvatske, Nizozemske. Njezin prepoznatljiv umjetni\u010dki izraz odlikuje se profinjenim vizualnim jezikom, a u ovoj predstavi donosi izuzetno bogatu, ali suptilnu scenografiju i lutke koje savr\u0161eno prate poeti\u010dnost pri\u010de. S bogatim iskustvom rada u kazali\u0161tima lutaka diljem Europe, Milovi\u010d donosi jedinstvenu estetsku viziju koja \u0107e ovu predstavu u\u010diniti pravim vizualnim u\u017eitkom.<\/p>\n<p>&nbsp;<\/p>\n<p>Probe za predstavu <strong>\u201eDan kad sam se pretvorio u pticu\u201c<\/strong> su u punom jeku, a cijeli tim kazali\u0161ta s velikim entuzijazmom i predano\u0161\u0107u radi na tome da ova predstava o\u017eivi u svojoj punoj ljepoti. Svaki detalj, od scenografije i glazbe do gluma\u010dkih izvedbi, pa\u017eljivo se oblikuje kako bismo na scenu donijeli jedinstveno kazali\u0161no iskustvo. S nestrpljenjem i\u0161\u010dekujemo trenutak kada \u0107emo ovu emotivnu pri\u010du podijeliti s publikom.<\/p>\n<p>&nbsp;<\/p>\n<p>&nbsp;<\/p>\n<p>&nbsp;<\/p>\n","protected":false},"excerpt":{"rendered":"<p>Rijeka, 11.02.2025. &nbsp; RIJE\u010cKI LUTKARI PRIPREMAJU PRAIZVEDBU NEOBI\u010cNE I RASKO\u0160NE LUTKARSKE PREDSTAVE &nbsp; Gradsko kazali\u0161te lutaka Rijeka s ponosom najavljuje praizvedbu predstave \u201eDan kad sam se pretvorio u pticu\u201c nastale prema motivima istoimene slikovnice Ingrid Chabbert i Ra\u00fal Nieto Guridija. Ova poetska i vizualno dojmljiva pri\u010da o dje\u010djoj ljubavi i hrabrosti dolazi na scenu u [&hellip;]<\/p>\n","protected":false},"author":1,"featured_media":16640,"comment_status":"closed","ping_status":"closed","sticky":false,"template":"","format":"standard","meta":{"spay_email":""},"categories":[3],"tags":[],"jetpack_featured_media_url":"https:\/\/www.gkl-rijeka.hr\/wp-content\/uploads\/2025\/02\/Ptice_30.jpg?wsr","yoast_head":"<!-- This site is optimized with the Yoast SEO plugin v15.1.1 - https:\/\/yoast.com\/wordpress\/plugins\/seo\/ -->\n<meta name=\"robots\" content=\"index, follow, max-snippet:-1, max-image-preview:large, max-video-preview:-1\" \/>\n<link rel=\"canonical\" href=\"https:\/\/www.gkl-rijeka.hr\/index.php\/najava-dan-kad-sam-se-pretvorio-u-pticu\/\" \/>\n<meta property=\"og:locale\" content=\"en_US\" \/>\n<meta property=\"og:type\" content=\"article\" \/>\n<meta property=\"og:title\" content=\"NAJAVA PRAIZVEDBE &quot;DAN KAD SAM SE PRETVORIO U PTICU&quot; - Gradsko kazali\u0161te lutaka Rijeka\" \/>\n<meta property=\"og:description\" content=\"Rijeka, 11.02.2025. &nbsp; RIJE\u010cKI LUTKARI PRIPREMAJU PRAIZVEDBU NEOBI\u010cNE I RASKO\u0160NE LUTKARSKE PREDSTAVE &nbsp; Gradsko kazali\u0161te lutaka Rijeka s ponosom najavljuje praizvedbu predstave \u201eDan kad sam se pretvorio u pticu\u201c nastale prema motivima istoimene slikovnice Ingrid Chabbert i Ra\u00fal Nieto Guridija. Ova poetska i vizualno dojmljiva pri\u010da o dje\u010djoj ljubavi i hrabrosti dolazi na scenu u [&hellip;]\" \/>\n<meta property=\"og:url\" content=\"https:\/\/www.gkl-rijeka.hr\/index.php\/najava-dan-kad-sam-se-pretvorio-u-pticu\/\" \/>\n<meta property=\"og:site_name\" content=\"Gradsko kazali\u0161te lutaka Rijeka\" \/>\n<meta property=\"article:publisher\" content=\"https:\/\/www.facebook.com\/gkl.rijeka\" \/>\n<meta property=\"article:published_time\" content=\"2025-02-11T12:08:45+00:00\" \/>\n<meta property=\"og:image\" content=\"https:\/\/www.gkl-rijeka.hr\/wp-content\/uploads\/2025\/02\/Ptice_30.jpg?wsr\" \/>\n\t<meta property=\"og:image:width\" content=\"2200\" \/>\n\t<meta property=\"og:image:height\" content=\"1467\" \/>\n<meta property=\"fb:app_id\" content=\"368762594246882\" \/>\n<meta name=\"twitter:card\" content=\"summary\" \/>\n<script type=\"application\/ld+json\" class=\"yoast-schema-graph\">{\"@context\":\"https:\/\/schema.org\",\"@graph\":[{\"@type\":\"Organization\",\"@id\":\"https:\/\/www.gkl-rijeka.hr\/#organization\",\"name\":\"Gradsko kazali\\u0161te lutaka Rijeka\",\"url\":\"https:\/\/www.gkl-rijeka.hr\/\",\"sameAs\":[\"https:\/\/www.facebook.com\/gkl.rijeka\"],\"logo\":{\"@type\":\"ImageObject\",\"@id\":\"https:\/\/www.gkl-rijeka.hr\/#logo\",\"inLanguage\":\"en-US\",\"url\":\"https:\/\/www.gkl-rijeka.hr\/wp-content\/uploads\/2020\/10\/logo_boja_01.png?wsr\",\"width\":209,\"height\":280,\"caption\":\"Gradsko kazali\\u0161te lutaka Rijeka\"},\"image\":{\"@id\":\"https:\/\/www.gkl-rijeka.hr\/#logo\"}},{\"@type\":\"WebSite\",\"@id\":\"https:\/\/www.gkl-rijeka.hr\/#website\",\"url\":\"https:\/\/www.gkl-rijeka.hr\/\",\"name\":\"Gradsko kazali\\u0161te lutaka Rijeka\",\"description\":\"\",\"publisher\":{\"@id\":\"https:\/\/www.gkl-rijeka.hr\/#organization\"},\"potentialAction\":[{\"@type\":\"SearchAction\",\"target\":\"https:\/\/www.gkl-rijeka.hr\/?s={search_term_string}\",\"query-input\":\"required name=search_term_string\"}],\"inLanguage\":\"en-US\"},{\"@type\":\"ImageObject\",\"@id\":\"https:\/\/www.gkl-rijeka.hr\/index.php\/najava-dan-kad-sam-se-pretvorio-u-pticu\/#primaryimage\",\"inLanguage\":\"en-US\",\"url\":\"https:\/\/www.gkl-rijeka.hr\/wp-content\/uploads\/2025\/02\/Ptice_30.jpg?wsr\",\"width\":2200,\"height\":1467},{\"@type\":\"WebPage\",\"@id\":\"https:\/\/www.gkl-rijeka.hr\/index.php\/najava-dan-kad-sam-se-pretvorio-u-pticu\/#webpage\",\"url\":\"https:\/\/www.gkl-rijeka.hr\/index.php\/najava-dan-kad-sam-se-pretvorio-u-pticu\/\",\"name\":\"NAJAVA PRAIZVEDBE \\\"DAN KAD SAM SE PRETVORIO U PTICU\\\" - Gradsko kazali\\u0161te lutaka Rijeka\",\"isPartOf\":{\"@id\":\"https:\/\/www.gkl-rijeka.hr\/#website\"},\"primaryImageOfPage\":{\"@id\":\"https:\/\/www.gkl-rijeka.hr\/index.php\/najava-dan-kad-sam-se-pretvorio-u-pticu\/#primaryimage\"},\"datePublished\":\"2025-02-11T12:08:45+00:00\",\"dateModified\":\"2025-02-11T12:08:45+00:00\",\"inLanguage\":\"en-US\",\"potentialAction\":[{\"@type\":\"ReadAction\",\"target\":[\"https:\/\/www.gkl-rijeka.hr\/index.php\/najava-dan-kad-sam-se-pretvorio-u-pticu\/\"]}]},{\"@type\":\"Article\",\"@id\":\"https:\/\/www.gkl-rijeka.hr\/index.php\/najava-dan-kad-sam-se-pretvorio-u-pticu\/#article\",\"isPartOf\":{\"@id\":\"https:\/\/www.gkl-rijeka.hr\/index.php\/najava-dan-kad-sam-se-pretvorio-u-pticu\/#webpage\"},\"author\":{\"@id\":\"https:\/\/www.gkl-rijeka.hr\/#\/schema\/person\/3d9f7620db983ddf36e45ccae28c8651\"},\"headline\":\"NAJAVA PRAIZVEDBE &#8220;DAN KAD SAM SE PRETVORIO U PTICU&#8221;\",\"datePublished\":\"2025-02-11T12:08:45+00:00\",\"dateModified\":\"2025-02-11T12:08:45+00:00\",\"mainEntityOfPage\":{\"@id\":\"https:\/\/www.gkl-rijeka.hr\/index.php\/najava-dan-kad-sam-se-pretvorio-u-pticu\/#webpage\"},\"publisher\":{\"@id\":\"https:\/\/www.gkl-rijeka.hr\/#organization\"},\"image\":{\"@id\":\"https:\/\/www.gkl-rijeka.hr\/index.php\/najava-dan-kad-sam-se-pretvorio-u-pticu\/#primaryimage\"},\"articleSection\":\"Novosti\",\"inLanguage\":\"en-US\"},{\"@type\":\"Person\",\"@id\":\"https:\/\/www.gkl-rijeka.hr\/#\/schema\/person\/3d9f7620db983ddf36e45ccae28c8651\",\"name\":\"Marin\",\"image\":{\"@type\":\"ImageObject\",\"@id\":\"https:\/\/www.gkl-rijeka.hr\/#personlogo\",\"inLanguage\":\"en-US\",\"url\":\"https:\/\/secure.gravatar.com\/avatar\/9ba8e90e29bf7b5691a75673ed86bcba?s=96&d=mm&r=g\",\"caption\":\"Marin\"}}]}<\/script>\n<!-- \/ Yoast SEO plugin. -->","_links":{"self":[{"href":"https:\/\/www.gkl-rijeka.hr\/index.php\/wp-json\/wp\/v2\/posts\/16639"}],"collection":[{"href":"https:\/\/www.gkl-rijeka.hr\/index.php\/wp-json\/wp\/v2\/posts"}],"about":[{"href":"https:\/\/www.gkl-rijeka.hr\/index.php\/wp-json\/wp\/v2\/types\/post"}],"author":[{"embeddable":true,"href":"https:\/\/www.gkl-rijeka.hr\/index.php\/wp-json\/wp\/v2\/users\/1"}],"replies":[{"embeddable":true,"href":"https:\/\/www.gkl-rijeka.hr\/index.php\/wp-json\/wp\/v2\/comments?post=16639"}],"version-history":[{"count":2,"href":"https:\/\/www.gkl-rijeka.hr\/index.php\/wp-json\/wp\/v2\/posts\/16639\/revisions"}],"predecessor-version":[{"id":16642,"href":"https:\/\/www.gkl-rijeka.hr\/index.php\/wp-json\/wp\/v2\/posts\/16639\/revisions\/16642"}],"wp:featuredmedia":[{"embeddable":true,"href":"https:\/\/www.gkl-rijeka.hr\/index.php\/wp-json\/wp\/v2\/media\/16640"}],"wp:attachment":[{"href":"https:\/\/www.gkl-rijeka.hr\/index.php\/wp-json\/wp\/v2\/media?parent=16639"}],"wp:term":[{"taxonomy":"category","embeddable":true,"href":"https:\/\/www.gkl-rijeka.hr\/index.php\/wp-json\/wp\/v2\/categories?post=16639"},{"taxonomy":"post_tag","embeddable":true,"href":"https:\/\/www.gkl-rijeka.hr\/index.php\/wp-json\/wp\/v2\/tags?post=16639"}],"curies":[{"name":"wp","href":"https:\/\/api.w.org\/{rel}","templated":true}]}}