{"id":16687,"date":"2025-02-25T11:48:22","date_gmt":"2025-02-25T11:48:22","guid":{"rendered":"https:\/\/www.gkl-rijeka.hr\/?p=16687"},"modified":"2025-02-25T11:48:49","modified_gmt":"2025-02-25T11:48:49","slug":"odrzana-konferencija-za-novinare-povodom-premijere-predstave-dan-kad-sam-se-pretvotio-u-pticu","status":"publish","type":"post","link":"https:\/\/www.gkl-rijeka.hr\/index.php\/odrzana-konferencija-za-novinare-povodom-premijere-predstave-dan-kad-sam-se-pretvotio-u-pticu\/","title":{"rendered":"Odr\u017eana konferencija za novinare povodom premijere predstave &#8220;Dan kad sam se pretvorio u pticu&#8221;"},"content":{"rendered":"<p>Danas je na konferenciji za medije najavljena premijera predstave \u201eDan kad sam se pretvorio u pticu\u201c autorice i redateljice Tamare Ku\u010dinovi\u0107 koja po tre\u0107i put re\u017eira u rije\u010dkom lutkarskom kazali\u0161tu. Predstava je inspirirana i ra\u0111ena po motivima istoimene \u0161panjolsko \u2013 francuske slikovnice Ingrid Chabbert i Raula Nieta Guridija. Asistent redateljice i dramatur\u0161ki suradnik je Nik\u0161a Eldan, a ostatak autorskog tima predstave \u010dine autorica vizualnog identiteta Volha Milovi\u010d, zatim skladatelji Ivana \u0110ula i Luka Vrbani\u0107, te oblikovatelj svjetla Dario Dru\u017eeta. Veliki gluma\u010dki ansambl \u010dine Andrea \u0160pindel i Tilen Ko\u017eamelj koji nose uloge protagonista Klare i Jakova, te kor ptica Almira \u0160tifani\u0107, Petra \u0160arac, David Petrovi\u0107 i Alex \u0110akovi\u0107. Premijera je na rasporedu u subotu, 1. o\u017eujka u 18:00 u Gradskom kazali\u0161tu lutaka Rijeka, a predstava \u0107e se izvoditi do 15. o\u017eujka 2025.<br \/>\nRavnateljica Magdalena Lupi Alvir otvorila je konferenciju kratkim uvidom u teku\u0107u kazali\u0161nu sezonu lutkara na kojem su tri premijerna naslova suvremenih autora koji su inspirirani suvremenim tekstovima i slikovnicama, pa je to i slu\u010daj s najavljenom predstavom. Tamara Ku\u010dinovi\u0107, iako inspirirana slikovnicom Ingrid Chabbert poznate po pisanju o nje\u017enim temama za djecu, napravila je potpuno originalnu i autenti\u010dnu predstavu koja se ti\u010de dana\u0161nje djece, ali i odraslih, budu\u0107i da je tema zaljubljivanje. \u201eSa svojim sjajnim autorskim timom i jo\u0161 sjajnijim gluma\u010dkim ansamblom, Tamara je uspjela prenijeti slikovnicu u jo\u0161 neobi\u010dniju i vrlo za\u010dudnu predstavu, koja je istovremeno i poeti\u010dna i duhovita, ali krajnje ma\u0161tovita. Kao i sve Tamarine predstave, ona je sna\u017ena i vizualno rasko\u0161na te u svojim zna\u010denjima vi\u0161eslojna. Predstava je jedan zanimljivi spoj lutkarstva, \u017eive igre na sceni i pjevanja u\u017eivo\u201c, istaknula je Lupi Alvir.<br \/>\nTamara Ku\u010dinovi\u0107 po tre\u0107i put re\u017eira u GKL Rijeka i, kako ka\u017ee, za rije\u010dke lutkare je ve\u017ee dugogodi\u0161nje prijateljstvo i suradnja koja je uvijek iznjedrila fine plodove. Trud i rad na ovoj predstavi bio je dug i nelak, ali se isplatio. Predstava govori o prvom dje\u010djem zaljubljivanju te u tom smislu o nesigurnosti te prve ljubavi. Dje\u010dak Jakov koji se zaljubljuje u Klaru je nesiguran i stidljiv i boji se da nije dovoljan. Ku\u010dinovi\u0107 u tome vidi temu predstave i oko tih osje\u0107aja je isplela cijelu pri\u010du koju \u0107emo uskoro vidjeti na rije\u010dkoj sceni. Nik\u0161a Eldan je istaknuo zahtjevnost gluma\u010dkih zadataka koji su bili pred njima jer uklju\u010duju i a capella pjevanje te sviranje razli\u010ditih instrumenata, va\u017enost likova koji \u010dine kor ptica koji nosi radnju, podupire radnju, strepi nad sudbinom glavnih junaka. Predstava u svojoj formi podsje\u0107a na anti\u010dku dramu uz jedinstvo mjesta, vremena i radnje te jednostavnosti sa sretnim zavr\u0161etkom. Glazba je vrlo va\u017ean segment predstave koji podupire radnju, gradi atmosferu i izraz je unutarnjeg osje\u0107aja likova i kora.<br \/>\nUloga djevoj\u010dice Klare povjerena je Andrei \u0160pindel koja je u tom liku na neki na\u010din prona\u0161la i sebe. Uloga je suptilna, mirna i tiha, a istovremeno i sna\u017ena. \u0160pindel smatra da je predstava va\u017ena jer nas podsje\u0107a na autenti\u010dnost osobe i va\u017enost svakog pojedinca u dana\u0161njem dru\u0161tvu. Predstava je oda svim ljudima koji vide drugoga i poma\u017eu kada \u010dovjek ne mo\u017ee vidjeti samoga sebe, napomenula je \u0160pindel u svom emotivnom govoru.<br \/>\nGlumci su se vrlo pohvalno izrazili o radu na predstavi i radu s Tamarom Ku\u010dinovi\u0107. Podsjetili su na snagu i va\u017enost Tamarinih predstava koje sve progovaraju na razli\u010dite na\u010dine kroz razli\u010dite estetike o djeci i mladima va\u017enim temama, a koje u svojoj sr\u017ei afirmiraju ljubav i brigu o drugome te uz koje je od iznimne va\u017enosti da djeca odrastaju.<\/p>\n","protected":false},"excerpt":{"rendered":"<p>Premijera je 1. o\u017eujka, a reprizno se izvodi do 15. o\u017eujka 2025.<\/p>\n","protected":false},"author":1,"featured_media":16667,"comment_status":"closed","ping_status":"closed","sticky":false,"template":"","format":"standard","meta":{"spay_email":""},"categories":[3],"tags":[],"jetpack_featured_media_url":"https:\/\/www.gkl-rijeka.hr\/wp-content\/uploads\/2025\/02\/Ptice_42.jpg?wsr","yoast_head":"<!-- This site is optimized with the Yoast SEO plugin v15.1.1 - https:\/\/yoast.com\/wordpress\/plugins\/seo\/ -->\n<meta name=\"robots\" content=\"index, follow, max-snippet:-1, max-image-preview:large, max-video-preview:-1\" \/>\n<link rel=\"canonical\" href=\"https:\/\/www.gkl-rijeka.hr\/index.php\/odrzana-konferencija-za-novinare-povodom-premijere-predstave-dan-kad-sam-se-pretvotio-u-pticu\/\" \/>\n<meta property=\"og:locale\" content=\"en_US\" \/>\n<meta property=\"og:type\" content=\"article\" \/>\n<meta property=\"og:title\" content=\"Odr\u017eana konferencija za novinare povodom premijere predstave &quot;Dan kad sam se pretvorio u pticu&quot; - Gradsko kazali\u0161te lutaka Rijeka\" \/>\n<meta property=\"og:description\" content=\"Premijera je 1. o\u017eujka, a reprizno se izvodi do 15. o\u017eujka 2025.\" \/>\n<meta property=\"og:url\" content=\"https:\/\/www.gkl-rijeka.hr\/index.php\/odrzana-konferencija-za-novinare-povodom-premijere-predstave-dan-kad-sam-se-pretvotio-u-pticu\/\" \/>\n<meta property=\"og:site_name\" content=\"Gradsko kazali\u0161te lutaka Rijeka\" \/>\n<meta property=\"article:publisher\" content=\"https:\/\/www.facebook.com\/gkl.rijeka\" \/>\n<meta property=\"article:published_time\" content=\"2025-02-25T11:48:22+00:00\" \/>\n<meta property=\"article:modified_time\" content=\"2025-02-25T11:48:49+00:00\" \/>\n<meta property=\"og:image\" content=\"https:\/\/www.gkl-rijeka.hr\/wp-content\/uploads\/2025\/02\/Ptice_42.jpg?wsr\" \/>\n\t<meta property=\"og:image:width\" content=\"2200\" \/>\n\t<meta property=\"og:image:height\" content=\"1467\" \/>\n<meta property=\"fb:app_id\" content=\"368762594246882\" \/>\n<meta name=\"twitter:card\" content=\"summary\" \/>\n<script type=\"application\/ld+json\" class=\"yoast-schema-graph\">{\"@context\":\"https:\/\/schema.org\",\"@graph\":[{\"@type\":\"Organization\",\"@id\":\"https:\/\/www.gkl-rijeka.hr\/#organization\",\"name\":\"Gradsko kazali\\u0161te lutaka Rijeka\",\"url\":\"https:\/\/www.gkl-rijeka.hr\/\",\"sameAs\":[\"https:\/\/www.facebook.com\/gkl.rijeka\"],\"logo\":{\"@type\":\"ImageObject\",\"@id\":\"https:\/\/www.gkl-rijeka.hr\/#logo\",\"inLanguage\":\"en-US\",\"url\":\"https:\/\/www.gkl-rijeka.hr\/wp-content\/uploads\/2020\/10\/logo_boja_01.png?wsr\",\"width\":209,\"height\":280,\"caption\":\"Gradsko kazali\\u0161te lutaka Rijeka\"},\"image\":{\"@id\":\"https:\/\/www.gkl-rijeka.hr\/#logo\"}},{\"@type\":\"WebSite\",\"@id\":\"https:\/\/www.gkl-rijeka.hr\/#website\",\"url\":\"https:\/\/www.gkl-rijeka.hr\/\",\"name\":\"Gradsko kazali\\u0161te lutaka Rijeka\",\"description\":\"\",\"publisher\":{\"@id\":\"https:\/\/www.gkl-rijeka.hr\/#organization\"},\"potentialAction\":[{\"@type\":\"SearchAction\",\"target\":\"https:\/\/www.gkl-rijeka.hr\/?s={search_term_string}\",\"query-input\":\"required name=search_term_string\"}],\"inLanguage\":\"en-US\"},{\"@type\":\"ImageObject\",\"@id\":\"https:\/\/www.gkl-rijeka.hr\/index.php\/odrzana-konferencija-za-novinare-povodom-premijere-predstave-dan-kad-sam-se-pretvotio-u-pticu\/#primaryimage\",\"inLanguage\":\"en-US\",\"url\":\"https:\/\/www.gkl-rijeka.hr\/wp-content\/uploads\/2025\/02\/Ptice_42.jpg?wsr\",\"width\":2200,\"height\":1467},{\"@type\":\"WebPage\",\"@id\":\"https:\/\/www.gkl-rijeka.hr\/index.php\/odrzana-konferencija-za-novinare-povodom-premijere-predstave-dan-kad-sam-se-pretvotio-u-pticu\/#webpage\",\"url\":\"https:\/\/www.gkl-rijeka.hr\/index.php\/odrzana-konferencija-za-novinare-povodom-premijere-predstave-dan-kad-sam-se-pretvotio-u-pticu\/\",\"name\":\"Odr\\u017eana konferencija za novinare povodom premijere predstave \\\"Dan kad sam se pretvorio u pticu\\\" - Gradsko kazali\\u0161te lutaka Rijeka\",\"isPartOf\":{\"@id\":\"https:\/\/www.gkl-rijeka.hr\/#website\"},\"primaryImageOfPage\":{\"@id\":\"https:\/\/www.gkl-rijeka.hr\/index.php\/odrzana-konferencija-za-novinare-povodom-premijere-predstave-dan-kad-sam-se-pretvotio-u-pticu\/#primaryimage\"},\"datePublished\":\"2025-02-25T11:48:22+00:00\",\"dateModified\":\"2025-02-25T11:48:49+00:00\",\"inLanguage\":\"en-US\",\"potentialAction\":[{\"@type\":\"ReadAction\",\"target\":[\"https:\/\/www.gkl-rijeka.hr\/index.php\/odrzana-konferencija-za-novinare-povodom-premijere-predstave-dan-kad-sam-se-pretvotio-u-pticu\/\"]}]},{\"@type\":\"Article\",\"@id\":\"https:\/\/www.gkl-rijeka.hr\/index.php\/odrzana-konferencija-za-novinare-povodom-premijere-predstave-dan-kad-sam-se-pretvotio-u-pticu\/#article\",\"isPartOf\":{\"@id\":\"https:\/\/www.gkl-rijeka.hr\/index.php\/odrzana-konferencija-za-novinare-povodom-premijere-predstave-dan-kad-sam-se-pretvotio-u-pticu\/#webpage\"},\"author\":{\"@id\":\"https:\/\/www.gkl-rijeka.hr\/#\/schema\/person\/3d9f7620db983ddf36e45ccae28c8651\"},\"headline\":\"Odr\\u017eana konferencija za novinare povodom premijere predstave &#8220;Dan kad sam se pretvorio u pticu&#8221;\",\"datePublished\":\"2025-02-25T11:48:22+00:00\",\"dateModified\":\"2025-02-25T11:48:49+00:00\",\"mainEntityOfPage\":{\"@id\":\"https:\/\/www.gkl-rijeka.hr\/index.php\/odrzana-konferencija-za-novinare-povodom-premijere-predstave-dan-kad-sam-se-pretvotio-u-pticu\/#webpage\"},\"publisher\":{\"@id\":\"https:\/\/www.gkl-rijeka.hr\/#organization\"},\"image\":{\"@id\":\"https:\/\/www.gkl-rijeka.hr\/index.php\/odrzana-konferencija-za-novinare-povodom-premijere-predstave-dan-kad-sam-se-pretvotio-u-pticu\/#primaryimage\"},\"articleSection\":\"Novosti\",\"inLanguage\":\"en-US\"},{\"@type\":\"Person\",\"@id\":\"https:\/\/www.gkl-rijeka.hr\/#\/schema\/person\/3d9f7620db983ddf36e45ccae28c8651\",\"name\":\"Marin\",\"image\":{\"@type\":\"ImageObject\",\"@id\":\"https:\/\/www.gkl-rijeka.hr\/#personlogo\",\"inLanguage\":\"en-US\",\"url\":\"https:\/\/secure.gravatar.com\/avatar\/9ba8e90e29bf7b5691a75673ed86bcba?s=96&d=mm&r=g\",\"caption\":\"Marin\"}}]}<\/script>\n<!-- \/ Yoast SEO plugin. -->","_links":{"self":[{"href":"https:\/\/www.gkl-rijeka.hr\/index.php\/wp-json\/wp\/v2\/posts\/16687"}],"collection":[{"href":"https:\/\/www.gkl-rijeka.hr\/index.php\/wp-json\/wp\/v2\/posts"}],"about":[{"href":"https:\/\/www.gkl-rijeka.hr\/index.php\/wp-json\/wp\/v2\/types\/post"}],"author":[{"embeddable":true,"href":"https:\/\/www.gkl-rijeka.hr\/index.php\/wp-json\/wp\/v2\/users\/1"}],"replies":[{"embeddable":true,"href":"https:\/\/www.gkl-rijeka.hr\/index.php\/wp-json\/wp\/v2\/comments?post=16687"}],"version-history":[{"count":2,"href":"https:\/\/www.gkl-rijeka.hr\/index.php\/wp-json\/wp\/v2\/posts\/16687\/revisions"}],"predecessor-version":[{"id":16689,"href":"https:\/\/www.gkl-rijeka.hr\/index.php\/wp-json\/wp\/v2\/posts\/16687\/revisions\/16689"}],"wp:featuredmedia":[{"embeddable":true,"href":"https:\/\/www.gkl-rijeka.hr\/index.php\/wp-json\/wp\/v2\/media\/16667"}],"wp:attachment":[{"href":"https:\/\/www.gkl-rijeka.hr\/index.php\/wp-json\/wp\/v2\/media?parent=16687"}],"wp:term":[{"taxonomy":"category","embeddable":true,"href":"https:\/\/www.gkl-rijeka.hr\/index.php\/wp-json\/wp\/v2\/categories?post=16687"},{"taxonomy":"post_tag","embeddable":true,"href":"https:\/\/www.gkl-rijeka.hr\/index.php\/wp-json\/wp\/v2\/tags?post=16687"}],"curies":[{"name":"wp","href":"https:\/\/api.w.org\/{rel}","templated":true}]}}