{"id":16711,"date":"2025-03-01T11:39:55","date_gmt":"2025-03-01T11:39:55","guid":{"rendered":"https:\/\/www.gkl-rijeka.hr\/?p=16711"},"modified":"2025-03-06T07:47:41","modified_gmt":"2025-03-06T07:47:41","slug":"otkazane-izvedbe-predstave","status":"publish","type":"post","link":"https:\/\/www.gkl-rijeka.hr\/index.php\/otkazane-izvedbe-predstave\/","title":{"rendered":"Otkazane izvedbe predstave &#8220;Dan kad sam se pretvorio u pticu&#8221;"},"content":{"rendered":"<div class=\"x11i5rnm xat24cr x1mh8g0r x1vvkbs xtlvy1s x126k92a\">\n<div dir=\"auto\">Zbog bolesti u gluma\u010dkom ansamblu, na\u017ealost smo prisiljeni <strong>otkazati<\/strong> izvedbe predstave <strong>&#8220;Dan kad sam se pretvorio u pticu&#8221;<\/strong> autorice i redateljice Tamare Ku\u010dinovi\u0107, najavljene za:<\/div>\n<div dir=\"auto\"><strong>06.03. u 18h<\/strong><\/div>\n<div dir=\"auto\"><strong>07.03. u 18h<\/strong><\/div>\n<div dir=\"auto\"><strong>08.03. u 11 i 18h<\/strong><\/div>\n<\/div>\n<div class=\"x11i5rnm xat24cr x1mh8g0r x1vvkbs xtlvy1s x126k92a\">\n<div dir=\"auto\">Svi koji su ve\u0107 kupili ulaznice bit \u0107e o tome obavije\u0161teni putem e-maila i dobit \u0107e povrat novca.<\/div>\n<\/div>\n<div class=\"x11i5rnm xat24cr x1mh8g0r x1vvkbs xtlvy1s x126k92a\">\n<div dir=\"auto\">Ispri\u010davamo se zbog eventualnih neugodnosti i zahvaljujemo vam na razumijevanju.<\/div>\n<\/div>\n<div dir=\"auto\">GKL Rijeka<\/div>\n","protected":false},"excerpt":{"rendered":"<p>Zbog bolesti u gluma\u010dkom ansamblu, na\u017ealost smo prisiljeni otkazati izvedbe predstave &#8220;Dan kad sam se pretvorio u pticu&#8221; autorice i redateljice Tamare Ku\u010dinovi\u0107, najavljene za: 06.03. u 18h 07.03. u 18h 08.03. u 11 i 18h Svi koji su ve\u0107 kupili ulaznice bit \u0107e o tome obavije\u0161teni putem e-maila i dobit \u0107e povrat novca. Ispri\u010davamo [&hellip;]<\/p>\n","protected":false},"author":1,"featured_media":16712,"comment_status":"closed","ping_status":"closed","sticky":false,"template":"","format":"standard","meta":{"spay_email":""},"categories":[3],"tags":[],"jetpack_featured_media_url":"https:\/\/www.gkl-rijeka.hr\/wp-content\/uploads\/2025\/03\/OTKAZANO.png?wsr","yoast_head":"<!-- This site is optimized with the Yoast SEO plugin v15.1.1 - https:\/\/yoast.com\/wordpress\/plugins\/seo\/ -->\n<meta name=\"robots\" content=\"index, follow, max-snippet:-1, max-image-preview:large, max-video-preview:-1\" \/>\n<link rel=\"canonical\" href=\"https:\/\/www.gkl-rijeka.hr\/index.php\/otkazane-izvedbe-predstave\/\" \/>\n<meta property=\"og:locale\" content=\"en_US\" \/>\n<meta property=\"og:type\" content=\"article\" \/>\n<meta property=\"og:title\" content=\"Otkazane izvedbe predstave &quot;Dan kad sam se pretvorio u pticu&quot; - Gradsko kazali\u0161te lutaka Rijeka\" \/>\n<meta property=\"og:description\" content=\"Zbog bolesti u gluma\u010dkom ansamblu, na\u017ealost smo prisiljeni otkazati izvedbe predstave &#8220;Dan kad sam se pretvorio u pticu&#8221; autorice i redateljice Tamare Ku\u010dinovi\u0107, najavljene za: 06.03. u 18h 07.03. u 18h 08.03. u 11 i 18h Svi koji su ve\u0107 kupili ulaznice bit \u0107e o tome obavije\u0161teni putem e-maila i dobit \u0107e povrat novca. Ispri\u010davamo [&hellip;]\" \/>\n<meta property=\"og:url\" content=\"https:\/\/www.gkl-rijeka.hr\/index.php\/otkazane-izvedbe-predstave\/\" \/>\n<meta property=\"og:site_name\" content=\"Gradsko kazali\u0161te lutaka Rijeka\" \/>\n<meta property=\"article:publisher\" content=\"https:\/\/www.facebook.com\/gkl.rijeka\" \/>\n<meta property=\"article:published_time\" content=\"2025-03-01T11:39:55+00:00\" \/>\n<meta property=\"article:modified_time\" content=\"2025-03-06T07:47:41+00:00\" \/>\n<meta property=\"og:image\" content=\"https:\/\/www.gkl-rijeka.hr\/wp-content\/uploads\/2025\/03\/OTKAZANO.png?wsr\" \/>\n\t<meta property=\"og:image:width\" content=\"2245\" \/>\n\t<meta property=\"og:image:height\" content=\"1587\" \/>\n<meta property=\"fb:app_id\" content=\"368762594246882\" \/>\n<meta name=\"twitter:card\" content=\"summary\" \/>\n<script type=\"application\/ld+json\" class=\"yoast-schema-graph\">{\"@context\":\"https:\/\/schema.org\",\"@graph\":[{\"@type\":\"Organization\",\"@id\":\"https:\/\/www.gkl-rijeka.hr\/#organization\",\"name\":\"Gradsko kazali\\u0161te lutaka Rijeka\",\"url\":\"https:\/\/www.gkl-rijeka.hr\/\",\"sameAs\":[\"https:\/\/www.facebook.com\/gkl.rijeka\"],\"logo\":{\"@type\":\"ImageObject\",\"@id\":\"https:\/\/www.gkl-rijeka.hr\/#logo\",\"inLanguage\":\"en-US\",\"url\":\"https:\/\/www.gkl-rijeka.hr\/wp-content\/uploads\/2020\/10\/logo_boja_01.png?wsr\",\"width\":209,\"height\":280,\"caption\":\"Gradsko kazali\\u0161te lutaka Rijeka\"},\"image\":{\"@id\":\"https:\/\/www.gkl-rijeka.hr\/#logo\"}},{\"@type\":\"WebSite\",\"@id\":\"https:\/\/www.gkl-rijeka.hr\/#website\",\"url\":\"https:\/\/www.gkl-rijeka.hr\/\",\"name\":\"Gradsko kazali\\u0161te lutaka Rijeka\",\"description\":\"\",\"publisher\":{\"@id\":\"https:\/\/www.gkl-rijeka.hr\/#organization\"},\"potentialAction\":[{\"@type\":\"SearchAction\",\"target\":\"https:\/\/www.gkl-rijeka.hr\/?s={search_term_string}\",\"query-input\":\"required name=search_term_string\"}],\"inLanguage\":\"en-US\"},{\"@type\":\"ImageObject\",\"@id\":\"https:\/\/www.gkl-rijeka.hr\/index.php\/otkazane-izvedbe-predstave\/#primaryimage\",\"inLanguage\":\"en-US\",\"url\":\"https:\/\/www.gkl-rijeka.hr\/wp-content\/uploads\/2025\/03\/OTKAZANO.png?wsr\",\"width\":2245,\"height\":1587},{\"@type\":\"WebPage\",\"@id\":\"https:\/\/www.gkl-rijeka.hr\/index.php\/otkazane-izvedbe-predstave\/#webpage\",\"url\":\"https:\/\/www.gkl-rijeka.hr\/index.php\/otkazane-izvedbe-predstave\/\",\"name\":\"Otkazane izvedbe predstave \\\"Dan kad sam se pretvorio u pticu\\\" - Gradsko kazali\\u0161te lutaka Rijeka\",\"isPartOf\":{\"@id\":\"https:\/\/www.gkl-rijeka.hr\/#website\"},\"primaryImageOfPage\":{\"@id\":\"https:\/\/www.gkl-rijeka.hr\/index.php\/otkazane-izvedbe-predstave\/#primaryimage\"},\"datePublished\":\"2025-03-01T11:39:55+00:00\",\"dateModified\":\"2025-03-06T07:47:41+00:00\",\"inLanguage\":\"en-US\",\"potentialAction\":[{\"@type\":\"ReadAction\",\"target\":[\"https:\/\/www.gkl-rijeka.hr\/index.php\/otkazane-izvedbe-predstave\/\"]}]},{\"@type\":\"Article\",\"@id\":\"https:\/\/www.gkl-rijeka.hr\/index.php\/otkazane-izvedbe-predstave\/#article\",\"isPartOf\":{\"@id\":\"https:\/\/www.gkl-rijeka.hr\/index.php\/otkazane-izvedbe-predstave\/#webpage\"},\"author\":{\"@id\":\"https:\/\/www.gkl-rijeka.hr\/#\/schema\/person\/3d9f7620db983ddf36e45ccae28c8651\"},\"headline\":\"Otkazane izvedbe predstave &#8220;Dan kad sam se pretvorio u pticu&#8221;\",\"datePublished\":\"2025-03-01T11:39:55+00:00\",\"dateModified\":\"2025-03-06T07:47:41+00:00\",\"mainEntityOfPage\":{\"@id\":\"https:\/\/www.gkl-rijeka.hr\/index.php\/otkazane-izvedbe-predstave\/#webpage\"},\"publisher\":{\"@id\":\"https:\/\/www.gkl-rijeka.hr\/#organization\"},\"image\":{\"@id\":\"https:\/\/www.gkl-rijeka.hr\/index.php\/otkazane-izvedbe-predstave\/#primaryimage\"},\"articleSection\":\"Novosti\",\"inLanguage\":\"en-US\"},{\"@type\":\"Person\",\"@id\":\"https:\/\/www.gkl-rijeka.hr\/#\/schema\/person\/3d9f7620db983ddf36e45ccae28c8651\",\"name\":\"Marin\",\"image\":{\"@type\":\"ImageObject\",\"@id\":\"https:\/\/www.gkl-rijeka.hr\/#personlogo\",\"inLanguage\":\"en-US\",\"url\":\"https:\/\/secure.gravatar.com\/avatar\/9ba8e90e29bf7b5691a75673ed86bcba?s=96&d=mm&r=g\",\"caption\":\"Marin\"}}]}<\/script>\n<!-- \/ Yoast SEO plugin. -->","_links":{"self":[{"href":"https:\/\/www.gkl-rijeka.hr\/index.php\/wp-json\/wp\/v2\/posts\/16711"}],"collection":[{"href":"https:\/\/www.gkl-rijeka.hr\/index.php\/wp-json\/wp\/v2\/posts"}],"about":[{"href":"https:\/\/www.gkl-rijeka.hr\/index.php\/wp-json\/wp\/v2\/types\/post"}],"author":[{"embeddable":true,"href":"https:\/\/www.gkl-rijeka.hr\/index.php\/wp-json\/wp\/v2\/users\/1"}],"replies":[{"embeddable":true,"href":"https:\/\/www.gkl-rijeka.hr\/index.php\/wp-json\/wp\/v2\/comments?post=16711"}],"version-history":[{"count":4,"href":"https:\/\/www.gkl-rijeka.hr\/index.php\/wp-json\/wp\/v2\/posts\/16711\/revisions"}],"predecessor-version":[{"id":16717,"href":"https:\/\/www.gkl-rijeka.hr\/index.php\/wp-json\/wp\/v2\/posts\/16711\/revisions\/16717"}],"wp:featuredmedia":[{"embeddable":true,"href":"https:\/\/www.gkl-rijeka.hr\/index.php\/wp-json\/wp\/v2\/media\/16712"}],"wp:attachment":[{"href":"https:\/\/www.gkl-rijeka.hr\/index.php\/wp-json\/wp\/v2\/media?parent=16711"}],"wp:term":[{"taxonomy":"category","embeddable":true,"href":"https:\/\/www.gkl-rijeka.hr\/index.php\/wp-json\/wp\/v2\/categories?post=16711"},{"taxonomy":"post_tag","embeddable":true,"href":"https:\/\/www.gkl-rijeka.hr\/index.php\/wp-json\/wp\/v2\/tags?post=16711"}],"curies":[{"name":"wp","href":"https:\/\/api.w.org\/{rel}","templated":true}]}}