{"id":16727,"date":"2025-03-19T08:40:09","date_gmt":"2025-03-19T08:40:09","guid":{"rendered":"https:\/\/www.gkl-rijeka.hr\/?p=16727"},"modified":"2025-03-19T08:40:09","modified_gmt":"2025-03-19T08:40:09","slug":"otkazuje-se-predstava-jezeva-kucica-u-ozujku-2025","status":"publish","type":"post","link":"https:\/\/www.gkl-rijeka.hr\/index.php\/otkazuje-se-predstava-jezeva-kucica-u-ozujku-2025\/","title":{"rendered":"OTKAZUJE SE PREDSTAVA \u201eJE\u017dEVA KU\u0106ICA\u201c U O\u017dUJKU 2025."},"content":{"rendered":"<p><strong>OTKAZUJE SE PREDSTAVA \u201eJE\u017dEVA KU\u0106ICA\u201c U O\u017dUJKU 2025. <\/strong><\/p>\n<p><strong>\u00a0<\/strong><\/p>\n<p>Predstava \u201eJe\u017eeva ku\u0107ica\u201c iz tehni\u010dkih se razloga na\u017ealost mora otkazati u svim planiranim terminima u o\u017eujku 2025.<\/p>\n<p>Umjesto \u201eJe\u017eeve ku\u0107ice\u201c u periodu od 20. do 22. o\u017eujka igrat \u0107e se predstava \u201eTri pra\u0161\u010di\u0107a\u201c autora Jirija Jaro\u0161a u re\u017eiji \u017delimira Priji\u0107a te obnovi Ser\u0111a Dla\u010di\u0107a.<\/p>\n<p>Idu\u0107eg tjedna od 25. do 29. o\u017eujka izvodit \u0107e se predstava \u201eTon\u010di\u0107 Pete\u0161i\u0107\u201c autorice Vedrane Balen Spin\u010di\u0107 (prema slikovnici Vjekoslave Jurdane i Radovana Kuni\u0107a) u re\u017eiji Ser\u0111a Dla\u010di\u0107a.<\/p>\n<p>Publika koja je kupila ulaznice preko webshopa, a \u017eeli do\u0107i na zamjenske predstave, mo\u017ee to slobodno u\u010diniti s postoje\u0107im ulaznicama jer \u0107e im vrijediti. Publika koja ne \u017eeli do\u0107i na zamjenske predstave treba se javiti na mail <a href=\"mailto:blagajna.gklri@gmail.com\">blagajna.gklri@gmail.com<\/a> gdje \u0107e dobiti upute za povrat novca.<\/p>\n<p>Zahvaljujemo na razumijevanju te se ispri\u010davamo na eventualnoj neugodnosti.<\/p>\n<p>GKL Rijeka<\/p>\n","protected":false},"excerpt":{"rendered":"<p>OTKAZUJE SE PREDSTAVA \u201eJE\u017dEVA KU\u0106ICA\u201c U O\u017dUJKU 2025. \u00a0 Predstava \u201eJe\u017eeva ku\u0107ica\u201c iz tehni\u010dkih se razloga na\u017ealost mora otkazati u svim planiranim terminima u o\u017eujku 2025. Umjesto \u201eJe\u017eeve ku\u0107ice\u201c u periodu od 20. do 22. o\u017eujka igrat \u0107e se predstava \u201eTri pra\u0161\u010di\u0107a\u201c autora Jirija Jaro\u0161a u re\u017eiji \u017delimira Priji\u0107a te obnovi Ser\u0111a Dla\u010di\u0107a. Idu\u0107eg tjedna [&hellip;]<\/p>\n","protected":false},"author":1,"featured_media":16728,"comment_status":"closed","ping_status":"closed","sticky":false,"template":"","format":"standard","meta":{"spay_email":""},"categories":[3],"tags":[],"jetpack_featured_media_url":"https:\/\/www.gkl-rijeka.hr\/wp-content\/uploads\/2025\/03\/OTKAZANO1.png?wsr","yoast_head":"<!-- This site is optimized with the Yoast SEO plugin v15.1.1 - https:\/\/yoast.com\/wordpress\/plugins\/seo\/ -->\n<meta name=\"robots\" content=\"index, follow, max-snippet:-1, max-image-preview:large, max-video-preview:-1\" \/>\n<link rel=\"canonical\" href=\"https:\/\/www.gkl-rijeka.hr\/index.php\/otkazuje-se-predstava-jezeva-kucica-u-ozujku-2025\/\" \/>\n<meta property=\"og:locale\" content=\"en_US\" \/>\n<meta property=\"og:type\" content=\"article\" \/>\n<meta property=\"og:title\" content=\"OTKAZUJE SE PREDSTAVA \u201eJE\u017dEVA KU\u0106ICA\u201c U O\u017dUJKU 2025. - Gradsko kazali\u0161te lutaka Rijeka\" \/>\n<meta property=\"og:description\" content=\"OTKAZUJE SE PREDSTAVA \u201eJE\u017dEVA KU\u0106ICA\u201c U O\u017dUJKU 2025. \u00a0 Predstava \u201eJe\u017eeva ku\u0107ica\u201c iz tehni\u010dkih se razloga na\u017ealost mora otkazati u svim planiranim terminima u o\u017eujku 2025. Umjesto \u201eJe\u017eeve ku\u0107ice\u201c u periodu od 20. do 22. o\u017eujka igrat \u0107e se predstava \u201eTri pra\u0161\u010di\u0107a\u201c autora Jirija Jaro\u0161a u re\u017eiji \u017delimira Priji\u0107a te obnovi Ser\u0111a Dla\u010di\u0107a. Idu\u0107eg tjedna [&hellip;]\" \/>\n<meta property=\"og:url\" content=\"https:\/\/www.gkl-rijeka.hr\/index.php\/otkazuje-se-predstava-jezeva-kucica-u-ozujku-2025\/\" \/>\n<meta property=\"og:site_name\" content=\"Gradsko kazali\u0161te lutaka Rijeka\" \/>\n<meta property=\"article:publisher\" content=\"https:\/\/www.facebook.com\/gkl.rijeka\" \/>\n<meta property=\"article:published_time\" content=\"2025-03-19T08:40:09+00:00\" \/>\n<meta property=\"og:image\" content=\"https:\/\/www.gkl-rijeka.hr\/wp-content\/uploads\/2025\/03\/OTKAZANO1.png?wsr\" \/>\n\t<meta property=\"og:image:width\" content=\"2245\" \/>\n\t<meta property=\"og:image:height\" content=\"1587\" \/>\n<meta property=\"fb:app_id\" content=\"368762594246882\" \/>\n<meta name=\"twitter:card\" content=\"summary\" \/>\n<script type=\"application\/ld+json\" class=\"yoast-schema-graph\">{\"@context\":\"https:\/\/schema.org\",\"@graph\":[{\"@type\":\"Organization\",\"@id\":\"https:\/\/www.gkl-rijeka.hr\/#organization\",\"name\":\"Gradsko kazali\\u0161te lutaka Rijeka\",\"url\":\"https:\/\/www.gkl-rijeka.hr\/\",\"sameAs\":[\"https:\/\/www.facebook.com\/gkl.rijeka\"],\"logo\":{\"@type\":\"ImageObject\",\"@id\":\"https:\/\/www.gkl-rijeka.hr\/#logo\",\"inLanguage\":\"en-US\",\"url\":\"https:\/\/www.gkl-rijeka.hr\/wp-content\/uploads\/2020\/10\/logo_boja_01.png?wsr\",\"width\":209,\"height\":280,\"caption\":\"Gradsko kazali\\u0161te lutaka Rijeka\"},\"image\":{\"@id\":\"https:\/\/www.gkl-rijeka.hr\/#logo\"}},{\"@type\":\"WebSite\",\"@id\":\"https:\/\/www.gkl-rijeka.hr\/#website\",\"url\":\"https:\/\/www.gkl-rijeka.hr\/\",\"name\":\"Gradsko kazali\\u0161te lutaka Rijeka\",\"description\":\"\",\"publisher\":{\"@id\":\"https:\/\/www.gkl-rijeka.hr\/#organization\"},\"potentialAction\":[{\"@type\":\"SearchAction\",\"target\":\"https:\/\/www.gkl-rijeka.hr\/?s={search_term_string}\",\"query-input\":\"required name=search_term_string\"}],\"inLanguage\":\"en-US\"},{\"@type\":\"ImageObject\",\"@id\":\"https:\/\/www.gkl-rijeka.hr\/index.php\/otkazuje-se-predstava-jezeva-kucica-u-ozujku-2025\/#primaryimage\",\"inLanguage\":\"en-US\",\"url\":\"https:\/\/www.gkl-rijeka.hr\/wp-content\/uploads\/2025\/03\/OTKAZANO1.png?wsr\",\"width\":2245,\"height\":1587},{\"@type\":\"WebPage\",\"@id\":\"https:\/\/www.gkl-rijeka.hr\/index.php\/otkazuje-se-predstava-jezeva-kucica-u-ozujku-2025\/#webpage\",\"url\":\"https:\/\/www.gkl-rijeka.hr\/index.php\/otkazuje-se-predstava-jezeva-kucica-u-ozujku-2025\/\",\"name\":\"OTKAZUJE SE PREDSTAVA \\u201eJE\\u017dEVA KU\\u0106ICA\\u201c U O\\u017dUJKU 2025. - Gradsko kazali\\u0161te lutaka Rijeka\",\"isPartOf\":{\"@id\":\"https:\/\/www.gkl-rijeka.hr\/#website\"},\"primaryImageOfPage\":{\"@id\":\"https:\/\/www.gkl-rijeka.hr\/index.php\/otkazuje-se-predstava-jezeva-kucica-u-ozujku-2025\/#primaryimage\"},\"datePublished\":\"2025-03-19T08:40:09+00:00\",\"dateModified\":\"2025-03-19T08:40:09+00:00\",\"inLanguage\":\"en-US\",\"potentialAction\":[{\"@type\":\"ReadAction\",\"target\":[\"https:\/\/www.gkl-rijeka.hr\/index.php\/otkazuje-se-predstava-jezeva-kucica-u-ozujku-2025\/\"]}]},{\"@type\":\"Article\",\"@id\":\"https:\/\/www.gkl-rijeka.hr\/index.php\/otkazuje-se-predstava-jezeva-kucica-u-ozujku-2025\/#article\",\"isPartOf\":{\"@id\":\"https:\/\/www.gkl-rijeka.hr\/index.php\/otkazuje-se-predstava-jezeva-kucica-u-ozujku-2025\/#webpage\"},\"author\":{\"@id\":\"https:\/\/www.gkl-rijeka.hr\/#\/schema\/person\/3d9f7620db983ddf36e45ccae28c8651\"},\"headline\":\"OTKAZUJE SE PREDSTAVA \\u201eJE\\u017dEVA KU\\u0106ICA\\u201c U O\\u017dUJKU 2025.\",\"datePublished\":\"2025-03-19T08:40:09+00:00\",\"dateModified\":\"2025-03-19T08:40:09+00:00\",\"mainEntityOfPage\":{\"@id\":\"https:\/\/www.gkl-rijeka.hr\/index.php\/otkazuje-se-predstava-jezeva-kucica-u-ozujku-2025\/#webpage\"},\"publisher\":{\"@id\":\"https:\/\/www.gkl-rijeka.hr\/#organization\"},\"image\":{\"@id\":\"https:\/\/www.gkl-rijeka.hr\/index.php\/otkazuje-se-predstava-jezeva-kucica-u-ozujku-2025\/#primaryimage\"},\"articleSection\":\"Novosti\",\"inLanguage\":\"en-US\"},{\"@type\":\"Person\",\"@id\":\"https:\/\/www.gkl-rijeka.hr\/#\/schema\/person\/3d9f7620db983ddf36e45ccae28c8651\",\"name\":\"Marin\",\"image\":{\"@type\":\"ImageObject\",\"@id\":\"https:\/\/www.gkl-rijeka.hr\/#personlogo\",\"inLanguage\":\"en-US\",\"url\":\"https:\/\/secure.gravatar.com\/avatar\/9ba8e90e29bf7b5691a75673ed86bcba?s=96&d=mm&r=g\",\"caption\":\"Marin\"}}]}<\/script>\n<!-- \/ Yoast SEO plugin. -->","_links":{"self":[{"href":"https:\/\/www.gkl-rijeka.hr\/index.php\/wp-json\/wp\/v2\/posts\/16727"}],"collection":[{"href":"https:\/\/www.gkl-rijeka.hr\/index.php\/wp-json\/wp\/v2\/posts"}],"about":[{"href":"https:\/\/www.gkl-rijeka.hr\/index.php\/wp-json\/wp\/v2\/types\/post"}],"author":[{"embeddable":true,"href":"https:\/\/www.gkl-rijeka.hr\/index.php\/wp-json\/wp\/v2\/users\/1"}],"replies":[{"embeddable":true,"href":"https:\/\/www.gkl-rijeka.hr\/index.php\/wp-json\/wp\/v2\/comments?post=16727"}],"version-history":[{"count":1,"href":"https:\/\/www.gkl-rijeka.hr\/index.php\/wp-json\/wp\/v2\/posts\/16727\/revisions"}],"predecessor-version":[{"id":16729,"href":"https:\/\/www.gkl-rijeka.hr\/index.php\/wp-json\/wp\/v2\/posts\/16727\/revisions\/16729"}],"wp:featuredmedia":[{"embeddable":true,"href":"https:\/\/www.gkl-rijeka.hr\/index.php\/wp-json\/wp\/v2\/media\/16728"}],"wp:attachment":[{"href":"https:\/\/www.gkl-rijeka.hr\/index.php\/wp-json\/wp\/v2\/media?parent=16727"}],"wp:term":[{"taxonomy":"category","embeddable":true,"href":"https:\/\/www.gkl-rijeka.hr\/index.php\/wp-json\/wp\/v2\/categories?post=16727"},{"taxonomy":"post_tag","embeddable":true,"href":"https:\/\/www.gkl-rijeka.hr\/index.php\/wp-json\/wp\/v2\/tags?post=16727"}],"curies":[{"name":"wp","href":"https:\/\/api.w.org\/{rel}","templated":true}]}}