{"id":16735,"date":"2025-03-20T13:07:33","date_gmt":"2025-03-20T13:07:33","guid":{"rendered":"https:\/\/www.gkl-rijeka.hr\/?p=16735"},"modified":"2025-03-20T13:17:33","modified_gmt":"2025-03-20T13:17:33","slug":"svjetski-dan-kazalista-za-djecu-i-mlade-2","status":"publish","type":"post","link":"https:\/\/www.gkl-rijeka.hr\/index.php\/svjetski-dan-kazalista-za-djecu-i-mlade-2\/","title":{"rendered":"SVJETSKI DAN KAZALI\u0160TA ZA DJECU I MLADE"},"content":{"rendered":"<p>Na dan 20.3., Svjetski dan kazali\u0161ta za djecu i mlade po\u010deo se obilje\u017eavati od 2001. godine, a od 2012. godine koristi se slogan \u201cPovedite dijete u kazali\u0161te\u201d. Poziv je to na akciju kako bi u\u010dinili umjetnost dostupniju djeci i mladima.<\/p>\n<p>Hrvatsku poruku ove godine napisao je kazali\u0161ni kriti\u010dar i teatrolog Igor Tretinjak.<\/p>\n<p><strong>Neodoljiv most izme\u0111u virtualnog i stvarnog svijeta<\/strong><\/p>\n<p>Draga malena, ve\u0107a i vje\u010dna djeco,<\/p>\n<p>\u017eivimo u va\u0161em vremenu \u2013 vremenu dru\u0161tvenih mre\u017ea, virtualnog svijeta i umre\u017eenih igara, razdoblju u kojemu vam je cijeli svijet na dlanu, a svaki tren ispunjen i prepunjen fotografijama, videima i feedovima. Sva ta privla\u010dna gusto\u0107a informacija usisava vas, omata i zavodi, omogu\u0107uju\u0107i tek trenutak-dva predaha u stvarnom svijetu. A u njemu vas \u010dekaju neki \u010dudnovato stvarni odrasli ljudi, silno \u017eeljni va\u0161e pa\u017enje, razgovora, dru\u017eenja.<\/p>\n<p>Gdje i kako pomiriti ova dva nikad udaljenija svijeta? Kao i uvijek, odgovor se krije u kazali\u0161tu. Drevnom, mudrom promatra\u010du duge, sijede brade\u2026 ma ne! Vje\u010dno mladom prostoru igre i kreativnosti! Kazali\u0161tu kao savr\u0161enom mostu izme\u0111u mla\u0111ahnog i odraslog, virtualnog i stvarnog svijeta. Pri\u0111ite mu i prepustite se njegovoj neodoljivoj \u017eivosti, razgovarajte s njim, recite mu \u0161to vas zanima, mu\u010di, veseli. Poviknite, ako treba! Kazali\u0161te \u0107e vas poslu\u0161ati, pru\u017eiti ruku te postati jo\u0161 mla\u0111e, svje\u017eije i privla\u010dnije. Savr\u0161en most izme\u0111u virtualnog i stvarnog svijeta te prozor u bolje sutra.<\/p>\n<p>Sretan vam dan va\u0161eg i na\u0161eg kazali\u0161ta!<\/p>\n<p>Igor Tretinjak<\/p>\n<p>&nbsp;<\/p>\n<p>Svjetsku poruku napisala je predsjednica ASSITEJ International Sue Giles.<\/p>\n<p><strong>Povedite dijete u kazali\u0161te DANAS \u2013 ili donesite kazali\u0161te djetetu \u2013 izvedbene umjetnosti su dio \u017eivota!<\/strong><\/p>\n<p>Kazali\u0161ne izvedbe su zajedni\u010dko iskustvo koje okuplja ljude oko ideja i emocija \u2013 one su klju\u010dan i neophodan dio otpornosti zajednica i dinami\u010dne umjetni\u010dke prakse. Kampanja Svjetskog dana kazali\u0161ta <strong>&#8220;Povedite dijete u kazali\u0161te danas&#8221;<\/strong> ve\u0107 dugo nagla\u0161ava va\u017enost pristupa djece i mladih njihovim kulturnim pravima.<\/p>\n<p>Djeca i mladi su u ve\u0107ini dru\u0161tava marginalizirani zbog svoje dobi: njihova ovisnost o odraslima za skloni\u0161te, sigurnost i hranu \u010desto zna\u010di da su njihova mo\u0107, kontrola i izbor ograni\u010deni. To je posebno izra\u017eeno kada je rije\u010d o pristupu kulturi. Ako promatramo djecu i mlade kao kulturne gra\u0111ane, jasno je da njihovo pravo na pristup umjetnosti postoji od trenutka kada do\u0111u na svijet.<\/p>\n<p>Znamo da pristup kazali\u0161tu i izvedbenim umjetnostima za djecu i mlade postaje sve te\u017ei u mnogim dijelovima svijeta \u2013 zbog nedostatka kulturnih politika, smanjenja ili ukidanja financiranja kulture, minimiziranja ili uklanjanja umjetnosti iz obrazovnih sustava, ali i zbog uru\u0161avanja uklju\u010divih dru\u0161tava uzrokovanih ratom, katastrofama ili ideologijama vlada. Zbog toga na\u0161 posao postaje jo\u0161 va\u017eniji, a potreba za onim \u0161to nudimo sve ve\u0107a.<\/p>\n<p>Ono \u0161to nudimo su zajedni\u010dka iskustva u kojima stranci sjede jedni pored drugih u zajednici, do\u017eivljavaju\u0107i zajedno djela stvorena za, s i od strane djece i mladih \u2013 djela koja otvaraju umove i srca, omogu\u0107uju razli\u010dite interpretacije te dopu\u0161taju individualni izraz i osje\u0107aje.<\/p>\n<p>Kazali\u0161te i izvedbene umjetnosti vode svaku osobu, bez obzira na dob, u svijet pri\u010da \u2013 pri\u010da o nama i na\u0161oj ljudskosti, na\u0161oj ranjivosti i snazi. A ljudima je svugdje potrebno podsje\u0107anje na na\u0161u zajedni\u010dku ljudskost.<\/p>\n<p><img loading=\"lazy\" class=\"alignnone size-medium wp-image-16736\" src=\"https:\/\/www.gkl-rijeka.hr\/wp-content\/uploads\/2025\/03\/LOGO_Svjetski-dan-kazalista-za-djecu-i-mlade_horizontal-1024x365.png\" alt=\"\" width=\"1024\" height=\"365\" srcset=\"https:\/\/www.gkl-rijeka.hr\/wp-content\/uploads\/2025\/03\/LOGO_Svjetski-dan-kazalista-za-djecu-i-mlade_horizontal-1024x365.png 1024w, https:\/\/www.gkl-rijeka.hr\/wp-content\/uploads\/2025\/03\/LOGO_Svjetski-dan-kazalista-za-djecu-i-mlade_horizontal-1920x685.png 1920w, https:\/\/www.gkl-rijeka.hr\/wp-content\/uploads\/2025\/03\/LOGO_Svjetski-dan-kazalista-za-djecu-i-mlade_horizontal-800x285.png 800w, https:\/\/www.gkl-rijeka.hr\/wp-content\/uploads\/2025\/03\/LOGO_Svjetski-dan-kazalista-za-djecu-i-mlade_horizontal-1536x548.png 1536w, https:\/\/www.gkl-rijeka.hr\/wp-content\/uploads\/2025\/03\/LOGO_Svjetski-dan-kazalista-za-djecu-i-mlade_horizontal-2048x731.png 2048w, https:\/\/www.gkl-rijeka.hr\/wp-content\/uploads\/2025\/03\/LOGO_Svjetski-dan-kazalista-za-djecu-i-mlade_horizontal-1080x385.png 1080w\" sizes=\"(max-width: 1024px) 100vw, 1024px\" \/><\/p>\n<p>&nbsp;<\/p>\n<p>&nbsp;<\/p>\n","protected":false},"excerpt":{"rendered":"<p>Na dan 20.3., Svjetski dan kazali\u0161ta za djecu i mlade po\u010deo se obilje\u017eavati od 2001. godine, a od 2012. godine koristi se slogan \u201cPovedite dijete u kazali\u0161te\u201d. Poziv je to na akciju kako bi u\u010dinili umjetnost dostupniju djeci i mladima. Hrvatsku poruku ove godine napisao je kazali\u0161ni kriti\u010dar i teatrolog Igor Tretinjak. Neodoljiv most izme\u0111u [&hellip;]<\/p>\n","protected":false},"author":1,"featured_media":16737,"comment_status":"closed","ping_status":"closed","sticky":false,"template":"","format":"standard","meta":{"spay_email":""},"categories":[3],"tags":[],"jetpack_featured_media_url":"https:\/\/www.gkl-rijeka.hr\/wp-content\/uploads\/2025\/03\/LOGO_Svjetski-dan-kazalista-za-djecu-i-mlade_Vertical-e1742476189429.png?wsr","yoast_head":"<!-- This site is optimized with the Yoast SEO plugin v15.1.1 - https:\/\/yoast.com\/wordpress\/plugins\/seo\/ -->\n<meta name=\"robots\" content=\"index, follow, max-snippet:-1, max-image-preview:large, max-video-preview:-1\" \/>\n<link rel=\"canonical\" href=\"https:\/\/www.gkl-rijeka.hr\/index.php\/svjetski-dan-kazalista-za-djecu-i-mlade-2\/\" \/>\n<meta property=\"og:locale\" content=\"en_US\" \/>\n<meta property=\"og:type\" content=\"article\" \/>\n<meta property=\"og:title\" content=\"SVJETSKI DAN KAZALI\u0160TA ZA DJECU I MLADE - Gradsko kazali\u0161te lutaka Rijeka\" \/>\n<meta property=\"og:description\" content=\"Na dan 20.3., Svjetski dan kazali\u0161ta za djecu i mlade po\u010deo se obilje\u017eavati od 2001. godine, a od 2012. godine koristi se slogan \u201cPovedite dijete u kazali\u0161te\u201d. Poziv je to na akciju kako bi u\u010dinili umjetnost dostupniju djeci i mladima. Hrvatsku poruku ove godine napisao je kazali\u0161ni kriti\u010dar i teatrolog Igor Tretinjak. Neodoljiv most izme\u0111u [&hellip;]\" \/>\n<meta property=\"og:url\" content=\"https:\/\/www.gkl-rijeka.hr\/index.php\/svjetski-dan-kazalista-za-djecu-i-mlade-2\/\" \/>\n<meta property=\"og:site_name\" content=\"Gradsko kazali\u0161te lutaka Rijeka\" \/>\n<meta property=\"article:publisher\" content=\"https:\/\/www.facebook.com\/gkl.rijeka\" \/>\n<meta property=\"article:published_time\" content=\"2025-03-20T13:07:33+00:00\" \/>\n<meta property=\"article:modified_time\" content=\"2025-03-20T13:17:33+00:00\" \/>\n<meta property=\"og:image\" content=\"https:\/\/www.gkl-rijeka.hr\/wp-content\/uploads\/2025\/03\/LOGO_Svjetski-dan-kazalista-za-djecu-i-mlade_Vertical-e1742476189429.png?wsr\" \/>\n\t<meta property=\"og:image:width\" content=\"3045\" \/>\n\t<meta property=\"og:image:height\" content=\"2597\" \/>\n<meta property=\"fb:app_id\" content=\"368762594246882\" \/>\n<meta name=\"twitter:card\" content=\"summary\" \/>\n<script type=\"application\/ld+json\" class=\"yoast-schema-graph\">{\"@context\":\"https:\/\/schema.org\",\"@graph\":[{\"@type\":\"Organization\",\"@id\":\"https:\/\/www.gkl-rijeka.hr\/#organization\",\"name\":\"Gradsko kazali\\u0161te lutaka Rijeka\",\"url\":\"https:\/\/www.gkl-rijeka.hr\/\",\"sameAs\":[\"https:\/\/www.facebook.com\/gkl.rijeka\"],\"logo\":{\"@type\":\"ImageObject\",\"@id\":\"https:\/\/www.gkl-rijeka.hr\/#logo\",\"inLanguage\":\"en-US\",\"url\":\"https:\/\/www.gkl-rijeka.hr\/wp-content\/uploads\/2020\/10\/logo_boja_01.png?wsr\",\"width\":209,\"height\":280,\"caption\":\"Gradsko kazali\\u0161te lutaka Rijeka\"},\"image\":{\"@id\":\"https:\/\/www.gkl-rijeka.hr\/#logo\"}},{\"@type\":\"WebSite\",\"@id\":\"https:\/\/www.gkl-rijeka.hr\/#website\",\"url\":\"https:\/\/www.gkl-rijeka.hr\/\",\"name\":\"Gradsko kazali\\u0161te lutaka Rijeka\",\"description\":\"\",\"publisher\":{\"@id\":\"https:\/\/www.gkl-rijeka.hr\/#organization\"},\"potentialAction\":[{\"@type\":\"SearchAction\",\"target\":\"https:\/\/www.gkl-rijeka.hr\/?s={search_term_string}\",\"query-input\":\"required name=search_term_string\"}],\"inLanguage\":\"en-US\"},{\"@type\":\"ImageObject\",\"@id\":\"https:\/\/www.gkl-rijeka.hr\/index.php\/svjetski-dan-kazalista-za-djecu-i-mlade-2\/#primaryimage\",\"inLanguage\":\"en-US\",\"url\":\"https:\/\/www.gkl-rijeka.hr\/wp-content\/uploads\/2025\/03\/LOGO_Svjetski-dan-kazalista-za-djecu-i-mlade_Vertical-e1742476189429.png?wsr\",\"width\":3045,\"height\":2597},{\"@type\":\"WebPage\",\"@id\":\"https:\/\/www.gkl-rijeka.hr\/index.php\/svjetski-dan-kazalista-za-djecu-i-mlade-2\/#webpage\",\"url\":\"https:\/\/www.gkl-rijeka.hr\/index.php\/svjetski-dan-kazalista-za-djecu-i-mlade-2\/\",\"name\":\"SVJETSKI DAN KAZALI\\u0160TA ZA DJECU I MLADE - Gradsko kazali\\u0161te lutaka Rijeka\",\"isPartOf\":{\"@id\":\"https:\/\/www.gkl-rijeka.hr\/#website\"},\"primaryImageOfPage\":{\"@id\":\"https:\/\/www.gkl-rijeka.hr\/index.php\/svjetski-dan-kazalista-za-djecu-i-mlade-2\/#primaryimage\"},\"datePublished\":\"2025-03-20T13:07:33+00:00\",\"dateModified\":\"2025-03-20T13:17:33+00:00\",\"inLanguage\":\"en-US\",\"potentialAction\":[{\"@type\":\"ReadAction\",\"target\":[\"https:\/\/www.gkl-rijeka.hr\/index.php\/svjetski-dan-kazalista-za-djecu-i-mlade-2\/\"]}]},{\"@type\":\"Article\",\"@id\":\"https:\/\/www.gkl-rijeka.hr\/index.php\/svjetski-dan-kazalista-za-djecu-i-mlade-2\/#article\",\"isPartOf\":{\"@id\":\"https:\/\/www.gkl-rijeka.hr\/index.php\/svjetski-dan-kazalista-za-djecu-i-mlade-2\/#webpage\"},\"author\":{\"@id\":\"https:\/\/www.gkl-rijeka.hr\/#\/schema\/person\/3d9f7620db983ddf36e45ccae28c8651\"},\"headline\":\"SVJETSKI DAN KAZALI\\u0160TA ZA DJECU I MLADE\",\"datePublished\":\"2025-03-20T13:07:33+00:00\",\"dateModified\":\"2025-03-20T13:17:33+00:00\",\"mainEntityOfPage\":{\"@id\":\"https:\/\/www.gkl-rijeka.hr\/index.php\/svjetski-dan-kazalista-za-djecu-i-mlade-2\/#webpage\"},\"publisher\":{\"@id\":\"https:\/\/www.gkl-rijeka.hr\/#organization\"},\"image\":{\"@id\":\"https:\/\/www.gkl-rijeka.hr\/index.php\/svjetski-dan-kazalista-za-djecu-i-mlade-2\/#primaryimage\"},\"articleSection\":\"Novosti\",\"inLanguage\":\"en-US\"},{\"@type\":\"Person\",\"@id\":\"https:\/\/www.gkl-rijeka.hr\/#\/schema\/person\/3d9f7620db983ddf36e45ccae28c8651\",\"name\":\"Marin\",\"image\":{\"@type\":\"ImageObject\",\"@id\":\"https:\/\/www.gkl-rijeka.hr\/#personlogo\",\"inLanguage\":\"en-US\",\"url\":\"https:\/\/secure.gravatar.com\/avatar\/9ba8e90e29bf7b5691a75673ed86bcba?s=96&d=mm&r=g\",\"caption\":\"Marin\"}}]}<\/script>\n<!-- \/ Yoast SEO plugin. -->","_links":{"self":[{"href":"https:\/\/www.gkl-rijeka.hr\/index.php\/wp-json\/wp\/v2\/posts\/16735"}],"collection":[{"href":"https:\/\/www.gkl-rijeka.hr\/index.php\/wp-json\/wp\/v2\/posts"}],"about":[{"href":"https:\/\/www.gkl-rijeka.hr\/index.php\/wp-json\/wp\/v2\/types\/post"}],"author":[{"embeddable":true,"href":"https:\/\/www.gkl-rijeka.hr\/index.php\/wp-json\/wp\/v2\/users\/1"}],"replies":[{"embeddable":true,"href":"https:\/\/www.gkl-rijeka.hr\/index.php\/wp-json\/wp\/v2\/comments?post=16735"}],"version-history":[{"count":6,"href":"https:\/\/www.gkl-rijeka.hr\/index.php\/wp-json\/wp\/v2\/posts\/16735\/revisions"}],"predecessor-version":[{"id":16743,"href":"https:\/\/www.gkl-rijeka.hr\/index.php\/wp-json\/wp\/v2\/posts\/16735\/revisions\/16743"}],"wp:featuredmedia":[{"embeddable":true,"href":"https:\/\/www.gkl-rijeka.hr\/index.php\/wp-json\/wp\/v2\/media\/16737"}],"wp:attachment":[{"href":"https:\/\/www.gkl-rijeka.hr\/index.php\/wp-json\/wp\/v2\/media?parent=16735"}],"wp:term":[{"taxonomy":"category","embeddable":true,"href":"https:\/\/www.gkl-rijeka.hr\/index.php\/wp-json\/wp\/v2\/categories?post=16735"},{"taxonomy":"post_tag","embeddable":true,"href":"https:\/\/www.gkl-rijeka.hr\/index.php\/wp-json\/wp\/v2\/tags?post=16735"}],"curies":[{"name":"wp","href":"https:\/\/api.w.org\/{rel}","templated":true}]}}