{"id":16821,"date":"2025-03-28T14:23:32","date_gmt":"2025-03-28T14:23:32","guid":{"rendered":"https:\/\/www.gkl-rijeka.hr\/?p=16821"},"modified":"2025-03-28T14:23:32","modified_gmt":"2025-03-28T14:23:32","slug":"najdugovjecnija-predstava-gkl-rijeka-tri-prascica","status":"publish","type":"post","link":"https:\/\/www.gkl-rijeka.hr\/index.php\/najdugovjecnija-predstava-gkl-rijeka-tri-prascica\/","title":{"rendered":"Najdugovje\u010dnija predstava GKL Rijeka &#8211; &#8220;Tri pra\u0161\u010di\u0107a&#8221;"},"content":{"rendered":"<div class=\"et_pb_column et_pb_column_4_4 et_pb_column_0\">\n<div class=\"et_pb_text et_pb_module et_pb_bg_layout_light et_pb_text_align_left  et_pb_text_0\">\n<h1 style=\"text-align: center;\">Najdugovje\u010dnija predstava Gradskog kazali\u0161ta lutaka Rijeka \u2013 \u201cTri pra\u0161\u010di\u0107a\u201d<\/h1>\n<p>Predstava \u201cTri pra\u0161\u010di\u0107a\u201d najdugovje\u010dnija je i najizvo\u0111enija predstava Gradskog kazali\u0161ta lutaka Rijeka, s premijerom davne 1977.godine. Ova klasi\u010dna pri\u010da o tri pra\u0161\u010di\u0107a i opasnom vuku, koja promovira rad, zajedni\u0161tvo i snala\u017eljivost, odu\u0161evljava publiku ve\u0107 desetlje\u0107ima.<\/p>\n<p>Danas, 2025. godine, ansambl kazali\u0161ta s ponosom nastavlja ovu tradiciju, izvode\u0107i predstavu s istim \u017earom i predano\u0161\u0107u kao i njihovi prethodnici. Ova kontinuirana izvedba svjedo\u010di o bezvremenosti pri\u010de i njenoj sposobnosti da zabavi i pou\u010di nove generacije.<\/p>\n<p>&nbsp;<\/p>\n<p>Na prvoj fotografiji\u00a0 ansambl iz 1977. godine:<\/p>\n<div class=\"x11i5rnm xat24cr x1mh8g0r x1vvkbs xtlvy1s x126k92a\">\n<ul>\n<li dir=\"auto\">Nenad Vukeli\u0107<\/li>\n<li dir=\"auto\">Maja Vu\u010demil<\/li>\n<li dir=\"auto\">Vera Kosier<\/li>\n<li dir=\"auto\">Zdenka Markovi\u0107<\/li>\n<li dir=\"auto\">Josip Pichler<\/li>\n<\/ul>\n<\/div>\n<\/div>\n<\/div>\n<p><img loading=\"lazy\" class=\"alignnone  wp-image-16755\" src=\"https:\/\/www.gkl-rijeka.hr\/wp-content\/uploads\/2025\/03\/prascici-se-vuka-ne-boje-77.jpg\" alt=\"\" width=\"587\" height=\"448\" srcset=\"https:\/\/www.gkl-rijeka.hr\/wp-content\/uploads\/2025\/03\/prascici-se-vuka-ne-boje-77.jpg 971w, https:\/\/www.gkl-rijeka.hr\/wp-content\/uploads\/2025\/03\/prascici-se-vuka-ne-boje-77-800x611.jpg 800w\" sizes=\"(max-width: 587px) 100vw, 587px\" \/><\/p>\n<div class=\"et_pb_column et_pb_column_4_4 et_pb_column_0\">\n<div class=\"et_pb_text et_pb_module et_pb_bg_layout_light et_pb_text_align_left  et_pb_text_0\">\n<div class=\"x11i5rnm xat24cr x1mh8g0r x1vvkbs xtlvy1s x126k92a\">\n<div dir=\"auto\">Na drugoj fotografiji ansambl iz 2025. koji s istim \u017earom nastavlja ovu predivnu tradiciju:<\/div>\n<ul>\n<li dir=\"auto\">Alex \u0110akovi\u0107<\/li>\n<li dir=\"auto\">Karin Fr\u00f6hlich<\/li>\n<li dir=\"auto\">Almira \u0160tifani\u0107<\/li>\n<li dir=\"auto\">Andrea \u0160pindel<\/li>\n<li dir=\"auto\">Zlatko Vici\u0107<\/li>\n<\/ul>\n<\/div>\n<h3><\/h3>\n<\/div>\n<\/div>\n<p><img loading=\"lazy\" class=\"wp-image-16756 alignleft\" src=\"https:\/\/www.gkl-rijeka.hr\/wp-content\/uploads\/2025\/03\/IMG_20250320_103311-1024x768.jpg\" alt=\"\" width=\"592\" height=\"444\" srcset=\"https:\/\/www.gkl-rijeka.hr\/wp-content\/uploads\/2025\/03\/IMG_20250320_103311-1024x768.jpg 1024w, https:\/\/www.gkl-rijeka.hr\/wp-content\/uploads\/2025\/03\/IMG_20250320_103311-1920x1440.jpg 1920w, https:\/\/www.gkl-rijeka.hr\/wp-content\/uploads\/2025\/03\/IMG_20250320_103311-800x600.jpg 800w, https:\/\/www.gkl-rijeka.hr\/wp-content\/uploads\/2025\/03\/IMG_20250320_103311-1536x1152.jpg 1536w, https:\/\/www.gkl-rijeka.hr\/wp-content\/uploads\/2025\/03\/IMG_20250320_103311-2048x1536.jpg 2048w, https:\/\/www.gkl-rijeka.hr\/wp-content\/uploads\/2025\/03\/IMG_20250320_103311-1080x810.jpg 1080w\" sizes=\"(max-width: 592px) 100vw, 592px\" \/><\/p>\n<p>&nbsp;<\/p>\n<p>&nbsp;<\/p>\n","protected":false},"excerpt":{"rendered":"<p>Najdugovje\u010dnija predstava Gradskog kazali\u0161ta lutaka Rijeka \u2013 \u201cTri pra\u0161\u010di\u0107a\u201d Predstava \u201cTri pra\u0161\u010di\u0107a\u201d najdugovje\u010dnija je i najizvo\u0111enija predstava Gradskog kazali\u0161ta lutaka Rijeka, s premijerom davne 1977.godine. Ova klasi\u010dna pri\u010da o tri pra\u0161\u010di\u0107a i opasnom vuku, koja promovira rad, zajedni\u0161tvo i snala\u017eljivost, odu\u0161evljava publiku ve\u0107 desetlje\u0107ima. Danas, 2025. godine, ansambl kazali\u0161ta s ponosom nastavlja ovu tradiciju, izvode\u0107i [&hellip;]<\/p>\n","protected":false},"author":1,"featured_media":0,"comment_status":"closed","ping_status":"closed","sticky":false,"template":"","format":"standard","meta":{"spay_email":""},"categories":[3],"tags":[],"jetpack_featured_media_url":"","yoast_head":"<!-- This site is optimized with the Yoast SEO plugin v15.1.1 - https:\/\/yoast.com\/wordpress\/plugins\/seo\/ -->\n<meta name=\"robots\" content=\"index, follow, max-snippet:-1, max-image-preview:large, max-video-preview:-1\" \/>\n<link rel=\"canonical\" href=\"https:\/\/www.gkl-rijeka.hr\/index.php\/najdugovjecnija-predstava-gkl-rijeka-tri-prascica\/\" \/>\n<meta property=\"og:locale\" content=\"en_US\" \/>\n<meta property=\"og:type\" content=\"article\" \/>\n<meta property=\"og:title\" content=\"Najdugovje\u010dnija predstava GKL Rijeka - &quot;Tri pra\u0161\u010di\u0107a&quot; - Gradsko kazali\u0161te lutaka Rijeka\" \/>\n<meta property=\"og:description\" content=\"Najdugovje\u010dnija predstava Gradskog kazali\u0161ta lutaka Rijeka \u2013 \u201cTri pra\u0161\u010di\u0107a\u201d Predstava \u201cTri pra\u0161\u010di\u0107a\u201d najdugovje\u010dnija je i najizvo\u0111enija predstava Gradskog kazali\u0161ta lutaka Rijeka, s premijerom davne 1977.godine. Ova klasi\u010dna pri\u010da o tri pra\u0161\u010di\u0107a i opasnom vuku, koja promovira rad, zajedni\u0161tvo i snala\u017eljivost, odu\u0161evljava publiku ve\u0107 desetlje\u0107ima. Danas, 2025. godine, ansambl kazali\u0161ta s ponosom nastavlja ovu tradiciju, izvode\u0107i [&hellip;]\" \/>\n<meta property=\"og:url\" content=\"https:\/\/www.gkl-rijeka.hr\/index.php\/najdugovjecnija-predstava-gkl-rijeka-tri-prascica\/\" \/>\n<meta property=\"og:site_name\" content=\"Gradsko kazali\u0161te lutaka Rijeka\" \/>\n<meta property=\"article:publisher\" content=\"https:\/\/www.facebook.com\/gkl.rijeka\" \/>\n<meta property=\"article:published_time\" content=\"2025-03-28T14:23:32+00:00\" \/>\n<meta property=\"og:image\" content=\"https:\/\/www.gkl-rijeka.hr\/wp-content\/uploads\/2025\/03\/prascici-se-vuka-ne-boje-77.jpg\" \/>\n<meta property=\"fb:app_id\" content=\"368762594246882\" \/>\n<meta name=\"twitter:card\" content=\"summary\" \/>\n<script type=\"application\/ld+json\" class=\"yoast-schema-graph\">{\"@context\":\"https:\/\/schema.org\",\"@graph\":[{\"@type\":\"Organization\",\"@id\":\"https:\/\/www.gkl-rijeka.hr\/#organization\",\"name\":\"Gradsko kazali\\u0161te lutaka Rijeka\",\"url\":\"https:\/\/www.gkl-rijeka.hr\/\",\"sameAs\":[\"https:\/\/www.facebook.com\/gkl.rijeka\"],\"logo\":{\"@type\":\"ImageObject\",\"@id\":\"https:\/\/www.gkl-rijeka.hr\/#logo\",\"inLanguage\":\"en-US\",\"url\":\"https:\/\/www.gkl-rijeka.hr\/wp-content\/uploads\/2020\/10\/logo_boja_01.png?wsr\",\"width\":209,\"height\":280,\"caption\":\"Gradsko kazali\\u0161te lutaka Rijeka\"},\"image\":{\"@id\":\"https:\/\/www.gkl-rijeka.hr\/#logo\"}},{\"@type\":\"WebSite\",\"@id\":\"https:\/\/www.gkl-rijeka.hr\/#website\",\"url\":\"https:\/\/www.gkl-rijeka.hr\/\",\"name\":\"Gradsko kazali\\u0161te lutaka Rijeka\",\"description\":\"\",\"publisher\":{\"@id\":\"https:\/\/www.gkl-rijeka.hr\/#organization\"},\"potentialAction\":[{\"@type\":\"SearchAction\",\"target\":\"https:\/\/www.gkl-rijeka.hr\/?s={search_term_string}\",\"query-input\":\"required name=search_term_string\"}],\"inLanguage\":\"en-US\"},{\"@type\":\"ImageObject\",\"@id\":\"https:\/\/www.gkl-rijeka.hr\/index.php\/najdugovjecnija-predstava-gkl-rijeka-tri-prascica\/#primaryimage\",\"inLanguage\":\"en-US\",\"url\":\"https:\/\/www.gkl-rijeka.hr\/wp-content\/uploads\/2025\/03\/prascici-se-vuka-ne-boje-77.jpg?wsr\",\"width\":971,\"height\":742},{\"@type\":\"WebPage\",\"@id\":\"https:\/\/www.gkl-rijeka.hr\/index.php\/najdugovjecnija-predstava-gkl-rijeka-tri-prascica\/#webpage\",\"url\":\"https:\/\/www.gkl-rijeka.hr\/index.php\/najdugovjecnija-predstava-gkl-rijeka-tri-prascica\/\",\"name\":\"Najdugovje\\u010dnija predstava GKL Rijeka - \\\"Tri pra\\u0161\\u010di\\u0107a\\\" - Gradsko kazali\\u0161te lutaka Rijeka\",\"isPartOf\":{\"@id\":\"https:\/\/www.gkl-rijeka.hr\/#website\"},\"primaryImageOfPage\":{\"@id\":\"https:\/\/www.gkl-rijeka.hr\/index.php\/najdugovjecnija-predstava-gkl-rijeka-tri-prascica\/#primaryimage\"},\"datePublished\":\"2025-03-28T14:23:32+00:00\",\"dateModified\":\"2025-03-28T14:23:32+00:00\",\"inLanguage\":\"en-US\",\"potentialAction\":[{\"@type\":\"ReadAction\",\"target\":[\"https:\/\/www.gkl-rijeka.hr\/index.php\/najdugovjecnija-predstava-gkl-rijeka-tri-prascica\/\"]}]},{\"@type\":\"Article\",\"@id\":\"https:\/\/www.gkl-rijeka.hr\/index.php\/najdugovjecnija-predstava-gkl-rijeka-tri-prascica\/#article\",\"isPartOf\":{\"@id\":\"https:\/\/www.gkl-rijeka.hr\/index.php\/najdugovjecnija-predstava-gkl-rijeka-tri-prascica\/#webpage\"},\"author\":{\"@id\":\"https:\/\/www.gkl-rijeka.hr\/#\/schema\/person\/3d9f7620db983ddf36e45ccae28c8651\"},\"headline\":\"Najdugovje\\u010dnija predstava GKL Rijeka &#8211; &#8220;Tri pra\\u0161\\u010di\\u0107a&#8221;\",\"datePublished\":\"2025-03-28T14:23:32+00:00\",\"dateModified\":\"2025-03-28T14:23:32+00:00\",\"mainEntityOfPage\":{\"@id\":\"https:\/\/www.gkl-rijeka.hr\/index.php\/najdugovjecnija-predstava-gkl-rijeka-tri-prascica\/#webpage\"},\"publisher\":{\"@id\":\"https:\/\/www.gkl-rijeka.hr\/#organization\"},\"image\":{\"@id\":\"https:\/\/www.gkl-rijeka.hr\/index.php\/najdugovjecnija-predstava-gkl-rijeka-tri-prascica\/#primaryimage\"},\"articleSection\":\"Novosti\",\"inLanguage\":\"en-US\"},{\"@type\":\"Person\",\"@id\":\"https:\/\/www.gkl-rijeka.hr\/#\/schema\/person\/3d9f7620db983ddf36e45ccae28c8651\",\"name\":\"Marin\",\"image\":{\"@type\":\"ImageObject\",\"@id\":\"https:\/\/www.gkl-rijeka.hr\/#personlogo\",\"inLanguage\":\"en-US\",\"url\":\"https:\/\/secure.gravatar.com\/avatar\/9ba8e90e29bf7b5691a75673ed86bcba?s=96&d=mm&r=g\",\"caption\":\"Marin\"}}]}<\/script>\n<!-- \/ Yoast SEO plugin. -->","_links":{"self":[{"href":"https:\/\/www.gkl-rijeka.hr\/index.php\/wp-json\/wp\/v2\/posts\/16821"}],"collection":[{"href":"https:\/\/www.gkl-rijeka.hr\/index.php\/wp-json\/wp\/v2\/posts"}],"about":[{"href":"https:\/\/www.gkl-rijeka.hr\/index.php\/wp-json\/wp\/v2\/types\/post"}],"author":[{"embeddable":true,"href":"https:\/\/www.gkl-rijeka.hr\/index.php\/wp-json\/wp\/v2\/users\/1"}],"replies":[{"embeddable":true,"href":"https:\/\/www.gkl-rijeka.hr\/index.php\/wp-json\/wp\/v2\/comments?post=16821"}],"version-history":[{"count":8,"href":"https:\/\/www.gkl-rijeka.hr\/index.php\/wp-json\/wp\/v2\/posts\/16821\/revisions"}],"predecessor-version":[{"id":16829,"href":"https:\/\/www.gkl-rijeka.hr\/index.php\/wp-json\/wp\/v2\/posts\/16821\/revisions\/16829"}],"wp:attachment":[{"href":"https:\/\/www.gkl-rijeka.hr\/index.php\/wp-json\/wp\/v2\/media?parent=16821"}],"wp:term":[{"taxonomy":"category","embeddable":true,"href":"https:\/\/www.gkl-rijeka.hr\/index.php\/wp-json\/wp\/v2\/categories?post=16821"},{"taxonomy":"post_tag","embeddable":true,"href":"https:\/\/www.gkl-rijeka.hr\/index.php\/wp-json\/wp\/v2\/tags?post=16821"}],"curies":[{"name":"wp","href":"https:\/\/api.w.org\/{rel}","templated":true}]}}