{"id":16846,"date":"2025-04-07T13:31:44","date_gmt":"2025-04-07T13:31:44","guid":{"rendered":"https:\/\/www.gkl-rijeka.hr\/?p=16846"},"modified":"2025-04-07T13:31:44","modified_gmt":"2025-04-07T13:31:44","slug":"30-lutkarsko-proljece","status":"publish","type":"post","link":"https:\/\/www.gkl-rijeka.hr\/index.php\/30-lutkarsko-proljece\/","title":{"rendered":"30. Lutkarsko prolje\u0107e u Vukovarsko &#8211; srijemskoj \u017eupaniji"},"content":{"rendered":"<div class=\"et_pb_column et_pb_column_4_4 et_pb_column_0\">\n<div class=\"et_pb_text et_pb_module et_pb_bg_layout_light et_pb_text_align_left et_pb_text_0\">\n<div class=\"x11i5rnm xat24cr x1mh8g0r x1vvkbs xtlvy1s x126k92a\">\n<p><strong>Rijeka, 07.04.2025.<\/strong><\/p>\n<h1><strong>\u00a0<\/strong><\/h1>\n<h1><strong>Gradsko kazali\u0161te lutaka Rijeka otvorilo 30. Lutkarsko prolje\u0107e u Vinkovcima s predstavom \u201eAvanture maloga Juju\u201c<\/strong><\/h1>\n<p>&nbsp;<\/p>\n<p>Jubilarno <strong>30. Lutkarsko prolje\u0107e<\/strong> u Vukovarsko-srijemskoj \u017eupaniji sve\u010dano je otvoreno danas u podne u Gradskom kazali\u0161tu Joze Ivaki\u0107a u Vinkovcima, a \u010dast da otvore ovo presti\u017eno doga\u0111anje pripala je rije\u010dkom Gradskom kazali\u0161tu lutaka. Festival je otvoren uz izvedbu popularne predstave <strong>\u201eAvanture maloga Juju\u201c<\/strong>, koja je odu\u0161evila mnogobrojnu publiku.<\/p>\n<p><strong>\u201eAvanture maloga Juju\u201c<\/strong> je autorska predstava koju je re\u017eirala <strong>Renata Carola Gatica<\/strong>, uz glazbu Ivane \u0110ule, temelji se na poznatoj pjesmi istog naziva autora \u017darka Roje i Petra Bergama. Predstava donosi veselu i ritmi\u010dnu pri\u010du o malom Juju, dje\u010daku koji je velik kao palac, poznaje sve \u017eivotinje i razgovara njihovim jezicima, ali se boji krokodila. Kroz igru, glazbu i ples, predstava istra\u017euje teme straha, odrastanja i hrabrosti, poti\u010du\u0107i djecu da se suo\u010de sa svojim strahovima i nau\u010de ih prevladati.<\/p>\n<p>Predstava \u0107e, osim u Vinkovcima, biti izvedena i u <strong data-start=\"1180\" data-end=\"1188\">Otok<\/strong>u te <strong data-start=\"1193\" data-end=\"1205\">Vukovaru<\/strong>, gdje \u0107e \u00a0gledatelji imati priliku upoznati Juju-a i njegov svijet pun ma\u0161te.<\/p>\n<p>Za najmla\u0111e gledatelje od 3+ godine, predstava nudi bogatstvo glazbenih i vizualnih elemenata, a na sceni su nastupali Andrea \u0160pindel, Tilen Ko\u017eamelj, Damir Orli\u0107, David Petrovi\u0107 i Zlatko Vici\u0107. Scenografiju, objekte i kostime osmislila je Alena Pavlovi\u0107, dok je oblikovanje svjetla povjereno Sanjinu Ser\u0161i\u0107u, a za scenski pokret zaslu\u017ean je Damian Cortes Alberti.<\/p>\n<p>Lutkarsko prolje\u0107e ove godine okuplja 16 kazali\u0161ta iz Hrvatske i dijaspore, koja \u0107e izvesti 80 predstava u 5 gradova, 22 op\u0107ine i 10 mjesta u Vukovarsko-srijemskoj \u017eupaniji, a \u0161est predstava bit \u0107e izvedeno i u Bosni i Hercegovini. Festival je okupio brojne ljubitelje lutkarskog kazali\u0161ta i potvr\u0111uje svoju va\u017enost kao klju\u010dna kulturna manifestacija u regiji.<\/p>\n<p>Gradsko kazali\u0161te lutaka Rijeka s ponosom je sudjelovalo u otvaranju ovog iznimnog jubileja, koji je bio prava proslava lutkarskog kazali\u0161ta, umjetnosti za djecu i obitelj, te zajedni\u010dkog kulturnog stvarala\u0161tva.<\/p>\n<\/div>\n<\/div>\n<\/div>\n<p>&nbsp;<\/p>\n<div class=\"et_pb_column et_pb_column_4_4 et_pb_column_0\">\n<div class=\"et_pb_text et_pb_module et_pb_bg_layout_light et_pb_text_align_left et_pb_text_0\">\n<div class=\"x11i5rnm xat24cr x1mh8g0r x1vvkbs xtlvy1s x126k92a\"><\/div>\n<h3><\/h3>\n<\/div>\n<\/div>\n<p>&nbsp;<\/p>\n","protected":false},"excerpt":{"rendered":"<p>Rijeka, 07.04.2025. \u00a0 Gradsko kazali\u0161te lutaka Rijeka otvorilo 30. Lutkarsko prolje\u0107e u Vinkovcima s predstavom \u201eAvanture maloga Juju\u201c &nbsp; Jubilarno 30. Lutkarsko prolje\u0107e u Vukovarsko-srijemskoj \u017eupaniji sve\u010dano je otvoreno danas u podne u Gradskom kazali\u0161tu Joze Ivaki\u0107a u Vinkovcima, a \u010dast da otvore ovo presti\u017eno doga\u0111anje pripala je rije\u010dkom Gradskom kazali\u0161tu lutaka. Festival je otvoren [&hellip;]<\/p>\n","protected":false},"author":1,"featured_media":16776,"comment_status":"closed","ping_status":"closed","sticky":false,"template":"","format":"standard","meta":{"spay_email":""},"categories":[3],"tags":[],"jetpack_featured_media_url":"https:\/\/www.gkl-rijeka.hr\/wp-content\/uploads\/2025\/03\/Juju_33.jpg?wsr","yoast_head":"<!-- This site is optimized with the Yoast SEO plugin v15.1.1 - https:\/\/yoast.com\/wordpress\/plugins\/seo\/ -->\n<meta name=\"robots\" content=\"index, follow, max-snippet:-1, max-image-preview:large, max-video-preview:-1\" \/>\n<link rel=\"canonical\" href=\"https:\/\/www.gkl-rijeka.hr\/index.php\/30-lutkarsko-proljece\/\" \/>\n<meta property=\"og:locale\" content=\"en_US\" \/>\n<meta property=\"og:type\" content=\"article\" \/>\n<meta property=\"og:title\" content=\"30. Lutkarsko prolje\u0107e u Vukovarsko - srijemskoj \u017eupaniji - Gradsko kazali\u0161te lutaka Rijeka\" \/>\n<meta property=\"og:description\" content=\"Rijeka, 07.04.2025. \u00a0 Gradsko kazali\u0161te lutaka Rijeka otvorilo 30. Lutkarsko prolje\u0107e u Vinkovcima s predstavom \u201eAvanture maloga Juju\u201c &nbsp; Jubilarno 30. Lutkarsko prolje\u0107e u Vukovarsko-srijemskoj \u017eupaniji sve\u010dano je otvoreno danas u podne u Gradskom kazali\u0161tu Joze Ivaki\u0107a u Vinkovcima, a \u010dast da otvore ovo presti\u017eno doga\u0111anje pripala je rije\u010dkom Gradskom kazali\u0161tu lutaka. Festival je otvoren [&hellip;]\" \/>\n<meta property=\"og:url\" content=\"https:\/\/www.gkl-rijeka.hr\/index.php\/30-lutkarsko-proljece\/\" \/>\n<meta property=\"og:site_name\" content=\"Gradsko kazali\u0161te lutaka Rijeka\" \/>\n<meta property=\"article:publisher\" content=\"https:\/\/www.facebook.com\/gkl.rijeka\" \/>\n<meta property=\"article:published_time\" content=\"2025-04-07T13:31:44+00:00\" \/>\n<meta property=\"og:image\" content=\"https:\/\/www.gkl-rijeka.hr\/wp-content\/uploads\/2025\/03\/Juju_33.jpg?wsr\" \/>\n\t<meta property=\"og:image:width\" content=\"1600\" \/>\n\t<meta property=\"og:image:height\" content=\"1067\" \/>\n<meta property=\"fb:app_id\" content=\"368762594246882\" \/>\n<meta name=\"twitter:card\" content=\"summary\" \/>\n<script type=\"application\/ld+json\" class=\"yoast-schema-graph\">{\"@context\":\"https:\/\/schema.org\",\"@graph\":[{\"@type\":\"Organization\",\"@id\":\"https:\/\/www.gkl-rijeka.hr\/#organization\",\"name\":\"Gradsko kazali\\u0161te lutaka Rijeka\",\"url\":\"https:\/\/www.gkl-rijeka.hr\/\",\"sameAs\":[\"https:\/\/www.facebook.com\/gkl.rijeka\"],\"logo\":{\"@type\":\"ImageObject\",\"@id\":\"https:\/\/www.gkl-rijeka.hr\/#logo\",\"inLanguage\":\"en-US\",\"url\":\"https:\/\/www.gkl-rijeka.hr\/wp-content\/uploads\/2020\/10\/logo_boja_01.png?wsr\",\"width\":209,\"height\":280,\"caption\":\"Gradsko kazali\\u0161te lutaka Rijeka\"},\"image\":{\"@id\":\"https:\/\/www.gkl-rijeka.hr\/#logo\"}},{\"@type\":\"WebSite\",\"@id\":\"https:\/\/www.gkl-rijeka.hr\/#website\",\"url\":\"https:\/\/www.gkl-rijeka.hr\/\",\"name\":\"Gradsko kazali\\u0161te lutaka Rijeka\",\"description\":\"\",\"publisher\":{\"@id\":\"https:\/\/www.gkl-rijeka.hr\/#organization\"},\"potentialAction\":[{\"@type\":\"SearchAction\",\"target\":\"https:\/\/www.gkl-rijeka.hr\/?s={search_term_string}\",\"query-input\":\"required name=search_term_string\"}],\"inLanguage\":\"en-US\"},{\"@type\":\"ImageObject\",\"@id\":\"https:\/\/www.gkl-rijeka.hr\/index.php\/30-lutkarsko-proljece\/#primaryimage\",\"inLanguage\":\"en-US\",\"url\":\"https:\/\/www.gkl-rijeka.hr\/wp-content\/uploads\/2025\/03\/Juju_33.jpg?wsr\",\"width\":1600,\"height\":1067},{\"@type\":\"WebPage\",\"@id\":\"https:\/\/www.gkl-rijeka.hr\/index.php\/30-lutkarsko-proljece\/#webpage\",\"url\":\"https:\/\/www.gkl-rijeka.hr\/index.php\/30-lutkarsko-proljece\/\",\"name\":\"30. Lutkarsko prolje\\u0107e u Vukovarsko - srijemskoj \\u017eupaniji - Gradsko kazali\\u0161te lutaka Rijeka\",\"isPartOf\":{\"@id\":\"https:\/\/www.gkl-rijeka.hr\/#website\"},\"primaryImageOfPage\":{\"@id\":\"https:\/\/www.gkl-rijeka.hr\/index.php\/30-lutkarsko-proljece\/#primaryimage\"},\"datePublished\":\"2025-04-07T13:31:44+00:00\",\"dateModified\":\"2025-04-07T13:31:44+00:00\",\"inLanguage\":\"en-US\",\"potentialAction\":[{\"@type\":\"ReadAction\",\"target\":[\"https:\/\/www.gkl-rijeka.hr\/index.php\/30-lutkarsko-proljece\/\"]}]},{\"@type\":\"Article\",\"@id\":\"https:\/\/www.gkl-rijeka.hr\/index.php\/30-lutkarsko-proljece\/#article\",\"isPartOf\":{\"@id\":\"https:\/\/www.gkl-rijeka.hr\/index.php\/30-lutkarsko-proljece\/#webpage\"},\"author\":{\"@id\":\"https:\/\/www.gkl-rijeka.hr\/#\/schema\/person\/3d9f7620db983ddf36e45ccae28c8651\"},\"headline\":\"30. Lutkarsko prolje\\u0107e u Vukovarsko &#8211; srijemskoj \\u017eupaniji\",\"datePublished\":\"2025-04-07T13:31:44+00:00\",\"dateModified\":\"2025-04-07T13:31:44+00:00\",\"mainEntityOfPage\":{\"@id\":\"https:\/\/www.gkl-rijeka.hr\/index.php\/30-lutkarsko-proljece\/#webpage\"},\"publisher\":{\"@id\":\"https:\/\/www.gkl-rijeka.hr\/#organization\"},\"image\":{\"@id\":\"https:\/\/www.gkl-rijeka.hr\/index.php\/30-lutkarsko-proljece\/#primaryimage\"},\"articleSection\":\"Novosti\",\"inLanguage\":\"en-US\"},{\"@type\":\"Person\",\"@id\":\"https:\/\/www.gkl-rijeka.hr\/#\/schema\/person\/3d9f7620db983ddf36e45ccae28c8651\",\"name\":\"Marin\",\"image\":{\"@type\":\"ImageObject\",\"@id\":\"https:\/\/www.gkl-rijeka.hr\/#personlogo\",\"inLanguage\":\"en-US\",\"url\":\"https:\/\/secure.gravatar.com\/avatar\/9ba8e90e29bf7b5691a75673ed86bcba?s=96&d=mm&r=g\",\"caption\":\"Marin\"}}]}<\/script>\n<!-- \/ Yoast SEO plugin. -->","_links":{"self":[{"href":"https:\/\/www.gkl-rijeka.hr\/index.php\/wp-json\/wp\/v2\/posts\/16846"}],"collection":[{"href":"https:\/\/www.gkl-rijeka.hr\/index.php\/wp-json\/wp\/v2\/posts"}],"about":[{"href":"https:\/\/www.gkl-rijeka.hr\/index.php\/wp-json\/wp\/v2\/types\/post"}],"author":[{"embeddable":true,"href":"https:\/\/www.gkl-rijeka.hr\/index.php\/wp-json\/wp\/v2\/users\/1"}],"replies":[{"embeddable":true,"href":"https:\/\/www.gkl-rijeka.hr\/index.php\/wp-json\/wp\/v2\/comments?post=16846"}],"version-history":[{"count":2,"href":"https:\/\/www.gkl-rijeka.hr\/index.php\/wp-json\/wp\/v2\/posts\/16846\/revisions"}],"predecessor-version":[{"id":16848,"href":"https:\/\/www.gkl-rijeka.hr\/index.php\/wp-json\/wp\/v2\/posts\/16846\/revisions\/16848"}],"wp:featuredmedia":[{"embeddable":true,"href":"https:\/\/www.gkl-rijeka.hr\/index.php\/wp-json\/wp\/v2\/media\/16776"}],"wp:attachment":[{"href":"https:\/\/www.gkl-rijeka.hr\/index.php\/wp-json\/wp\/v2\/media?parent=16846"}],"wp:term":[{"taxonomy":"category","embeddable":true,"href":"https:\/\/www.gkl-rijeka.hr\/index.php\/wp-json\/wp\/v2\/categories?post=16846"},{"taxonomy":"post_tag","embeddable":true,"href":"https:\/\/www.gkl-rijeka.hr\/index.php\/wp-json\/wp\/v2\/tags?post=16846"}],"curies":[{"name":"wp","href":"https:\/\/api.w.org\/{rel}","templated":true}]}}