{"id":16889,"date":"2025-04-23T13:08:43","date_gmt":"2025-04-23T13:08:43","guid":{"rendered":"https:\/\/www.gkl-rijeka.hr\/?p=16889"},"modified":"2025-04-23T13:19:40","modified_gmt":"2025-04-23T13:19:40","slug":"konferencija-za-medije-slatke-rijeci","status":"publish","type":"post","link":"https:\/\/www.gkl-rijeka.hr\/index.php\/konferencija-za-medije-slatke-rijeci\/","title":{"rendered":"Odr\u017eana konferencija za medije povodom premijere predstave &#8220;Slatke rije\u010di&#8221;"},"content":{"rendered":"<p>[et_pb_section admin_label=&#8221;section&#8221;][et_pb_row admin_label=&#8221;row&#8221;][et_pb_column type=&#8221;4_4&#8243;][et_pb_text admin_label=&#8221;Text&#8221; background_layout=&#8221;light&#8221; text_orientation=&#8221;left&#8221; use_border_color=&#8221;off&#8221; border_color=&#8221;#ffffff&#8221; border_style=&#8221;solid&#8221;]<\/p>\n<div class=\"et_pb_column et_pb_column_4_4 et_pb_column_0\">\n<div class=\"et_pb_text et_pb_module et_pb_bg_layout_light et_pb_text_align_left et_pb_text_0\">\n<div class=\"x11i5rnm xat24cr x1mh8g0r x1vvkbs xtlvy1s x126k92a\">\n<p><strong>Rijeka, 23.04.2025.<\/strong><\/p>\n<h1><strong>\u00a0<\/strong><\/h1>\n<h1><strong>Odr\u017eana konferencija za medije povodom premijere predstave &#8220;Slatke rije\u010di&#8221;<\/strong><\/h1>\n<p>&nbsp;<\/p>\n<\/div>\n<\/div>\n<\/div>\n<p>Posljednja premijera u sezoni 2024.\/25., premijera predstave <strong>\u201eSlatke rije\u010di\u201c<\/strong> belgijskog autora Carla Noraca i slovensko \u2013 francuske redateljice <strong>Mateje Bizjak Petit<\/strong> prema najavama <strong>premijerno \u0107e se izvesti u petak 25. travnja 2025<\/strong>. <strong>u 18:00 u Gradskom kazali\u0161tu lutaka Rijeka<\/strong>.<\/p>\n<p>Predstava je inspirirana i ra\u0111ena prema slikovnicama Carla Noraca koji je ujedno i autor dramskog teksta za predstavu.<\/p>\n<p>Na konferenciji za novinare ravnateljica Kazali\u0161ta <strong>Magdalena Lupi Alvir<\/strong> predstavila je autorski i gluma\u010dki tim i najavila toplu i vedru predstavu namijenjenu najmla\u0111em dje\u010djem uzrastu, ali i starijima ba\u0161 zbog topline i ljubavi koju predstava nosi.<\/p>\n<p>Autor <strong>Carl Norac<\/strong>, belgijski pisac popularan u cijelom svijetu, napisao je tekst za \u201eSlatke rije\u010di\u201c upravo za na\u0161e kazali\u0161te. Njegov serijal slikovnica o hr\u010dkici Loli preveden je na vi\u0161e od 20 jezika, a govori o univerzalnoj temi, temi va\u017enosti samoizra\u017eavanja kod djece i temi obiteljske ljubavi i ljubavi op\u0107enito.<\/p>\n<p><strong>Redateljici Mateji Bizjak Petit<\/strong>, nakon re\u017eije uspje\u0161ne vi\u0161estruko nagra\u0111ivane predstave \u201eOh la la\u201c, ovo je druga redateljska suradnja s GKL Rijeka. Sa svojim je autorskim timom i glumcima GKL Rijeka ideje iz teksta i slikovnica protkala u jednu vrlo toplu, nje\u017enu a opet i duhovitu i vedru, punu \u017eivota punokrvnu lutkarsku predstavu. Prema rije\u010dima same Bizjak Petit, ona u svojim predstavama na prvom mjestu brine o djeci i \u017eeli s njima podijeliti ljubav, igru i smijeh, to joj je vodilja u tome \u0161to radi i kako radi.<\/p>\n<p>Predstava \u201eSlatke rije\u010di\u201c nas podsje\u0107a na to koliko je va\u017eno provoditi vrijeme s djecom, koliko je va\u017eno \u010duti ih, slu\u0161ati, pa onda i razumjeti. Podsjetila nas je da ljubav i radost dolaze iz malih stvari. I zato je predstava naizgled mala, ali puna sre\u0107e za velike i male. \u017delja joj je da djeca kada do\u0111u ku\u0107i nakon predstave mogu nekom re\u0107i \u201evolim te\u201c\u00a0i da roditelji zaista \u010duju svoje dijete i odvoje vrijeme za njih. To koncept i ideja moje predstave, rekla je Mateja Bizjak Petit.<\/p>\n<p>Predstava je prava lutkarska, u kojoj je va\u017ena animacija, lutka je dosta klasi\u010dna i \u010desto tra\u017ei \u0161est ruku za animaciju. Autorica lutaka i scenografije je doma\u0107a snaga i ku\u0107na lutkarica <strong>Lu\u010di<\/strong> <strong>Vidanovi\u0107<\/strong>. Oblikovatelj svjetla je tako\u0111er ku\u0107ni autor, <strong>Sanjin Ser\u0161i\u0107<\/strong>.<\/p>\n<p>Na konferenciji se predstavio i skladatelj i glazbeni suradnik <strong>Damian Felix<\/strong>, gost iz Francuske, koji tako\u0111er po drugi put sura\u0111uje s rije\u010dkim lutkarima te je i ovoga puta skladao toplu i nje\u017enu autorsku glazbu.<\/p>\n<p>Gluma\u010dki ansambl \u010dini trojac isku\u0161anih i afirmiranih umjetnika <strong>Petra \u0160arac, Tilen Ko\u017eamelj i David Petrovi\u0107<\/strong> u alternaciji sa Zlatkom Vici\u0107em koji je privremeno odsutan zbog zdravstvenih razloga.<\/p>\n<p>Glavnu ulogu hr\u010dkice Lole igra Petra \u0160arac koja po drugi put sura\u0111uje s Matejom Bizjak Petit od koje je, prema njenim rije\u010dima, puno nau\u010dila prilikom rada na prvoj predstavi. Matejine predstave u\u010de vi\u0161e odrasle nego djecu jer djeca znaju voljeti. Publika \u0107e imati priliku vidjeti lako\u0107u na sceni do koje su zapravo te\u0161ko do\u0161li s puno rada i promi\u0161ljanja, izjavila je Petra \u0160arac.<\/p>\n<p>Tilen Ko\u017eamelj tako\u0111er isti\u010de posebnu lako\u0107u projekta. Proces je bio \u201elagan\u201c, ali intenzivan, radilo se puno, ali bez stresa, panike i gr\u010da. Predstavu vidi kao jedan veliki mehanizam sata koji glumci vode do savr\u0161enstva.<\/p>\n<p>David Petrovi\u0107 predstavi se priklju\u010dio posljednja dva tjedna rada zamijeniv\u0161i Zlatka Vici\u0107a koji je privremeno zbog bolesti odsutan. Unato\u010d tomu, bez problema je prihvatio sve zadatke koje uloga nosi i koji su mu prirodno legli budu\u0107i da u predstavi igra ulogu tate. Glumci i na prvome mjestu sama redateljica pomogli su mu u tome da u kratko vrijeme u\u0111e u cijeli proces koji je puno du\u017ee trajao te je s lako\u0107om kreirao lik jednog toplog tate.<\/p>\n<p>Konferenciju je zaklju\u010dila ravnateljica Magdalena Lupi Alvir s rije\u010dima kako danas nije lako prona\u0107i vrhunskog i dobrog redatelja koji razumije malu djecu, koji zna fokusirano i predano raditi predstave za najmanje uzraste. Tako\u0111er nije lako ni jednostavno biti dobar glumac-lutkar koji zna komunicirati kroz predstavu s malenima i najmla\u0111im uzrastima. \u201eMi smo s ovom\u00a0 predstavom i ovom ekipom dobili jedan savr\u0161eni spoj,\u00a0 predstavu koja je i topla i nje\u017ena, istovremeno vesela, vedra i dinami\u010dna, koja \u0107e publiku raznje\u017eiti.\u201c<\/p>\n<p>Predstava se reprizno izvodi u subotu, 26. travnja u 19:00 te kroz vi\u0161e termina u svibnju<\/p>\n<p>&nbsp;<\/p>\n<div class=\"et_pb_column et_pb_column_4_4 et_pb_column_0\">\n<div class=\"et_pb_text et_pb_module et_pb_bg_layout_light et_pb_text_align_left et_pb_text_0\">\n<div class=\"x11i5rnm xat24cr x1mh8g0r x1vvkbs xtlvy1s x126k92a\"><\/div>\n<\/div>\n<\/div>\n<p>&nbsp;<\/p>\n<p>[\/et_pb_text][\/et_pb_column][\/et_pb_row][et_pb_row admin_label=&#8221;row&#8221;][et_pb_column type=&#8221;1_2&#8243;][et_pb_image admin_label=&#8221;Image&#8221; src=&#8221;https:\/\/www.gkl-rijeka.hr\/wp-content\/uploads\/2025\/04\/presica-fotka.jpg&#8221; show_in_lightbox=&#8221;off&#8221; url_new_window=&#8221;off&#8221; animation=&#8221;off&#8221; sticky=&#8221;off&#8221; align=&#8221;left&#8221; force_fullwidth=&#8221;off&#8221; always_center_on_mobile=&#8221;on&#8221; use_border_color=&#8221;off&#8221; border_color=&#8221;#ffffff&#8221; border_style=&#8221;solid&#8221;] [\/et_pb_image][\/et_pb_column][et_pb_column type=&#8221;1_2&#8243;][et_pb_image admin_label=&#8221;Image&#8221; src=&#8221;https:\/\/www.gkl-rijeka.hr\/wp-content\/uploads\/2025\/04\/Plakat_03_niska.jpg&#8221; show_in_lightbox=&#8221;off&#8221; url_new_window=&#8221;off&#8221; animation=&#8221;off&#8221; sticky=&#8221;off&#8221; align=&#8221;left&#8221; force_fullwidth=&#8221;off&#8221; always_center_on_mobile=&#8221;on&#8221; use_border_color=&#8221;off&#8221; border_color=&#8221;#ffffff&#8221; border_style=&#8221;solid&#8221;] [\/et_pb_image][\/et_pb_column][\/et_pb_row][\/et_pb_section]<\/p>\n","protected":false},"excerpt":{"rendered":"<p>[et_pb_section admin_label=&#8221;section&#8221;][et_pb_row admin_label=&#8221;row&#8221;][et_pb_column type=&#8221;4_4&#8243;][et_pb_text admin_label=&#8221;Text&#8221; background_layout=&#8221;light&#8221; text_orientation=&#8221;left&#8221; use_border_color=&#8221;off&#8221; border_color=&#8221;#ffffff&#8221; border_style=&#8221;solid&#8221;] Rijeka, 23.04.2025. \u00a0 Odr\u017eana konferencija za medije povodom premijere predstave &#8220;Slatke rije\u010di&#8221; &nbsp; Posljednja premijera u sezoni 2024.\/25., premijera predstave \u201eSlatke rije\u010di\u201c belgijskog autora Carla Noraca i slovensko \u2013 francuske redateljice Mateje Bizjak Petit prema najavama premijerno \u0107e se izvesti u petak 25. travnja 2025. [&hellip;]<\/p>\n","protected":false},"author":1,"featured_media":16913,"comment_status":"closed","ping_status":"closed","sticky":false,"template":"","format":"standard","meta":{"spay_email":""},"categories":[3],"tags":[],"jetpack_featured_media_url":"https:\/\/www.gkl-rijeka.hr\/wp-content\/uploads\/2025\/04\/Slatke-rijec\u030ci_n_24.jpg?wsr","yoast_head":"<!-- This site is optimized with the Yoast SEO plugin v15.1.1 - https:\/\/yoast.com\/wordpress\/plugins\/seo\/ -->\n<meta name=\"robots\" content=\"index, follow, max-snippet:-1, max-image-preview:large, max-video-preview:-1\" \/>\n<link rel=\"canonical\" href=\"https:\/\/www.gkl-rijeka.hr\/index.php\/konferencija-za-medije-slatke-rijeci\/\" \/>\n<meta property=\"og:locale\" content=\"en_US\" \/>\n<meta property=\"og:type\" content=\"article\" \/>\n<meta property=\"og:title\" content=\"Odr\u017eana konferencija za medije povodom premijere predstave &quot;Slatke rije\u010di&quot; - Gradsko kazali\u0161te lutaka Rijeka\" \/>\n<meta property=\"og:description\" content=\"[et_pb_section admin_label=&#8221;section&#8221;][et_pb_row admin_label=&#8221;row&#8221;][et_pb_column type=&#8221;4_4&#8243;][et_pb_text admin_label=&#8221;Text&#8221; background_layout=&#8221;light&#8221; text_orientation=&#8221;left&#8221; use_border_color=&#8221;off&#8221; border_color=&#8221;#ffffff&#8221; border_style=&#8221;solid&#8221;] Rijeka, 23.04.2025. \u00a0 Odr\u017eana konferencija za medije povodom premijere predstave &#8220;Slatke rije\u010di&#8221; &nbsp; Posljednja premijera u sezoni 2024.\/25., premijera predstave \u201eSlatke rije\u010di\u201c belgijskog autora Carla Noraca i slovensko \u2013 francuske redateljice Mateje Bizjak Petit prema najavama premijerno \u0107e se izvesti u petak 25. travnja 2025. [&hellip;]\" \/>\n<meta property=\"og:url\" content=\"https:\/\/www.gkl-rijeka.hr\/index.php\/konferencija-za-medije-slatke-rijeci\/\" \/>\n<meta property=\"og:site_name\" content=\"Gradsko kazali\u0161te lutaka Rijeka\" \/>\n<meta property=\"article:publisher\" content=\"https:\/\/www.facebook.com\/gkl.rijeka\" \/>\n<meta property=\"article:published_time\" content=\"2025-04-23T13:08:43+00:00\" \/>\n<meta property=\"article:modified_time\" content=\"2025-04-23T13:19:40+00:00\" \/>\n<meta property=\"og:image\" content=\"https:\/\/www.gkl-rijeka.hr\/wp-content\/uploads\/2025\/04\/Slatke-rijec\u030ci_n_24.jpg?wsr\" \/>\n\t<meta property=\"og:image:width\" content=\"2200\" \/>\n\t<meta property=\"og:image:height\" content=\"1467\" \/>\n<meta property=\"fb:app_id\" content=\"368762594246882\" \/>\n<meta name=\"twitter:card\" content=\"summary\" \/>\n<script type=\"application\/ld+json\" class=\"yoast-schema-graph\">{\"@context\":\"https:\/\/schema.org\",\"@graph\":[{\"@type\":\"Organization\",\"@id\":\"https:\/\/www.gkl-rijeka.hr\/#organization\",\"name\":\"Gradsko kazali\\u0161te lutaka Rijeka\",\"url\":\"https:\/\/www.gkl-rijeka.hr\/\",\"sameAs\":[\"https:\/\/www.facebook.com\/gkl.rijeka\"],\"logo\":{\"@type\":\"ImageObject\",\"@id\":\"https:\/\/www.gkl-rijeka.hr\/#logo\",\"inLanguage\":\"en-US\",\"url\":\"https:\/\/www.gkl-rijeka.hr\/wp-content\/uploads\/2020\/10\/logo_boja_01.png?wsr\",\"width\":209,\"height\":280,\"caption\":\"Gradsko kazali\\u0161te lutaka Rijeka\"},\"image\":{\"@id\":\"https:\/\/www.gkl-rijeka.hr\/#logo\"}},{\"@type\":\"WebSite\",\"@id\":\"https:\/\/www.gkl-rijeka.hr\/#website\",\"url\":\"https:\/\/www.gkl-rijeka.hr\/\",\"name\":\"Gradsko kazali\\u0161te lutaka Rijeka\",\"description\":\"\",\"publisher\":{\"@id\":\"https:\/\/www.gkl-rijeka.hr\/#organization\"},\"potentialAction\":[{\"@type\":\"SearchAction\",\"target\":\"https:\/\/www.gkl-rijeka.hr\/?s={search_term_string}\",\"query-input\":\"required name=search_term_string\"}],\"inLanguage\":\"en-US\"},{\"@type\":\"ImageObject\",\"@id\":\"https:\/\/www.gkl-rijeka.hr\/index.php\/konferencija-za-medije-slatke-rijeci\/#primaryimage\",\"inLanguage\":\"en-US\",\"url\":\"https:\/\/www.gkl-rijeka.hr\/wp-content\/uploads\/2025\/04\/Slatke-rijec\\u030ci_n_24.jpg?wsr\",\"width\":2200,\"height\":1467},{\"@type\":\"WebPage\",\"@id\":\"https:\/\/www.gkl-rijeka.hr\/index.php\/konferencija-za-medije-slatke-rijeci\/#webpage\",\"url\":\"https:\/\/www.gkl-rijeka.hr\/index.php\/konferencija-za-medije-slatke-rijeci\/\",\"name\":\"Odr\\u017eana konferencija za medije povodom premijere predstave \\\"Slatke rije\\u010di\\\" - Gradsko kazali\\u0161te lutaka Rijeka\",\"isPartOf\":{\"@id\":\"https:\/\/www.gkl-rijeka.hr\/#website\"},\"primaryImageOfPage\":{\"@id\":\"https:\/\/www.gkl-rijeka.hr\/index.php\/konferencija-za-medije-slatke-rijeci\/#primaryimage\"},\"datePublished\":\"2025-04-23T13:08:43+00:00\",\"dateModified\":\"2025-04-23T13:19:40+00:00\",\"inLanguage\":\"en-US\",\"potentialAction\":[{\"@type\":\"ReadAction\",\"target\":[\"https:\/\/www.gkl-rijeka.hr\/index.php\/konferencija-za-medije-slatke-rijeci\/\"]}]},{\"@type\":\"Article\",\"@id\":\"https:\/\/www.gkl-rijeka.hr\/index.php\/konferencija-za-medije-slatke-rijeci\/#article\",\"isPartOf\":{\"@id\":\"https:\/\/www.gkl-rijeka.hr\/index.php\/konferencija-za-medije-slatke-rijeci\/#webpage\"},\"author\":{\"@id\":\"https:\/\/www.gkl-rijeka.hr\/#\/schema\/person\/3d9f7620db983ddf36e45ccae28c8651\"},\"headline\":\"Odr\\u017eana konferencija za medije povodom premijere predstave &#8220;Slatke rije\\u010di&#8221;\",\"datePublished\":\"2025-04-23T13:08:43+00:00\",\"dateModified\":\"2025-04-23T13:19:40+00:00\",\"mainEntityOfPage\":{\"@id\":\"https:\/\/www.gkl-rijeka.hr\/index.php\/konferencija-za-medije-slatke-rijeci\/#webpage\"},\"publisher\":{\"@id\":\"https:\/\/www.gkl-rijeka.hr\/#organization\"},\"image\":{\"@id\":\"https:\/\/www.gkl-rijeka.hr\/index.php\/konferencija-za-medije-slatke-rijeci\/#primaryimage\"},\"articleSection\":\"Novosti\",\"inLanguage\":\"en-US\"},{\"@type\":\"Person\",\"@id\":\"https:\/\/www.gkl-rijeka.hr\/#\/schema\/person\/3d9f7620db983ddf36e45ccae28c8651\",\"name\":\"Marin\",\"image\":{\"@type\":\"ImageObject\",\"@id\":\"https:\/\/www.gkl-rijeka.hr\/#personlogo\",\"inLanguage\":\"en-US\",\"url\":\"https:\/\/secure.gravatar.com\/avatar\/9ba8e90e29bf7b5691a75673ed86bcba?s=96&d=mm&r=g\",\"caption\":\"Marin\"}}]}<\/script>\n<!-- \/ Yoast SEO plugin. -->","_links":{"self":[{"href":"https:\/\/www.gkl-rijeka.hr\/index.php\/wp-json\/wp\/v2\/posts\/16889"}],"collection":[{"href":"https:\/\/www.gkl-rijeka.hr\/index.php\/wp-json\/wp\/v2\/posts"}],"about":[{"href":"https:\/\/www.gkl-rijeka.hr\/index.php\/wp-json\/wp\/v2\/types\/post"}],"author":[{"embeddable":true,"href":"https:\/\/www.gkl-rijeka.hr\/index.php\/wp-json\/wp\/v2\/users\/1"}],"replies":[{"embeddable":true,"href":"https:\/\/www.gkl-rijeka.hr\/index.php\/wp-json\/wp\/v2\/comments?post=16889"}],"version-history":[{"count":3,"href":"https:\/\/www.gkl-rijeka.hr\/index.php\/wp-json\/wp\/v2\/posts\/16889\/revisions"}],"predecessor-version":[{"id":16919,"href":"https:\/\/www.gkl-rijeka.hr\/index.php\/wp-json\/wp\/v2\/posts\/16889\/revisions\/16919"}],"wp:featuredmedia":[{"embeddable":true,"href":"https:\/\/www.gkl-rijeka.hr\/index.php\/wp-json\/wp\/v2\/media\/16913"}],"wp:attachment":[{"href":"https:\/\/www.gkl-rijeka.hr\/index.php\/wp-json\/wp\/v2\/media?parent=16889"}],"wp:term":[{"taxonomy":"category","embeddable":true,"href":"https:\/\/www.gkl-rijeka.hr\/index.php\/wp-json\/wp\/v2\/categories?post=16889"},{"taxonomy":"post_tag","embeddable":true,"href":"https:\/\/www.gkl-rijeka.hr\/index.php\/wp-json\/wp\/v2\/tags?post=16889"}],"curies":[{"name":"wp","href":"https:\/\/api.w.org\/{rel}","templated":true}]}}