{"id":16920,"date":"2025-04-24T16:35:30","date_gmt":"2025-04-24T16:35:30","guid":{"rendered":"https:\/\/www.gkl-rijeka.hr\/?p=16920"},"modified":"2025-04-24T16:35:30","modified_gmt":"2025-04-24T16:35:30","slug":"otkazana-predstava-i-promjena-termina-izvedbe-u-subotu-26-travnja","status":"publish","type":"post","link":"https:\/\/www.gkl-rijeka.hr\/index.php\/otkazana-predstava-i-promjena-termina-izvedbe-u-subotu-26-travnja\/","title":{"rendered":"OTKAZANA PREDSTAVA I PROMJENA TERMINA IZVEDBE U SUBOTU, 26. TRAVNJA"},"content":{"rendered":"<p>Obavje\u0161tava se publika da se u subotu, 26. travnja predstava \u201eSlatke rije\u010di\u201c planirana za 11:00 otkazuje zbog progla\u0161enja dana \u017ealosti od strane Vlade Republike Hrvatske, dok \u0107e se predstava planirana za 18:00 odr\u017eati s po\u010detkom u 19:00. Ulaznice kupljene za 18:00 sati vrijede za izvedbu u 19:00, a sva publika koja nije u mogu\u0107nosti do\u0107i te ona kojoj je predstava na\u017ealost otkazana neka se javi na\u00a0 blagajna.gklri@gmail.com.<\/p>\n<p>Zahvaljujemo na razumijevanju!<\/p>\n<p>&nbsp;<\/p>\n<p>&nbsp;<\/p>\n<p>&nbsp;<\/p>\n","protected":false},"excerpt":{"rendered":"<p>Predstava u 11:00 se otkazuje, a izvedba planirana u 18:00 prebacuje se na 19:00<\/p>\n","protected":false},"author":1,"featured_media":16914,"comment_status":"closed","ping_status":"closed","sticky":false,"template":"","format":"standard","meta":{"spay_email":""},"categories":[3],"tags":[],"jetpack_featured_media_url":"https:\/\/www.gkl-rijeka.hr\/wp-content\/uploads\/2025\/04\/Slatke-rijec\u030ci_n_25.jpg?wsr","yoast_head":"<!-- This site is optimized with the Yoast SEO plugin v15.1.1 - https:\/\/yoast.com\/wordpress\/plugins\/seo\/ -->\n<meta name=\"robots\" content=\"index, follow, max-snippet:-1, max-image-preview:large, max-video-preview:-1\" \/>\n<link rel=\"canonical\" href=\"https:\/\/www.gkl-rijeka.hr\/index.php\/otkazana-predstava-i-promjena-termina-izvedbe-u-subotu-26-travnja\/\" \/>\n<meta property=\"og:locale\" content=\"en_US\" \/>\n<meta property=\"og:type\" content=\"article\" \/>\n<meta property=\"og:title\" content=\"OTKAZANA PREDSTAVA I PROMJENA TERMINA IZVEDBE U SUBOTU, 26. TRAVNJA - Gradsko kazali\u0161te lutaka Rijeka\" \/>\n<meta property=\"og:description\" content=\"Predstava u 11:00 se otkazuje, a izvedba planirana u 18:00 prebacuje se na 19:00\" \/>\n<meta property=\"og:url\" content=\"https:\/\/www.gkl-rijeka.hr\/index.php\/otkazana-predstava-i-promjena-termina-izvedbe-u-subotu-26-travnja\/\" \/>\n<meta property=\"og:site_name\" content=\"Gradsko kazali\u0161te lutaka Rijeka\" \/>\n<meta property=\"article:publisher\" content=\"https:\/\/www.facebook.com\/gkl.rijeka\" \/>\n<meta property=\"article:published_time\" content=\"2025-04-24T16:35:30+00:00\" \/>\n<meta property=\"og:image\" content=\"https:\/\/www.gkl-rijeka.hr\/wp-content\/uploads\/2025\/04\/Slatke-rijec\u030ci_n_25.jpg?wsr\" \/>\n\t<meta property=\"og:image:width\" content=\"2200\" \/>\n\t<meta property=\"og:image:height\" content=\"1467\" \/>\n<meta property=\"fb:app_id\" content=\"368762594246882\" \/>\n<meta name=\"twitter:card\" content=\"summary\" \/>\n<script type=\"application\/ld+json\" class=\"yoast-schema-graph\">{\"@context\":\"https:\/\/schema.org\",\"@graph\":[{\"@type\":\"Organization\",\"@id\":\"https:\/\/www.gkl-rijeka.hr\/#organization\",\"name\":\"Gradsko kazali\\u0161te lutaka Rijeka\",\"url\":\"https:\/\/www.gkl-rijeka.hr\/\",\"sameAs\":[\"https:\/\/www.facebook.com\/gkl.rijeka\"],\"logo\":{\"@type\":\"ImageObject\",\"@id\":\"https:\/\/www.gkl-rijeka.hr\/#logo\",\"inLanguage\":\"en-US\",\"url\":\"https:\/\/www.gkl-rijeka.hr\/wp-content\/uploads\/2020\/10\/logo_boja_01.png?wsr\",\"width\":209,\"height\":280,\"caption\":\"Gradsko kazali\\u0161te lutaka Rijeka\"},\"image\":{\"@id\":\"https:\/\/www.gkl-rijeka.hr\/#logo\"}},{\"@type\":\"WebSite\",\"@id\":\"https:\/\/www.gkl-rijeka.hr\/#website\",\"url\":\"https:\/\/www.gkl-rijeka.hr\/\",\"name\":\"Gradsko kazali\\u0161te lutaka Rijeka\",\"description\":\"\",\"publisher\":{\"@id\":\"https:\/\/www.gkl-rijeka.hr\/#organization\"},\"potentialAction\":[{\"@type\":\"SearchAction\",\"target\":\"https:\/\/www.gkl-rijeka.hr\/?s={search_term_string}\",\"query-input\":\"required name=search_term_string\"}],\"inLanguage\":\"en-US\"},{\"@type\":\"ImageObject\",\"@id\":\"https:\/\/www.gkl-rijeka.hr\/index.php\/otkazana-predstava-i-promjena-termina-izvedbe-u-subotu-26-travnja\/#primaryimage\",\"inLanguage\":\"en-US\",\"url\":\"https:\/\/www.gkl-rijeka.hr\/wp-content\/uploads\/2025\/04\/Slatke-rijec\\u030ci_n_25.jpg?wsr\",\"width\":2200,\"height\":1467},{\"@type\":\"WebPage\",\"@id\":\"https:\/\/www.gkl-rijeka.hr\/index.php\/otkazana-predstava-i-promjena-termina-izvedbe-u-subotu-26-travnja\/#webpage\",\"url\":\"https:\/\/www.gkl-rijeka.hr\/index.php\/otkazana-predstava-i-promjena-termina-izvedbe-u-subotu-26-travnja\/\",\"name\":\"OTKAZANA PREDSTAVA I PROMJENA TERMINA IZVEDBE U SUBOTU, 26. TRAVNJA - Gradsko kazali\\u0161te lutaka Rijeka\",\"isPartOf\":{\"@id\":\"https:\/\/www.gkl-rijeka.hr\/#website\"},\"primaryImageOfPage\":{\"@id\":\"https:\/\/www.gkl-rijeka.hr\/index.php\/otkazana-predstava-i-promjena-termina-izvedbe-u-subotu-26-travnja\/#primaryimage\"},\"datePublished\":\"2025-04-24T16:35:30+00:00\",\"dateModified\":\"2025-04-24T16:35:30+00:00\",\"inLanguage\":\"en-US\",\"potentialAction\":[{\"@type\":\"ReadAction\",\"target\":[\"https:\/\/www.gkl-rijeka.hr\/index.php\/otkazana-predstava-i-promjena-termina-izvedbe-u-subotu-26-travnja\/\"]}]},{\"@type\":\"Article\",\"@id\":\"https:\/\/www.gkl-rijeka.hr\/index.php\/otkazana-predstava-i-promjena-termina-izvedbe-u-subotu-26-travnja\/#article\",\"isPartOf\":{\"@id\":\"https:\/\/www.gkl-rijeka.hr\/index.php\/otkazana-predstava-i-promjena-termina-izvedbe-u-subotu-26-travnja\/#webpage\"},\"author\":{\"@id\":\"https:\/\/www.gkl-rijeka.hr\/#\/schema\/person\/3d9f7620db983ddf36e45ccae28c8651\"},\"headline\":\"OTKAZANA PREDSTAVA I PROMJENA TERMINA IZVEDBE U SUBOTU, 26. TRAVNJA\",\"datePublished\":\"2025-04-24T16:35:30+00:00\",\"dateModified\":\"2025-04-24T16:35:30+00:00\",\"mainEntityOfPage\":{\"@id\":\"https:\/\/www.gkl-rijeka.hr\/index.php\/otkazana-predstava-i-promjena-termina-izvedbe-u-subotu-26-travnja\/#webpage\"},\"publisher\":{\"@id\":\"https:\/\/www.gkl-rijeka.hr\/#organization\"},\"image\":{\"@id\":\"https:\/\/www.gkl-rijeka.hr\/index.php\/otkazana-predstava-i-promjena-termina-izvedbe-u-subotu-26-travnja\/#primaryimage\"},\"articleSection\":\"Novosti\",\"inLanguage\":\"en-US\"},{\"@type\":\"Person\",\"@id\":\"https:\/\/www.gkl-rijeka.hr\/#\/schema\/person\/3d9f7620db983ddf36e45ccae28c8651\",\"name\":\"Marin\",\"image\":{\"@type\":\"ImageObject\",\"@id\":\"https:\/\/www.gkl-rijeka.hr\/#personlogo\",\"inLanguage\":\"en-US\",\"url\":\"https:\/\/secure.gravatar.com\/avatar\/9ba8e90e29bf7b5691a75673ed86bcba?s=96&d=mm&r=g\",\"caption\":\"Marin\"}}]}<\/script>\n<!-- \/ Yoast SEO plugin. -->","_links":{"self":[{"href":"https:\/\/www.gkl-rijeka.hr\/index.php\/wp-json\/wp\/v2\/posts\/16920"}],"collection":[{"href":"https:\/\/www.gkl-rijeka.hr\/index.php\/wp-json\/wp\/v2\/posts"}],"about":[{"href":"https:\/\/www.gkl-rijeka.hr\/index.php\/wp-json\/wp\/v2\/types\/post"}],"author":[{"embeddable":true,"href":"https:\/\/www.gkl-rijeka.hr\/index.php\/wp-json\/wp\/v2\/users\/1"}],"replies":[{"embeddable":true,"href":"https:\/\/www.gkl-rijeka.hr\/index.php\/wp-json\/wp\/v2\/comments?post=16920"}],"version-history":[{"count":1,"href":"https:\/\/www.gkl-rijeka.hr\/index.php\/wp-json\/wp\/v2\/posts\/16920\/revisions"}],"predecessor-version":[{"id":16921,"href":"https:\/\/www.gkl-rijeka.hr\/index.php\/wp-json\/wp\/v2\/posts\/16920\/revisions\/16921"}],"wp:featuredmedia":[{"embeddable":true,"href":"https:\/\/www.gkl-rijeka.hr\/index.php\/wp-json\/wp\/v2\/media\/16914"}],"wp:attachment":[{"href":"https:\/\/www.gkl-rijeka.hr\/index.php\/wp-json\/wp\/v2\/media?parent=16920"}],"wp:term":[{"taxonomy":"category","embeddable":true,"href":"https:\/\/www.gkl-rijeka.hr\/index.php\/wp-json\/wp\/v2\/categories?post=16920"},{"taxonomy":"post_tag","embeddable":true,"href":"https:\/\/www.gkl-rijeka.hr\/index.php\/wp-json\/wp\/v2\/tags?post=16920"}],"curies":[{"name":"wp","href":"https:\/\/api.w.org\/{rel}","templated":true}]}}