{"id":16939,"date":"2025-04-29T13:49:03","date_gmt":"2025-04-29T13:49:03","guid":{"rendered":"https:\/\/www.gkl-rijeka.hr\/?p=16939"},"modified":"2025-04-29T13:49:55","modified_gmt":"2025-04-29T13:49:55","slug":"natjecaj-za-radno-mjesto-rekviziter-kostimer","status":"publish","type":"post","link":"https:\/\/www.gkl-rijeka.hr\/index.php\/natjecaj-za-radno-mjesto-rekviziter-kostimer\/","title":{"rendered":"Natje\u010daj za radno mjesto \u201eREKVIZITER\/KOSTIMER\u201c"},"content":{"rendered":"<p>KLASA: 112-01\/25-01\/04<\/p>\n<p>URBROJ: 2170-1-30-25-03<\/p>\n<p>&nbsp;<\/p>\n<p>Temeljem odredbe \u010dlanka 16. Statuta Gradskog kazali\u0161ta lutaka Rijeka te \u010dlanka 6. Pravilnika o radu, ravnateljica Gradskog kazali\u0161ta lutaka Rijeka raspisuje dana 29. travnja 2025. godine<\/p>\n<p>&nbsp;<\/p>\n<p><strong>N a t j e \u010d a j<\/strong><\/p>\n<p><strong>za radno mjesto \u201eREKVIZITER\/KOSTIMER\u201c<\/strong><\/p>\n<p><strong>&#8211; 1 izvr\u0161itelj\/ica, u <u>punom radnom vremenu,<\/u> na <u>odre<\/u><\/strong><strong><u>\u0111<\/u><\/strong><strong><u>eno vrijeme u trajanju 1 godine<\/u><\/strong><\/p>\n<p><strong>\u00a0<\/strong><\/p>\n<p><strong>Opis poslova:<\/strong><\/p>\n<p>&nbsp;<\/p>\n<ul>\n<li>\u0161iva i poma\u017ee u radioni pri izradi lutaka, kostima, rekvizita i scenografije,<\/li>\n<li>priprema kostime za predstavu, sla\u017ee, pere, gla\u010da, nosi na kemijsko \u010di\u0161\u0107enje i nu\u017eno krpa kostime,<\/li>\n<li>poma\u017ee pri odijevanju sudionika predstave za vrijeme trajanja predstave,<\/li>\n<li>\u010disti i odr\u017eava garderobu i ostali radni prostor,<\/li>\n<li>radi i druge poslove koji odgovaraju njegovoj stru\u010dnoj spremi, znanjima i vje\u0161tinama prema zahtjevu ravnatelja i organizatora kazali\u0161ne i scenske tehnike i proizvodnje, te im je neposredno odgovoran za svoj rad.<\/li>\n<\/ul>\n<p><strong>\u00a0<\/strong><\/p>\n<p><strong>Uvjeti: <\/strong><\/p>\n<ul>\n<li>srednja stru\u010dna sprema<\/li>\n<li>najmanje 6 mjeseci radnog iskustva na odgovaraju\u0107im poslovima<\/li>\n<\/ul>\n<p><strong>\u00a0<\/strong><\/p>\n<p><strong>Kandidati trebaju dostaviti:<\/strong><\/p>\n<ul>\n<li>prijavu na natje\u010daj<\/li>\n<li>\u017eivotopis (iz kojeg je vidljivo da kandidat zadovoljava sve uvjete natje\u010daja)<\/li>\n<li>domovnicu ili osobnu iskaznicu<\/li>\n<li>dokaz o odgovaraju\u0107em stupnju obrazovanja<\/li>\n<li>dokaz o odgovaraju\u0107em radnom iskustvu u trajanju od najmanje 6 mjeseci (elektroni\u010dki zapis ili potvrda s podacima o radnim odnosima od HZMO-a o ukupnom radnom iskustvu te potvrda poslodavca ili ugovor o radu iz kojeg je vidljiva vrsta poslova koje je kandidat obavljao)<\/li>\n<\/ul>\n<p><u>\u00a0<\/u><\/p>\n<p><u>Isprave se prila\u017eu u preslici, a izabrani kandidat\/kinja predo\u010dit \u0107e dokumentaciju u izvorniku\/ovjerenoj preslici. Prilo\u017eena natje\u010dajna dokumentacija se ne vra\u0107a.<\/u><\/p>\n<p>Prijava treba sadr\u017eavati najmanje sljede\u0107e podatke: ime i prezime kandidata\/kinje, adresu, broj telefona i adresu elektroni\u010dke po\u0161te za primanje obavijesti. Prijavom na natje\u010daj kandidati\/kinje dozvoljavaju Gradskom kazali\u0161tu lutaka Rijeka da prikuplja, koristi i obra\u0111uje njihove osobne podatke samo u svrhu provedbe natje\u010dajnog postupka, a sukladno propisima koji ure\u0111uju za\u0161titu osobnih podataka.<\/p>\n<p>Na natje\u010daj se mogu prijaviti osobe oba spola, a izrazi koji se koriste u ovom natje\u010daju u mu\u0161kom rodu, koriste se neutralno i odnose na oba spola.<\/p>\n<p><strong>Radni odnos \u0107e se zasnovati na jednu (1) godinu uz probni rad od 2 mjeseca, uz mogu\u0107nost zaklju\u010divanja ugovora na neodre\u0111eno.<\/strong><\/p>\n<p>Ako kandidat\/kinja ostvaruje prednost pri zapo\u0161ljavanju prema posebnim propisima, du\u017ean\/na je u prijavi na natje\u010daj pozvati se na to pravo i ima prednost u odnosu na ostale kandidate\/kinje samo pod jednakim uvjetima te je du\u017ean\/na uz prijavu na natje\u010daj prilo\u017eiti svu potrebnu dokumentaciju iz koje je vidljivo spomenuto pravo, sukladno posebnom propisu.<\/p>\n<p>Osobe koje pravo prednosti pri zapo\u0161ljavanju ostvaruju temeljem odredbi Zakona o hrvatskim braniteljima iz Domovinskog rata i \u010dlanovima njihovih obitelji (\u201eNarodne novine\u201c broj 121\/17), du\u017ene su uz prijavu na natje\u010daj dostaviti dokaze\u00a0iz \u010dlanka 103. citiranog Zakona, koji se mogu prona\u0107i na internetskoj stranici Ministarstva hrvatskih branitelja: <a href=\"https:\/\/branitelji.gov.hr\/zaposljavanje-843\/843\">https:\/\/branitelji.gov.hr\/zaposljavanje-843\/843<\/a>.<\/p>\n<p>Rok za podno\u0161enje prijava je <strong>8 dana<\/strong> od dana objave natje\u010daja na internetskim stranicama Gradskog kazali\u0161ta lutaka Rijeka, a <strong><u>zaklju\u010dno do 07. svibnja 2025. godine<\/u><\/strong>. Prijave se podnose <u>preporu\u010deno po\u0161tom ili osobno<\/u>, u zatvorenoj omotnici, na adresu: <strong>Bla\u017ea Poli\u0107a 6, 51000 Rijeka, s naznakom \u201eNatje\u010daj za REKVIZITER\/KOSTIMER\u2013 ne otvaraj\u201c.<\/strong><\/p>\n<p><u>Urednom prijavom smatra se prijava koja sadr\u017ei sve podatke i priloge navedene u tekstu ovoga natje\u010daja. Nepotpune i nepravovremeno pristigle prijave, kao i prijave kandidata\/kinja koji\/e ne ispunjavaju formalne uvjete iz natje\u010daja, ne\u0107e se razmatrati.<\/u><\/p>\n<p>Gradsko kazali\u0161te lutaka Rijeka zadr\u017eava pravo da, ukoliko ocijeni da je potrebno, provede postupak selekcije kandidata\/kinja putem razgovora (intervjua) i\/ili provjere radnih sposobnosti. O vremenu odr\u017eavanja razgovora\/provjere radnih sposobnosti kandidati\/kinje \u0107e se obavijestiti putem dostavljenih e-mail adresa ili telefonski.<\/p>\n<p>Ako kandidat\/kinja ne pristupi razgovoru\/provjeri radnih sposobnosti, smatrat \u0107e se da je povukao\/la prijavu na natje\u010daj te se u daljnjem postupku vi\u0161e ne\u0107e smatrati kandidatom\/kinjom.<\/p>\n<p>Ukoliko se na natje\u010daj prijave osobe koje ne ispunjavaju uvjete natje\u010daja ili ne zadovolje provjeru radnih sposobnosti, kao i zbog drugih nepredvidivih okolnosti, Gradsko kazali\u0161te lutaka Rijeka zadr\u017eava pravo ne donijeti odluku o izboru kandidata i\/ili poni\u0161titi natje\u010daj bez posebnog obrazlo\u017eenja.<\/p>\n<p><u>O rezultatima natje\u010daja kandidati \u0107e biti obavije\u0161teni najkasnije u roku od 30 dana od dana isteka roka za podno\u0161enje prijava, a Odluka o izboru kandidata biti \u0107e objavljena na internetskoj stranici GKL-a Rijeka www.gkl-rijeka.hr.<\/u><\/p>\n<p>&nbsp;<\/p>\n<p><a href=\"https:\/\/www.gkl-rijeka.hr\/wp-content\/uploads\/2025\/04\/natjecaj.pdf\">natjecaj<\/a><\/p>\n<p><strong>Gradsko kazali\u0161te lutaka Rijeka<\/strong><\/p>\n<p><strong>Magdalena Lupi Alvir, ravnateljica<\/strong><\/p>\n","protected":false},"excerpt":{"rendered":"<p>Otvoren do 07. svibnja 2025.<\/p>\n","protected":false},"author":1,"featured_media":16943,"comment_status":"closed","ping_status":"closed","sticky":false,"template":"","format":"standard","meta":{"spay_email":""},"categories":[3],"tags":[],"jetpack_featured_media_url":"https:\/\/www.gkl-rijeka.hr\/wp-content\/uploads\/2025\/04\/sew-681155_960_720.jpg?wsr","yoast_head":"<!-- This site is optimized with the Yoast SEO plugin v15.1.1 - https:\/\/yoast.com\/wordpress\/plugins\/seo\/ -->\n<meta name=\"robots\" content=\"index, follow, max-snippet:-1, max-image-preview:large, max-video-preview:-1\" \/>\n<link rel=\"canonical\" href=\"https:\/\/www.gkl-rijeka.hr\/index.php\/natjecaj-za-radno-mjesto-rekviziter-kostimer\/\" \/>\n<meta property=\"og:locale\" content=\"en_US\" \/>\n<meta property=\"og:type\" content=\"article\" \/>\n<meta property=\"og:title\" content=\"Natje\u010daj za radno mjesto \u201eREKVIZITER\/KOSTIMER\u201c - Gradsko kazali\u0161te lutaka Rijeka\" \/>\n<meta property=\"og:description\" content=\"Otvoren do 07. svibnja 2025.\" \/>\n<meta property=\"og:url\" content=\"https:\/\/www.gkl-rijeka.hr\/index.php\/natjecaj-za-radno-mjesto-rekviziter-kostimer\/\" \/>\n<meta property=\"og:site_name\" content=\"Gradsko kazali\u0161te lutaka Rijeka\" \/>\n<meta property=\"article:publisher\" content=\"https:\/\/www.facebook.com\/gkl.rijeka\" \/>\n<meta property=\"article:published_time\" content=\"2025-04-29T13:49:03+00:00\" \/>\n<meta property=\"article:modified_time\" content=\"2025-04-29T13:49:55+00:00\" \/>\n<meta property=\"og:image\" content=\"https:\/\/www.gkl-rijeka.hr\/wp-content\/uploads\/2025\/04\/sew-681155_960_720.jpg?wsr\" \/>\n\t<meta property=\"og:image:width\" content=\"960\" \/>\n\t<meta property=\"og:image:height\" content=\"636\" \/>\n<meta property=\"fb:app_id\" content=\"368762594246882\" \/>\n<meta name=\"twitter:card\" content=\"summary\" \/>\n<script type=\"application\/ld+json\" class=\"yoast-schema-graph\">{\"@context\":\"https:\/\/schema.org\",\"@graph\":[{\"@type\":\"Organization\",\"@id\":\"https:\/\/www.gkl-rijeka.hr\/#organization\",\"name\":\"Gradsko kazali\\u0161te lutaka Rijeka\",\"url\":\"https:\/\/www.gkl-rijeka.hr\/\",\"sameAs\":[\"https:\/\/www.facebook.com\/gkl.rijeka\"],\"logo\":{\"@type\":\"ImageObject\",\"@id\":\"https:\/\/www.gkl-rijeka.hr\/#logo\",\"inLanguage\":\"en-US\",\"url\":\"https:\/\/www.gkl-rijeka.hr\/wp-content\/uploads\/2020\/10\/logo_boja_01.png?wsr\",\"width\":209,\"height\":280,\"caption\":\"Gradsko kazali\\u0161te lutaka Rijeka\"},\"image\":{\"@id\":\"https:\/\/www.gkl-rijeka.hr\/#logo\"}},{\"@type\":\"WebSite\",\"@id\":\"https:\/\/www.gkl-rijeka.hr\/#website\",\"url\":\"https:\/\/www.gkl-rijeka.hr\/\",\"name\":\"Gradsko kazali\\u0161te lutaka Rijeka\",\"description\":\"\",\"publisher\":{\"@id\":\"https:\/\/www.gkl-rijeka.hr\/#organization\"},\"potentialAction\":[{\"@type\":\"SearchAction\",\"target\":\"https:\/\/www.gkl-rijeka.hr\/?s={search_term_string}\",\"query-input\":\"required name=search_term_string\"}],\"inLanguage\":\"en-US\"},{\"@type\":\"ImageObject\",\"@id\":\"https:\/\/www.gkl-rijeka.hr\/index.php\/natjecaj-za-radno-mjesto-rekviziter-kostimer\/#primaryimage\",\"inLanguage\":\"en-US\",\"url\":\"https:\/\/www.gkl-rijeka.hr\/wp-content\/uploads\/2025\/04\/sew-681155_960_720.jpg?wsr\",\"width\":960,\"height\":636},{\"@type\":\"WebPage\",\"@id\":\"https:\/\/www.gkl-rijeka.hr\/index.php\/natjecaj-za-radno-mjesto-rekviziter-kostimer\/#webpage\",\"url\":\"https:\/\/www.gkl-rijeka.hr\/index.php\/natjecaj-za-radno-mjesto-rekviziter-kostimer\/\",\"name\":\"Natje\\u010daj za radno mjesto \\u201eREKVIZITER\/KOSTIMER\\u201c - Gradsko kazali\\u0161te lutaka Rijeka\",\"isPartOf\":{\"@id\":\"https:\/\/www.gkl-rijeka.hr\/#website\"},\"primaryImageOfPage\":{\"@id\":\"https:\/\/www.gkl-rijeka.hr\/index.php\/natjecaj-za-radno-mjesto-rekviziter-kostimer\/#primaryimage\"},\"datePublished\":\"2025-04-29T13:49:03+00:00\",\"dateModified\":\"2025-04-29T13:49:55+00:00\",\"inLanguage\":\"en-US\",\"potentialAction\":[{\"@type\":\"ReadAction\",\"target\":[\"https:\/\/www.gkl-rijeka.hr\/index.php\/natjecaj-za-radno-mjesto-rekviziter-kostimer\/\"]}]},{\"@type\":\"Article\",\"@id\":\"https:\/\/www.gkl-rijeka.hr\/index.php\/natjecaj-za-radno-mjesto-rekviziter-kostimer\/#article\",\"isPartOf\":{\"@id\":\"https:\/\/www.gkl-rijeka.hr\/index.php\/natjecaj-za-radno-mjesto-rekviziter-kostimer\/#webpage\"},\"author\":{\"@id\":\"https:\/\/www.gkl-rijeka.hr\/#\/schema\/person\/3d9f7620db983ddf36e45ccae28c8651\"},\"headline\":\"Natje\\u010daj za radno mjesto \\u201eREKVIZITER\/KOSTIMER\\u201c\",\"datePublished\":\"2025-04-29T13:49:03+00:00\",\"dateModified\":\"2025-04-29T13:49:55+00:00\",\"mainEntityOfPage\":{\"@id\":\"https:\/\/www.gkl-rijeka.hr\/index.php\/natjecaj-za-radno-mjesto-rekviziter-kostimer\/#webpage\"},\"publisher\":{\"@id\":\"https:\/\/www.gkl-rijeka.hr\/#organization\"},\"image\":{\"@id\":\"https:\/\/www.gkl-rijeka.hr\/index.php\/natjecaj-za-radno-mjesto-rekviziter-kostimer\/#primaryimage\"},\"articleSection\":\"Novosti\",\"inLanguage\":\"en-US\"},{\"@type\":\"Person\",\"@id\":\"https:\/\/www.gkl-rijeka.hr\/#\/schema\/person\/3d9f7620db983ddf36e45ccae28c8651\",\"name\":\"Marin\",\"image\":{\"@type\":\"ImageObject\",\"@id\":\"https:\/\/www.gkl-rijeka.hr\/#personlogo\",\"inLanguage\":\"en-US\",\"url\":\"https:\/\/secure.gravatar.com\/avatar\/9ba8e90e29bf7b5691a75673ed86bcba?s=96&d=mm&r=g\",\"caption\":\"Marin\"}}]}<\/script>\n<!-- \/ Yoast SEO plugin. -->","_links":{"self":[{"href":"https:\/\/www.gkl-rijeka.hr\/index.php\/wp-json\/wp\/v2\/posts\/16939"}],"collection":[{"href":"https:\/\/www.gkl-rijeka.hr\/index.php\/wp-json\/wp\/v2\/posts"}],"about":[{"href":"https:\/\/www.gkl-rijeka.hr\/index.php\/wp-json\/wp\/v2\/types\/post"}],"author":[{"embeddable":true,"href":"https:\/\/www.gkl-rijeka.hr\/index.php\/wp-json\/wp\/v2\/users\/1"}],"replies":[{"embeddable":true,"href":"https:\/\/www.gkl-rijeka.hr\/index.php\/wp-json\/wp\/v2\/comments?post=16939"}],"version-history":[{"count":2,"href":"https:\/\/www.gkl-rijeka.hr\/index.php\/wp-json\/wp\/v2\/posts\/16939\/revisions"}],"predecessor-version":[{"id":16945,"href":"https:\/\/www.gkl-rijeka.hr\/index.php\/wp-json\/wp\/v2\/posts\/16939\/revisions\/16945"}],"wp:featuredmedia":[{"embeddable":true,"href":"https:\/\/www.gkl-rijeka.hr\/index.php\/wp-json\/wp\/v2\/media\/16943"}],"wp:attachment":[{"href":"https:\/\/www.gkl-rijeka.hr\/index.php\/wp-json\/wp\/v2\/media?parent=16939"}],"wp:term":[{"taxonomy":"category","embeddable":true,"href":"https:\/\/www.gkl-rijeka.hr\/index.php\/wp-json\/wp\/v2\/categories?post=16939"},{"taxonomy":"post_tag","embeddable":true,"href":"https:\/\/www.gkl-rijeka.hr\/index.php\/wp-json\/wp\/v2\/tags?post=16939"}],"curies":[{"name":"wp","href":"https:\/\/api.w.org\/{rel}","templated":true}]}}