{"id":16947,"date":"2025-05-06T12:30:55","date_gmt":"2025-05-06T12:30:55","guid":{"rendered":"https:\/\/www.gkl-rijeka.hr\/?p=16947"},"modified":"2025-05-06T12:31:27","modified_gmt":"2025-05-06T12:31:27","slug":"festivalski-svibanj-2025","status":"publish","type":"post","link":"https:\/\/www.gkl-rijeka.hr\/index.php\/festivalski-svibanj-2025\/","title":{"rendered":"FESTIVALSKI SVIBANJ 2025"},"content":{"rendered":"<p>[et_pb_section admin_label=&#8221;section&#8221;][et_pb_row admin_label=&#8221;Row&#8221;][et_pb_column type=&#8221;4_4&#8243;][et_pb_post_title admin_label=&#8221;Post Title&#8221; title=&#8221;on&#8221; meta=&#8221;off&#8221; author=&#8221;on&#8221; date=&#8221;on&#8221; categories=&#8221;on&#8221; comments=&#8221;on&#8221; featured_image=&#8221;off&#8221; featured_placement=&#8221;below&#8221; parallax_effect=&#8221;off&#8221; parallax_method=&#8221;on&#8221; text_orientation=&#8221;left&#8221; text_color=&#8221;dark&#8221; text_background=&#8221;off&#8221; text_bg_color=&#8221;rgba(255,255,255,0.9)&#8221; module_bg_color=&#8221;rgba(255,255,255,0)&#8221; title_all_caps=&#8221;off&#8221; use_border_color=&#8221;off&#8221; border_color=&#8221;#ffffff&#8221; border_style=&#8221;solid&#8221;]<\/p>\n<p>[\/et_pb_post_title][et_pb_image admin_label=&#8221;Image&#8221; src=&#8221;https:\/\/www.gkl-rijeka.hr\/wp-content\/uploads\/2025\/05\/Dan-kad-sam-se-pretvorio-u-pticu1-1.png&#8221; show_in_lightbox=&#8221;off&#8221; url_new_window=&#8221;off&#8221; animation=&#8221;left&#8221; sticky=&#8221;off&#8221; align=&#8221;center&#8221; force_fullwidth=&#8221;off&#8221; always_center_on_mobile=&#8221;on&#8221; use_border_color=&#8221;off&#8221; border_color=&#8221;#ffffff&#8221; border_style=&#8221;solid&#8221; \/][et_pb_text admin_label=&#8221;Text&#8221; background_layout=&#8221;light&#8221; text_orientation=&#8221;left&#8221; use_border_color=&#8221;off&#8221; border_color=&#8221;#ffffff&#8221; border_style=&#8221;solid&#8221;]<\/p>\n<h2 style=\"text-align: center;\"><strong>SUDJELOVANJA GRADSKOG KAZALI\u0160TA LUTAKA RIJEKA NA ME\u0110UNARODNIM FESTIVALIMA U ZEMLJI I INOZEMSTVU TIJEKOM SVIBNJA 2025.<\/strong><\/h2>\n<p>[\/et_pb_text][et_pb_accordion admin_label=&#8221;Accordion&#8221; use_border_color=&#8221;off&#8221; border_color=&#8221;#ffffff&#8221; border_style=&#8221;solid&#8221;]<\/p>\n<p>[\/et_pb_accordion][et_pb_text admin_label=&#8221;Text&#8221; background_layout=&#8221;light&#8221; text_orientation=&#8221;left&#8221; use_border_color=&#8221;off&#8221; border_color=&#8221;#ffffff&#8221; border_style=&#8221;solid&#8221;]<\/p>\n<p>Tijekom mjeseca svibnja Gradsko kazali\u0161te lutaka Rijeka predstavit \u0107e se na \u010dak tri me\u0111unarodna kazali\u0161na festivala s dvije predstave \u2013 <strong>\u201eAvanture maloga Juju\u201c<\/strong> u <strong>Novom Sadu<\/strong> na <strong>4. Novosadskim pozori\u0161nim igrama<\/strong> i <strong>\u201eBomboniera Variete!\u201c<\/strong> na <strong>27. me\u0111unarodnom lutkarskom festivalu \u201eZlatna iskra\u201c<\/strong> u <strong>Kragujevcu<\/strong> te na<strong> 4. InputFestu u Karlovcu.<\/strong><\/p>\n<p>Predstave su u slu\u017ebenoj konkurenciji za strukovne nagrade u me\u0111unarodnoj konkurenciji renomiranih kazali\u0161ta iz cijelog svijeta na sva tri festivala.<\/p>\n<p>Predstava<strong> \u201eAvanture maloga Juju\u201c<\/strong> vi\u0161estruko je nagra\u0111ivana predstava i ve\u0107 afirmirana na mnogim festivalima, a sada \u0107e se predstaviti i novosadskoj publici u gradu koji je nosio titulu Europske prijestolnice kulture godinu dana nakon Rijeke i suradnja dvaju kazali\u0161ta i festivala, izme\u0111u ostaloga, naslje\u0111e je i tog projekta.<\/p>\n<p>Predstava je premijerno izvedena jo\u0161 2018. godine, ali njena kvaliteta i 7 godina nakon premijere privla\u010di festivalske selektore koji je uvr\u0161tavaju u me\u0111unarodne festivalske repertoare. Predstavu je re\u017eirala Renata Carola Gatica prema tekstu autorica Ivane \u0110ule i Milice Sinkauz inspirirane stihovima istoimene pjesme Petra Bergama i \u017darka Roje). Koreografija je zna\u010dajan element izvedbe i nju potpisuje Damian Cortes Alberti, a predstavu izvode <strong>Andrea \u0160pindel, David Petrovi\u0107, Damir Orli\u0107, Zlatko Vici\u0107 i Tilen Ko\u017eamelj<\/strong> kao Juju.<\/p>\n<p>Predstava se u Novom Sadu izvodi <strong>8. svibnja<\/strong> na maloj sceni Pozori\u0161ta mladih Novi Sad.<\/p>\n<p><strong>\u201eBomboniera Variete!\u201c<\/strong> jedna od novijih rije\u010dkih uspje\u0161nica i hommage gradu Rijeci i predstavlja se publici u Kragujevcu te Karlovcu. Ovaj sjajni lutkarski cabaret re\u017eirao je jedinstveni Matija Solce i rije\u010dko lutkarsko kazali\u0161te jedino je u Hrvatskoj koje ima na repertoaru njegovu predstavu. Razli\u010dite njegove predstave rije\u010dka je publika mogla gledati na mnogim Revijama lutkarskih kazali\u0161ta, dok je \u201eBombonieru\u201c trebao re\u017eirati jo\u0161 2020. za projekt EPK Rijeka2020, me\u0111utim iz poznatih nam razloga to nije tada moglo biti realizirano. Premijerno je \u201eBomboniera Variete!\u201c postavljena u velja\u010di 2024. u Gradskom kazali\u0161tu lutaka Rijeka, te se predstavila na mnogim nacionalnim festivalima kao i u Sloveniji.<\/p>\n<p>Osim na ova dva festivala, po\u010detkom lipnja izvest \u0107e se i na <strong>30. SLUK-u u Osijeku<\/strong>, Susretu lutkara i lutkarskih kazali\u0161ta. Uz Matiju Solcea, velika autorska potpora predstavi je Toma\u0161 \u017di\u017eka, scenograf, kreator objekata i lutaka i kostimograf, uz dramatur\u0161ku suradnju Magdalene Lupi Alvir, a predstavu izvode Petra \u0160arac, Andrea \u0160pindel, David Petrovi\u0107, Tilen Ko\u017eamelj i Damir Orli\u0107. Predstava se <strong>u Kragujevcu izvodi 12. svibnja u 12:00<\/strong> u Knja\u017eevsko &#8211; srpskom teatru, a <strong>u Karlovcu 20. svibnja u 19:00<\/strong> u Zorin \u2013 domu na dan otvaranja festivala.<\/p>\n<p>Ansambli obje predstave ve\u0107 su nagra\u0111ivani za svoje kolektivne izvedbe i rije\u010dko kazali\u0161te lutaka na festivalima predstavlja svoj grad i zemlju u najboljem svjetlu.<\/p>\n<p>[\/et_pb_text][\/et_pb_column][\/et_pb_row][et_pb_row admin_label=&#8221;Row&#8221;][et_pb_column type=&#8221;1_2&#8243;][et_pb_image admin_label=&#8221;Image&#8221; src=&#8221;https:\/\/www.gkl-rijeka.hr\/wp-content\/uploads\/2022\/10\/Juju_27.jpg&#8221; show_in_lightbox=&#8221;off&#8221; url=&#8221;https:\/\/www.gkl-rijeka.hr\/index.php\/bomboniera-variete\/&#8221; url_new_window=&#8221;off&#8221; animation=&#8221;off&#8221; sticky=&#8221;off&#8221; align=&#8221;left&#8221; force_fullwidth=&#8221;off&#8221; always_center_on_mobile=&#8221;on&#8221; use_border_color=&#8221;off&#8221; border_color=&#8221;#ffffff&#8221; border_style=&#8221;solid&#8221;]<\/p>\n<p>[\/et_pb_image][\/et_pb_column][et_pb_column type=&#8221;1_2&#8243;][et_pb_image admin_label=&#8221;Image&#8221; src=&#8221;https:\/\/www.gkl-rijeka.hr\/wp-content\/uploads\/2024\/07\/Bomboniere_012-scaled.jpg&#8221; show_in_lightbox=&#8221;off&#8221; url=&#8221;https:\/\/www.gkl-rijeka.hr\/index.php\/avanture-malog-juju\/&#8221; url_new_window=&#8221;on&#8221; animation=&#8221;off&#8221; sticky=&#8221;off&#8221; align=&#8221;left&#8221; force_fullwidth=&#8221;off&#8221; always_center_on_mobile=&#8221;on&#8221; use_border_color=&#8221;off&#8221; border_color=&#8221;#ffffff&#8221; border_style=&#8221;solid&#8221;]<\/p>\n<p>[\/et_pb_image][\/et_pb_column][\/et_pb_row][\/et_pb_section]<\/p>\n","protected":false},"excerpt":{"rendered":"<p>[et_pb_section admin_label=&#8221;section&#8221;][et_pb_row admin_label=&#8221;Row&#8221;][et_pb_column type=&#8221;4_4&#8243;][et_pb_post_title admin_label=&#8221;Post Title&#8221; title=&#8221;on&#8221; meta=&#8221;off&#8221; author=&#8221;on&#8221; date=&#8221;on&#8221; categories=&#8221;on&#8221; comments=&#8221;on&#8221; featured_image=&#8221;off&#8221; featured_placement=&#8221;below&#8221; parallax_effect=&#8221;off&#8221; parallax_method=&#8221;on&#8221; text_orientation=&#8221;left&#8221; text_color=&#8221;dark&#8221; text_background=&#8221;off&#8221; text_bg_color=&#8221;rgba(255,255,255,0.9)&#8221; module_bg_color=&#8221;rgba(255,255,255,0)&#8221; title_all_caps=&#8221;off&#8221; use_border_color=&#8221;off&#8221; border_color=&#8221;#ffffff&#8221; border_style=&#8221;solid&#8221;] [\/et_pb_post_title][et_pb_image admin_label=&#8221;Image&#8221; src=&#8221;https:\/\/www.gkl-rijeka.hr\/wp-content\/uploads\/2025\/05\/Dan-kad-sam-se-pretvorio-u-pticu1-1.png&#8221; show_in_lightbox=&#8221;off&#8221; url_new_window=&#8221;off&#8221; animation=&#8221;left&#8221; sticky=&#8221;off&#8221; align=&#8221;center&#8221; force_fullwidth=&#8221;off&#8221; always_center_on_mobile=&#8221;on&#8221; use_border_color=&#8221;off&#8221; border_color=&#8221;#ffffff&#8221; border_style=&#8221;solid&#8221; \/][et_pb_text admin_label=&#8221;Text&#8221; background_layout=&#8221;light&#8221; text_orientation=&#8221;left&#8221; use_border_color=&#8221;off&#8221; border_color=&#8221;#ffffff&#8221; border_style=&#8221;solid&#8221;] SUDJELOVANJA GRADSKOG KAZALI\u0160TA LUTAKA RIJEKA NA ME\u0110UNARODNIM FESTIVALIMA U ZEMLJI [&hellip;]<\/p>\n","protected":false},"author":1,"featured_media":16965,"comment_status":"closed","ping_status":"closed","sticky":false,"template":"","format":"standard","meta":{"spay_email":""},"categories":[3],"tags":[],"jetpack_featured_media_url":"https:\/\/www.gkl-rijeka.hr\/wp-content\/uploads\/2025\/05\/tulips-4194243_640.jpg?wsr","yoast_head":"<!-- This site is optimized with the Yoast SEO plugin v15.1.1 - https:\/\/yoast.com\/wordpress\/plugins\/seo\/ -->\n<meta name=\"robots\" content=\"index, follow, max-snippet:-1, max-image-preview:large, max-video-preview:-1\" \/>\n<link rel=\"canonical\" href=\"https:\/\/www.gkl-rijeka.hr\/index.php\/festivalski-svibanj-2025\/\" \/>\n<meta property=\"og:locale\" content=\"en_US\" \/>\n<meta property=\"og:type\" content=\"article\" \/>\n<meta property=\"og:title\" content=\"FESTIVALSKI SVIBANJ 2025 - Gradsko kazali\u0161te lutaka Rijeka\" \/>\n<meta property=\"og:description\" content=\"[et_pb_section admin_label=&#8221;section&#8221;][et_pb_row admin_label=&#8221;Row&#8221;][et_pb_column type=&#8221;4_4&#8243;][et_pb_post_title admin_label=&#8221;Post Title&#8221; title=&#8221;on&#8221; meta=&#8221;off&#8221; author=&#8221;on&#8221; date=&#8221;on&#8221; categories=&#8221;on&#8221; comments=&#8221;on&#8221; featured_image=&#8221;off&#8221; featured_placement=&#8221;below&#8221; parallax_effect=&#8221;off&#8221; parallax_method=&#8221;on&#8221; text_orientation=&#8221;left&#8221; text_color=&#8221;dark&#8221; text_background=&#8221;off&#8221; text_bg_color=&#8221;rgba(255,255,255,0.9)&#8221; module_bg_color=&#8221;rgba(255,255,255,0)&#8221; title_all_caps=&#8221;off&#8221; use_border_color=&#8221;off&#8221; border_color=&#8221;#ffffff&#8221; border_style=&#8221;solid&#8221;] [\/et_pb_post_title][et_pb_image admin_label=&#8221;Image&#8221; src=&#8221;https:\/\/www.gkl-rijeka.hr\/wp-content\/uploads\/2025\/05\/Dan-kad-sam-se-pretvorio-u-pticu1-1.png&#8221; show_in_lightbox=&#8221;off&#8221; url_new_window=&#8221;off&#8221; animation=&#8221;left&#8221; sticky=&#8221;off&#8221; align=&#8221;center&#8221; force_fullwidth=&#8221;off&#8221; always_center_on_mobile=&#8221;on&#8221; use_border_color=&#8221;off&#8221; border_color=&#8221;#ffffff&#8221; border_style=&#8221;solid&#8221; \/][et_pb_text admin_label=&#8221;Text&#8221; background_layout=&#8221;light&#8221; text_orientation=&#8221;left&#8221; use_border_color=&#8221;off&#8221; border_color=&#8221;#ffffff&#8221; border_style=&#8221;solid&#8221;] SUDJELOVANJA GRADSKOG KAZALI\u0160TA LUTAKA RIJEKA NA ME\u0110UNARODNIM FESTIVALIMA U ZEMLJI [&hellip;]\" \/>\n<meta property=\"og:url\" content=\"https:\/\/www.gkl-rijeka.hr\/index.php\/festivalski-svibanj-2025\/\" \/>\n<meta property=\"og:site_name\" content=\"Gradsko kazali\u0161te lutaka Rijeka\" \/>\n<meta property=\"article:publisher\" content=\"https:\/\/www.facebook.com\/gkl.rijeka\" \/>\n<meta property=\"article:published_time\" content=\"2025-05-06T12:30:55+00:00\" \/>\n<meta property=\"article:modified_time\" content=\"2025-05-06T12:31:27+00:00\" \/>\n<meta property=\"og:image\" content=\"https:\/\/www.gkl-rijeka.hr\/wp-content\/uploads\/2025\/05\/tulips-4194243_640.jpg?wsr\" \/>\n\t<meta property=\"og:image:width\" content=\"640\" \/>\n\t<meta property=\"og:image:height\" content=\"401\" \/>\n<meta property=\"fb:app_id\" content=\"368762594246882\" \/>\n<meta name=\"twitter:card\" content=\"summary\" \/>\n<script type=\"application\/ld+json\" class=\"yoast-schema-graph\">{\"@context\":\"https:\/\/schema.org\",\"@graph\":[{\"@type\":\"Organization\",\"@id\":\"https:\/\/www.gkl-rijeka.hr\/#organization\",\"name\":\"Gradsko kazali\\u0161te lutaka Rijeka\",\"url\":\"https:\/\/www.gkl-rijeka.hr\/\",\"sameAs\":[\"https:\/\/www.facebook.com\/gkl.rijeka\"],\"logo\":{\"@type\":\"ImageObject\",\"@id\":\"https:\/\/www.gkl-rijeka.hr\/#logo\",\"inLanguage\":\"en-US\",\"url\":\"https:\/\/www.gkl-rijeka.hr\/wp-content\/uploads\/2020\/10\/logo_boja_01.png?wsr\",\"width\":209,\"height\":280,\"caption\":\"Gradsko kazali\\u0161te lutaka Rijeka\"},\"image\":{\"@id\":\"https:\/\/www.gkl-rijeka.hr\/#logo\"}},{\"@type\":\"WebSite\",\"@id\":\"https:\/\/www.gkl-rijeka.hr\/#website\",\"url\":\"https:\/\/www.gkl-rijeka.hr\/\",\"name\":\"Gradsko kazali\\u0161te lutaka Rijeka\",\"description\":\"\",\"publisher\":{\"@id\":\"https:\/\/www.gkl-rijeka.hr\/#organization\"},\"potentialAction\":[{\"@type\":\"SearchAction\",\"target\":\"https:\/\/www.gkl-rijeka.hr\/?s={search_term_string}\",\"query-input\":\"required name=search_term_string\"}],\"inLanguage\":\"en-US\"},{\"@type\":\"ImageObject\",\"@id\":\"https:\/\/www.gkl-rijeka.hr\/index.php\/festivalski-svibanj-2025\/#primaryimage\",\"inLanguage\":\"en-US\",\"url\":\"https:\/\/www.gkl-rijeka.hr\/wp-content\/uploads\/2025\/05\/tulips-4194243_640.jpg?wsr\",\"width\":640,\"height\":401},{\"@type\":\"WebPage\",\"@id\":\"https:\/\/www.gkl-rijeka.hr\/index.php\/festivalski-svibanj-2025\/#webpage\",\"url\":\"https:\/\/www.gkl-rijeka.hr\/index.php\/festivalski-svibanj-2025\/\",\"name\":\"FESTIVALSKI SVIBANJ 2025 - Gradsko kazali\\u0161te lutaka Rijeka\",\"isPartOf\":{\"@id\":\"https:\/\/www.gkl-rijeka.hr\/#website\"},\"primaryImageOfPage\":{\"@id\":\"https:\/\/www.gkl-rijeka.hr\/index.php\/festivalski-svibanj-2025\/#primaryimage\"},\"datePublished\":\"2025-05-06T12:30:55+00:00\",\"dateModified\":\"2025-05-06T12:31:27+00:00\",\"inLanguage\":\"en-US\",\"potentialAction\":[{\"@type\":\"ReadAction\",\"target\":[\"https:\/\/www.gkl-rijeka.hr\/index.php\/festivalski-svibanj-2025\/\"]}]},{\"@type\":\"Article\",\"@id\":\"https:\/\/www.gkl-rijeka.hr\/index.php\/festivalski-svibanj-2025\/#article\",\"isPartOf\":{\"@id\":\"https:\/\/www.gkl-rijeka.hr\/index.php\/festivalski-svibanj-2025\/#webpage\"},\"author\":{\"@id\":\"https:\/\/www.gkl-rijeka.hr\/#\/schema\/person\/3d9f7620db983ddf36e45ccae28c8651\"},\"headline\":\"FESTIVALSKI SVIBANJ 2025\",\"datePublished\":\"2025-05-06T12:30:55+00:00\",\"dateModified\":\"2025-05-06T12:31:27+00:00\",\"mainEntityOfPage\":{\"@id\":\"https:\/\/www.gkl-rijeka.hr\/index.php\/festivalski-svibanj-2025\/#webpage\"},\"publisher\":{\"@id\":\"https:\/\/www.gkl-rijeka.hr\/#organization\"},\"image\":{\"@id\":\"https:\/\/www.gkl-rijeka.hr\/index.php\/festivalski-svibanj-2025\/#primaryimage\"},\"articleSection\":\"Novosti\",\"inLanguage\":\"en-US\"},{\"@type\":\"Person\",\"@id\":\"https:\/\/www.gkl-rijeka.hr\/#\/schema\/person\/3d9f7620db983ddf36e45ccae28c8651\",\"name\":\"Marin\",\"image\":{\"@type\":\"ImageObject\",\"@id\":\"https:\/\/www.gkl-rijeka.hr\/#personlogo\",\"inLanguage\":\"en-US\",\"url\":\"https:\/\/secure.gravatar.com\/avatar\/9ba8e90e29bf7b5691a75673ed86bcba?s=96&d=mm&r=g\",\"caption\":\"Marin\"}}]}<\/script>\n<!-- \/ Yoast SEO plugin. -->","_links":{"self":[{"href":"https:\/\/www.gkl-rijeka.hr\/index.php\/wp-json\/wp\/v2\/posts\/16947"}],"collection":[{"href":"https:\/\/www.gkl-rijeka.hr\/index.php\/wp-json\/wp\/v2\/posts"}],"about":[{"href":"https:\/\/www.gkl-rijeka.hr\/index.php\/wp-json\/wp\/v2\/types\/post"}],"author":[{"embeddable":true,"href":"https:\/\/www.gkl-rijeka.hr\/index.php\/wp-json\/wp\/v2\/users\/1"}],"replies":[{"embeddable":true,"href":"https:\/\/www.gkl-rijeka.hr\/index.php\/wp-json\/wp\/v2\/comments?post=16947"}],"version-history":[{"count":18,"href":"https:\/\/www.gkl-rijeka.hr\/index.php\/wp-json\/wp\/v2\/posts\/16947\/revisions"}],"predecessor-version":[{"id":16968,"href":"https:\/\/www.gkl-rijeka.hr\/index.php\/wp-json\/wp\/v2\/posts\/16947\/revisions\/16968"}],"wp:featuredmedia":[{"embeddable":true,"href":"https:\/\/www.gkl-rijeka.hr\/index.php\/wp-json\/wp\/v2\/media\/16965"}],"wp:attachment":[{"href":"https:\/\/www.gkl-rijeka.hr\/index.php\/wp-json\/wp\/v2\/media?parent=16947"}],"wp:term":[{"taxonomy":"category","embeddable":true,"href":"https:\/\/www.gkl-rijeka.hr\/index.php\/wp-json\/wp\/v2\/categories?post=16947"},{"taxonomy":"post_tag","embeddable":true,"href":"https:\/\/www.gkl-rijeka.hr\/index.php\/wp-json\/wp\/v2\/tags?post=16947"}],"curies":[{"name":"wp","href":"https:\/\/api.w.org\/{rel}","templated":true}]}}