{"id":16970,"date":"2025-05-12T13:19:39","date_gmt":"2025-05-12T13:19:39","guid":{"rendered":"https:\/\/www.gkl-rijeka.hr\/?p=16970"},"modified":"2025-05-12T13:19:39","modified_gmt":"2025-05-12T13:19:39","slug":"dvije-nagrade-na-medunarodnom-festivalu-u-novom-sadu","status":"publish","type":"post","link":"https:\/\/www.gkl-rijeka.hr\/index.php\/dvije-nagrade-na-medunarodnom-festivalu-u-novom-sadu\/","title":{"rendered":"Dvije nagrade na me\u0111unarodnom festivalu u Novom Sadu"},"content":{"rendered":"<p>[et_pb_section admin_label=&#8221;section&#8221;][et_pb_row admin_label=&#8221;Row&#8221;][et_pb_column type=&#8221;4_4&#8243;][et_pb_post_title admin_label=&#8221;Post Title&#8221; title=&#8221;on&#8221; meta=&#8221;off&#8221; author=&#8221;on&#8221; date=&#8221;on&#8221; categories=&#8221;on&#8221; comments=&#8221;on&#8221; featured_image=&#8221;off&#8221; featured_placement=&#8221;below&#8221; parallax_effect=&#8221;off&#8221; parallax_method=&#8221;on&#8221; text_orientation=&#8221;left&#8221; text_color=&#8221;dark&#8221; text_background=&#8221;off&#8221; text_bg_color=&#8221;rgba(255,255,255,0.9)&#8221; module_bg_color=&#8221;rgba(255,255,255,0)&#8221; title_all_caps=&#8221;off&#8221; use_border_color=&#8221;off&#8221; border_color=&#8221;#ffffff&#8221; border_style=&#8221;solid&#8221;]<br \/>\n[\/et_pb_post_title][et_pb_image admin_label=&#8221;Image&#8221; src=&#8221;https:\/\/www.gkl-rijeka.hr\/wp-content\/uploads\/2025\/05\/Juju_015.jpg&#8221; show_in_lightbox=&#8221;off&#8221; url_new_window=&#8221;off&#8221; animation=&#8221;left&#8221; sticky=&#8221;off&#8221; align=&#8221;center&#8221; force_fullwidth=&#8221;off&#8221; always_center_on_mobile=&#8221;on&#8221; use_border_color=&#8221;off&#8221; border_color=&#8221;#ffffff&#8221; border_style=&#8221;solid&#8221;] [\/et_pb_image][et_pb_text admin_label=&#8221;Text&#8221; background_layout=&#8221;light&#8221; text_orientation=&#8221;left&#8221; use_border_color=&#8221;off&#8221; border_color=&#8221;#ffffff&#8221; border_style=&#8221;solid&#8221;]<\/p>\n<h2 style=\"text-align: center;\"><strong>DVIJE NAGRADE ZA GRADSKO KAZALI\u0160TE LUTAKA RIJEKA NA ME\u0110UNARODNOM FESTIVALU U NOVOM SADU<\/strong><\/h2>\n<p>[\/et_pb_text][et_pb_accordion admin_label=&#8221;Accordion&#8221; use_border_color=&#8221;off&#8221; border_color=&#8221;#ffffff&#8221; border_style=&#8221;solid&#8221;]<br \/>\n[\/et_pb_accordion][et_pb_text admin_label=&#8221;Text&#8221; background_layout=&#8221;light&#8221; text_orientation=&#8221;left&#8221; use_border_color=&#8221;off&#8221; border_color=&#8221;#ffffff&#8221; border_style=&#8221;solid&#8221;]<\/p>\n<p>Na 4. me\u0111unarodnom festivalu profesionalnih kazali\u0161ta za djecu i mlade <em>Novosadske pozori\u0161ne igre<\/em>, koji se odr\u017eao od 7. do 11. svibnja u Novom Sadu, Gradsko kazali\u0161te lutaka Rijeka ostvarilo je zna\u010dajan uspjeh osvojiv\u0161i dvije presti\u017ene nagrade za svoju predstavu <em>Avanture maloga Juju<\/em>, autorica <strong>Ivane \u0110ule i Milice Sinkauz<\/strong> nastalu prema stihovima i skladbi istoimene pjesme autora \u017darka Roje i Petra Bergama u re\u017eiji <strong>Renate Carola Gatice<\/strong>.<\/p>\n<p>Stru\u010dni \u017eiri festivala \u2013 u sastavu kostimografkinja Irina Somborac, redateljica Tamara Ku\u010dinovi\u0107 (predsjednica \u017eirija) i dramaturginja Divna Stojanov \u2013 dodijelio je <strong>specijalnu nagradu za kolektivnu igru ansamblu predstave<\/strong> te <strong>specijalnu nagradu za tekst autoricama Ivani \u0110uli i Milici Sinkauz<\/strong>.<\/p>\n<p>U obrazlo\u017eenju nagrade za kolektivnu igru stoji:<br \/>\n<em>\u201eKolektivna igra glumaca je posve\u0107ena, uigrana i ujedna\u010dena. Svojom fantasti\u010dnom energijom, vje\u0161tim igranjem s ritmom teksta, kori\u0161tenjem raznih glazbenih instrumenata i gluma\u010dkim umije\u0107em \u2013 do\u010darali su nam slikovit svijet malog Juju.\u201c<\/em><\/p>\n<p>Predstavu <em>Avanture maloga Juju<\/em> autorski su oblikovale Ivana \u0110ula i Milica Sinkauz, a upravo je njihov originalni dramski predlo\u017eak osvojio i drugo priznanje \u017eirija.<br \/>\n<em>\u201eAutorice su uspjele da poznatu pjesmu za djecu nadograde, raspi\u0161u, razigraju i raspjevaju u pravu, razumljivu, inspirativnu, sugestivnu avanturu za najmla\u0111i uzrast&#8230;\u201c<\/em>, navodi \u017eiri.<\/p>\n<p>Gluma\u010dki ansambl nagra\u0111ene predstave \u010dine:<strong> Andrea \u0160pindel<\/strong>, <strong>Tilen Ko\u017eamelj, David Petrovi\u0107, Zlatko Vici\u0107 i Damir Orli\u0107<\/strong>. U autorskoj ekipi predstave su i skladateljica <strong>Ivana \u0110ula<\/strong>, kreatorica scenografije objekata i kostima <strong>Alena Pavlovi\u0107, <\/strong>suradnik za scenski pokret <strong>Damian Cortes Alberti, <\/strong>te oblikovatelj svijetla<strong> Sanjin Ser\u0161i\u0107.<\/strong> Gradsko kazali\u0161te lutaka Rijeka ovom prilikom izra\u017eava zahvalnost organizatorima festivala i stru\u010dnom \u017eiriju, te s ponosom isti\u010de uspjeh svojih umjetnika i djelatnika na me\u0111unarodnoj kazali\u0161noj sceni.<\/p>\n<p>[\/et_pb_text][\/et_pb_column][\/et_pb_row][et_pb_row admin_label=&#8221;Row&#8221;][et_pb_column type=&#8221;1_2&#8243;][et_pb_image admin_label=&#8221;Image&#8221; src=&#8221;https:\/\/www.gkl-rijeka.hr\/wp-content\/uploads\/2022\/10\/Juju_27.jpg&#8221; show_in_lightbox=&#8221;off&#8221; url=&#8221;https:\/\/www.gkl-rijeka.hr\/index.php\/bomboniera-variete\/&#8221; url_new_window=&#8221;off&#8221; animation=&#8221;off&#8221; sticky=&#8221;off&#8221; align=&#8221;left&#8221; force_fullwidth=&#8221;off&#8221; always_center_on_mobile=&#8221;on&#8221; use_border_color=&#8221;off&#8221; border_color=&#8221;#ffffff&#8221; border_style=&#8221;solid&#8221;]<br \/>\n[\/et_pb_image][\/et_pb_column][et_pb_column type=&#8221;1_2&#8243;][et_pb_image admin_label=&#8221;Image&#8221; src=&#8221;https:\/\/www.gkl-rijeka.hr\/wp-content\/uploads\/2025\/05\/Juju_02.jpg&#8221; show_in_lightbox=&#8221;off&#8221; url=&#8221;https:\/\/www.gkl-rijeka.hr\/index.php\/avanture-malog-juju\/&#8221; url_new_window=&#8221;on&#8221; animation=&#8221;off&#8221; sticky=&#8221;off&#8221; align=&#8221;left&#8221; force_fullwidth=&#8221;off&#8221; always_center_on_mobile=&#8221;on&#8221; use_border_color=&#8221;off&#8221; border_color=&#8221;#ffffff&#8221; border_style=&#8221;solid&#8221;]<br \/>\n[\/et_pb_image][\/et_pb_column][\/et_pb_row][\/et_pb_section]<\/p>\n","protected":false},"excerpt":{"rendered":"<p>[et_pb_section admin_label=&#8221;section&#8221;][et_pb_row admin_label=&#8221;Row&#8221;][et_pb_column type=&#8221;4_4&#8243;][et_pb_post_title admin_label=&#8221;Post Title&#8221; title=&#8221;on&#8221; meta=&#8221;off&#8221; author=&#8221;on&#8221; date=&#8221;on&#8221; categories=&#8221;on&#8221; comments=&#8221;on&#8221; featured_image=&#8221;off&#8221; featured_placement=&#8221;below&#8221; parallax_effect=&#8221;off&#8221; parallax_method=&#8221;on&#8221; text_orientation=&#8221;left&#8221; text_color=&#8221;dark&#8221; text_background=&#8221;off&#8221; text_bg_color=&#8221;rgba(255,255,255,0.9)&#8221; module_bg_color=&#8221;rgba(255,255,255,0)&#8221; title_all_caps=&#8221;off&#8221; use_border_color=&#8221;off&#8221; border_color=&#8221;#ffffff&#8221; border_style=&#8221;solid&#8221;] [\/et_pb_post_title][et_pb_image admin_label=&#8221;Image&#8221; src=&#8221;https:\/\/www.gkl-rijeka.hr\/wp-content\/uploads\/2025\/05\/Juju_015.jpg&#8221; show_in_lightbox=&#8221;off&#8221; url_new_window=&#8221;off&#8221; animation=&#8221;left&#8221; sticky=&#8221;off&#8221; align=&#8221;center&#8221; force_fullwidth=&#8221;off&#8221; always_center_on_mobile=&#8221;on&#8221; use_border_color=&#8221;off&#8221; border_color=&#8221;#ffffff&#8221; border_style=&#8221;solid&#8221;] [\/et_pb_image][et_pb_text admin_label=&#8221;Text&#8221; background_layout=&#8221;light&#8221; text_orientation=&#8221;left&#8221; use_border_color=&#8221;off&#8221; border_color=&#8221;#ffffff&#8221; border_style=&#8221;solid&#8221;] DVIJE NAGRADE ZA GRADSKO KAZALI\u0160TE LUTAKA RIJEKA NA ME\u0110UNARODNOM FESTIVALU [&hellip;]<\/p>\n","protected":false},"author":1,"featured_media":16971,"comment_status":"closed","ping_status":"closed","sticky":false,"template":"","format":"standard","meta":{"spay_email":""},"categories":[3],"tags":[],"jetpack_featured_media_url":"https:\/\/www.gkl-rijeka.hr\/wp-content\/uploads\/2025\/05\/Juju_015.jpg?wsr","yoast_head":"<!-- This site is optimized with the Yoast SEO plugin v15.1.1 - https:\/\/yoast.com\/wordpress\/plugins\/seo\/ -->\n<meta name=\"robots\" content=\"index, follow, max-snippet:-1, max-image-preview:large, max-video-preview:-1\" \/>\n<link rel=\"canonical\" href=\"https:\/\/www.gkl-rijeka.hr\/index.php\/dvije-nagrade-na-medunarodnom-festivalu-u-novom-sadu\/\" \/>\n<meta property=\"og:locale\" content=\"en_US\" \/>\n<meta property=\"og:type\" content=\"article\" \/>\n<meta property=\"og:title\" content=\"Dvije nagrade na me\u0111unarodnom festivalu u Novom Sadu - Gradsko kazali\u0161te lutaka Rijeka\" \/>\n<meta property=\"og:description\" content=\"[et_pb_section admin_label=&#8221;section&#8221;][et_pb_row admin_label=&#8221;Row&#8221;][et_pb_column type=&#8221;4_4&#8243;][et_pb_post_title admin_label=&#8221;Post Title&#8221; title=&#8221;on&#8221; meta=&#8221;off&#8221; author=&#8221;on&#8221; date=&#8221;on&#8221; categories=&#8221;on&#8221; comments=&#8221;on&#8221; featured_image=&#8221;off&#8221; featured_placement=&#8221;below&#8221; parallax_effect=&#8221;off&#8221; parallax_method=&#8221;on&#8221; text_orientation=&#8221;left&#8221; text_color=&#8221;dark&#8221; text_background=&#8221;off&#8221; text_bg_color=&#8221;rgba(255,255,255,0.9)&#8221; module_bg_color=&#8221;rgba(255,255,255,0)&#8221; title_all_caps=&#8221;off&#8221; use_border_color=&#8221;off&#8221; border_color=&#8221;#ffffff&#8221; border_style=&#8221;solid&#8221;] [\/et_pb_post_title][et_pb_image admin_label=&#8221;Image&#8221; src=&#8221;https:\/\/www.gkl-rijeka.hr\/wp-content\/uploads\/2025\/05\/Juju_015.jpg&#8221; show_in_lightbox=&#8221;off&#8221; url_new_window=&#8221;off&#8221; animation=&#8221;left&#8221; sticky=&#8221;off&#8221; align=&#8221;center&#8221; force_fullwidth=&#8221;off&#8221; always_center_on_mobile=&#8221;on&#8221; use_border_color=&#8221;off&#8221; border_color=&#8221;#ffffff&#8221; border_style=&#8221;solid&#8221;] [\/et_pb_image][et_pb_text admin_label=&#8221;Text&#8221; background_layout=&#8221;light&#8221; text_orientation=&#8221;left&#8221; use_border_color=&#8221;off&#8221; border_color=&#8221;#ffffff&#8221; border_style=&#8221;solid&#8221;] DVIJE NAGRADE ZA GRADSKO KAZALI\u0160TE LUTAKA RIJEKA NA ME\u0110UNARODNOM FESTIVALU [&hellip;]\" \/>\n<meta property=\"og:url\" content=\"https:\/\/www.gkl-rijeka.hr\/index.php\/dvije-nagrade-na-medunarodnom-festivalu-u-novom-sadu\/\" \/>\n<meta property=\"og:site_name\" content=\"Gradsko kazali\u0161te lutaka Rijeka\" \/>\n<meta property=\"article:publisher\" content=\"https:\/\/www.facebook.com\/gkl.rijeka\" \/>\n<meta property=\"article:published_time\" content=\"2025-05-12T13:19:39+00:00\" \/>\n<meta property=\"og:image\" content=\"https:\/\/www.gkl-rijeka.hr\/wp-content\/uploads\/2025\/05\/Juju_015.jpg?wsr\" \/>\n\t<meta property=\"og:image:width\" content=\"1600\" \/>\n\t<meta property=\"og:image:height\" content=\"1067\" \/>\n<meta property=\"fb:app_id\" content=\"368762594246882\" \/>\n<meta name=\"twitter:card\" content=\"summary\" \/>\n<script type=\"application\/ld+json\" class=\"yoast-schema-graph\">{\"@context\":\"https:\/\/schema.org\",\"@graph\":[{\"@type\":\"Organization\",\"@id\":\"https:\/\/www.gkl-rijeka.hr\/#organization\",\"name\":\"Gradsko kazali\\u0161te lutaka Rijeka\",\"url\":\"https:\/\/www.gkl-rijeka.hr\/\",\"sameAs\":[\"https:\/\/www.facebook.com\/gkl.rijeka\"],\"logo\":{\"@type\":\"ImageObject\",\"@id\":\"https:\/\/www.gkl-rijeka.hr\/#logo\",\"inLanguage\":\"en-US\",\"url\":\"https:\/\/www.gkl-rijeka.hr\/wp-content\/uploads\/2020\/10\/logo_boja_01.png?wsr\",\"width\":209,\"height\":280,\"caption\":\"Gradsko kazali\\u0161te lutaka Rijeka\"},\"image\":{\"@id\":\"https:\/\/www.gkl-rijeka.hr\/#logo\"}},{\"@type\":\"WebSite\",\"@id\":\"https:\/\/www.gkl-rijeka.hr\/#website\",\"url\":\"https:\/\/www.gkl-rijeka.hr\/\",\"name\":\"Gradsko kazali\\u0161te lutaka Rijeka\",\"description\":\"\",\"publisher\":{\"@id\":\"https:\/\/www.gkl-rijeka.hr\/#organization\"},\"potentialAction\":[{\"@type\":\"SearchAction\",\"target\":\"https:\/\/www.gkl-rijeka.hr\/?s={search_term_string}\",\"query-input\":\"required name=search_term_string\"}],\"inLanguage\":\"en-US\"},{\"@type\":\"ImageObject\",\"@id\":\"https:\/\/www.gkl-rijeka.hr\/index.php\/dvije-nagrade-na-medunarodnom-festivalu-u-novom-sadu\/#primaryimage\",\"inLanguage\":\"en-US\",\"url\":\"https:\/\/www.gkl-rijeka.hr\/wp-content\/uploads\/2025\/05\/Juju_015.jpg?wsr\",\"width\":1600,\"height\":1067},{\"@type\":\"WebPage\",\"@id\":\"https:\/\/www.gkl-rijeka.hr\/index.php\/dvije-nagrade-na-medunarodnom-festivalu-u-novom-sadu\/#webpage\",\"url\":\"https:\/\/www.gkl-rijeka.hr\/index.php\/dvije-nagrade-na-medunarodnom-festivalu-u-novom-sadu\/\",\"name\":\"Dvije nagrade na me\\u0111unarodnom festivalu u Novom Sadu - Gradsko kazali\\u0161te lutaka Rijeka\",\"isPartOf\":{\"@id\":\"https:\/\/www.gkl-rijeka.hr\/#website\"},\"primaryImageOfPage\":{\"@id\":\"https:\/\/www.gkl-rijeka.hr\/index.php\/dvije-nagrade-na-medunarodnom-festivalu-u-novom-sadu\/#primaryimage\"},\"datePublished\":\"2025-05-12T13:19:39+00:00\",\"dateModified\":\"2025-05-12T13:19:39+00:00\",\"inLanguage\":\"en-US\",\"potentialAction\":[{\"@type\":\"ReadAction\",\"target\":[\"https:\/\/www.gkl-rijeka.hr\/index.php\/dvije-nagrade-na-medunarodnom-festivalu-u-novom-sadu\/\"]}]},{\"@type\":\"Article\",\"@id\":\"https:\/\/www.gkl-rijeka.hr\/index.php\/dvije-nagrade-na-medunarodnom-festivalu-u-novom-sadu\/#article\",\"isPartOf\":{\"@id\":\"https:\/\/www.gkl-rijeka.hr\/index.php\/dvije-nagrade-na-medunarodnom-festivalu-u-novom-sadu\/#webpage\"},\"author\":{\"@id\":\"https:\/\/www.gkl-rijeka.hr\/#\/schema\/person\/3d9f7620db983ddf36e45ccae28c8651\"},\"headline\":\"Dvije nagrade na me\\u0111unarodnom festivalu u Novom Sadu\",\"datePublished\":\"2025-05-12T13:19:39+00:00\",\"dateModified\":\"2025-05-12T13:19:39+00:00\",\"mainEntityOfPage\":{\"@id\":\"https:\/\/www.gkl-rijeka.hr\/index.php\/dvije-nagrade-na-medunarodnom-festivalu-u-novom-sadu\/#webpage\"},\"publisher\":{\"@id\":\"https:\/\/www.gkl-rijeka.hr\/#organization\"},\"image\":{\"@id\":\"https:\/\/www.gkl-rijeka.hr\/index.php\/dvije-nagrade-na-medunarodnom-festivalu-u-novom-sadu\/#primaryimage\"},\"articleSection\":\"Novosti\",\"inLanguage\":\"en-US\"},{\"@type\":\"Person\",\"@id\":\"https:\/\/www.gkl-rijeka.hr\/#\/schema\/person\/3d9f7620db983ddf36e45ccae28c8651\",\"name\":\"Marin\",\"image\":{\"@type\":\"ImageObject\",\"@id\":\"https:\/\/www.gkl-rijeka.hr\/#personlogo\",\"inLanguage\":\"en-US\",\"url\":\"https:\/\/secure.gravatar.com\/avatar\/9ba8e90e29bf7b5691a75673ed86bcba?s=96&d=mm&r=g\",\"caption\":\"Marin\"}}]}<\/script>\n<!-- \/ Yoast SEO plugin. -->","_links":{"self":[{"href":"https:\/\/www.gkl-rijeka.hr\/index.php\/wp-json\/wp\/v2\/posts\/16970"}],"collection":[{"href":"https:\/\/www.gkl-rijeka.hr\/index.php\/wp-json\/wp\/v2\/posts"}],"about":[{"href":"https:\/\/www.gkl-rijeka.hr\/index.php\/wp-json\/wp\/v2\/types\/post"}],"author":[{"embeddable":true,"href":"https:\/\/www.gkl-rijeka.hr\/index.php\/wp-json\/wp\/v2\/users\/1"}],"replies":[{"embeddable":true,"href":"https:\/\/www.gkl-rijeka.hr\/index.php\/wp-json\/wp\/v2\/comments?post=16970"}],"version-history":[{"count":2,"href":"https:\/\/www.gkl-rijeka.hr\/index.php\/wp-json\/wp\/v2\/posts\/16970\/revisions"}],"predecessor-version":[{"id":16974,"href":"https:\/\/www.gkl-rijeka.hr\/index.php\/wp-json\/wp\/v2\/posts\/16970\/revisions\/16974"}],"wp:featuredmedia":[{"embeddable":true,"href":"https:\/\/www.gkl-rijeka.hr\/index.php\/wp-json\/wp\/v2\/media\/16971"}],"wp:attachment":[{"href":"https:\/\/www.gkl-rijeka.hr\/index.php\/wp-json\/wp\/v2\/media?parent=16970"}],"wp:term":[{"taxonomy":"category","embeddable":true,"href":"https:\/\/www.gkl-rijeka.hr\/index.php\/wp-json\/wp\/v2\/categories?post=16970"},{"taxonomy":"post_tag","embeddable":true,"href":"https:\/\/www.gkl-rijeka.hr\/index.php\/wp-json\/wp\/v2\/tags?post=16970"}],"curies":[{"name":"wp","href":"https:\/\/api.w.org\/{rel}","templated":true}]}}