{"id":17037,"date":"2025-06-06T11:43:31","date_gmt":"2025-06-06T11:43:31","guid":{"rendered":"https:\/\/www.gkl-rijeka.hr\/?p=17037"},"modified":"2025-06-06T11:51:44","modified_gmt":"2025-06-06T11:51:44","slug":"gradsko-kazaliste-lutaka-rijeka-dobitnik-nagrada-na-jubilarnom-30-sluk-u-u-osijeku","status":"publish","type":"post","link":"https:\/\/www.gkl-rijeka.hr\/index.php\/gradsko-kazaliste-lutaka-rijeka-dobitnik-nagrada-na-jubilarnom-30-sluk-u-u-osijeku\/","title":{"rendered":"Bomboniera Variete! dobitnik nagrada na jubilarnom 30. SLUK-u u Osijeku!"},"content":{"rendered":"<p>Gradsko kazali\u0161te lutaka Rijeka s ponosom objavljuje kako je na 30. Susretu lutkara i lutkarskih kazali\u0161ta Hrvatske (SLUK), odr\u017eanom u Osijeku, osvojilo dvije nagrade za predstavu <em>Bomboniera Variete!<\/em>.<\/p>\n<p>Ovogodi\u0161nje jubilarno izdanje SLUK-a, odr\u017eano u znaku inovacije, umjetni\u010dke hrabrosti i predanosti lutkarskoj umjetnosti, okupilo je vode\u0107e hrvatske kazali\u0161ne ansamble, a nagrade je dodijelilo stru\u010dno povjerenstvo u sastavu: Hana Kuni\u0107, glumica-lutkarica i dramaturginja, Vahid Durakovi\u0107, dramaturg, pisac i scenarist iz BiH te Mario Kova\u010d (redatelj i kazali\u0161ni pedagog).<\/p>\n<p>Predstava <em>Bomboniera Variete!<\/em> osvojila je sljede\u0107a priznanja:<\/p>\n<ul>\n<li><strong>Nagrada za najbolju kostimografiju<\/strong> \u2013 <em>Toma\u0161 \u017di\u017eka<\/em>, &#8211; <em>Bomboniera Variete!, <\/em>Gradsko kazali\u0161te lutaka Rijeka<\/li>\n<li><strong>Posebna nagrada za kolektivnu igru ansambla<\/strong> \u2013 <em>Bomboniera Variete!<\/em>, Gradsko kazali\u0161te lutaka Rijeka<\/li>\n<\/ul>\n<p>U re\u017eiji, autorskom konceptu i skladbi <strong>Matije Solcea<\/strong>, predstava <strong><em>Bomboniera Variete!<\/em><\/strong> donosi originalan lutkarski kabaret koji kroz humor, glazbu u\u017eivo i raznovrsne lutkarske tehnike vodi publiku na putovanje kroz povijest i sje\u0107anja grada Rijeke. Inspirirana rije\u010dkom industrijskom i lutkarskom ba\u0161tinom, predstava o\u017eivljava pri\u010de o slavnim rije\u010dkim proizvodima i ljudima.<\/p>\n<p>Kreator objekata i lutaka, scenografije i kostima je nagra\u0111eni <strong>Toma\u0161 \u017di\u017eka<\/strong>, a izvo\u0111a\u010di su <strong>Petra \u0160arac, Andrea \u0160pindel, Tilen Ko\u017eamelj, Damir Orli\u0107 i David Petrovi\u0107.<\/strong><\/p>\n<p>SLUK je i ove godine potvrdio da hrvatsko lutkarstvo ne prestaje evoluirati, osvajati i inspirirati.<\/p>\n<p>Susret lutkara i lutkarskih kazali\u0161ta Hrvatske organiziraju Dje\u010dje kazali\u0161te Branka Mihaljevi\u0107a, HC UNIMA i Akademija za umjetnost i kulturu, uz podr\u0161ku Grada Osijeka i Ministarstva kulture i medija Republike Hrvatske.<\/p>\n<p><img loading=\"lazy\" class=\" wp-image-17038 aligncenter\" src=\"https:\/\/www.gkl-rijeka.hr\/wp-content\/uploads\/2025\/06\/20250606_130431-768x1024.jpg\" alt=\"\" width=\"539\" height=\"719\" srcset=\"https:\/\/www.gkl-rijeka.hr\/wp-content\/uploads\/2025\/06\/20250606_130431-768x1024.jpg 768w, https:\/\/www.gkl-rijeka.hr\/wp-content\/uploads\/2025\/06\/20250606_130431-600x800.jpg 600w, https:\/\/www.gkl-rijeka.hr\/wp-content\/uploads\/2025\/06\/20250606_130431-1152x1536.jpg 1152w, https:\/\/www.gkl-rijeka.hr\/wp-content\/uploads\/2025\/06\/20250606_130431-1080x1440.jpg 1080w, https:\/\/www.gkl-rijeka.hr\/wp-content\/uploads\/2025\/06\/20250606_130431.jpg 1200w\" sizes=\"(max-width: 539px) 100vw, 539px\" \/><\/p>\n<p>&nbsp;<\/p>\n<p>&nbsp;<\/p>\n","protected":false},"excerpt":{"rendered":"<p>Gradsko kazali\u0161te lutaka Rijeka s ponosom objavljuje kako je na 30. Susretu lutkara i lutkarskih kazali\u0161ta Hrvatske (SLUK), odr\u017eanom u Osijeku, osvojilo dvije nagrade za predstavu Bomboniera Variete!. Ovogodi\u0161nje jubilarno izdanje SLUK-a, odr\u017eano u znaku inovacije, umjetni\u010dke hrabrosti i predanosti lutkarskoj umjetnosti, okupilo je vode\u0107e hrvatske kazali\u0161ne ansamble, a nagrade je dodijelilo stru\u010dno povjerenstvo u [&hellip;]<\/p>\n","protected":false},"author":1,"featured_media":15859,"comment_status":"closed","ping_status":"closed","sticky":false,"template":"","format":"standard","meta":{"spay_email":""},"categories":[3],"tags":[],"jetpack_featured_media_url":"https:\/\/www.gkl-rijeka.hr\/wp-content\/uploads\/2024\/02\/Bomboniere_012-scaled.jpg?wsr","yoast_head":"<!-- This site is optimized with the Yoast SEO plugin v15.1.1 - https:\/\/yoast.com\/wordpress\/plugins\/seo\/ -->\n<meta name=\"robots\" content=\"index, follow, max-snippet:-1, max-image-preview:large, max-video-preview:-1\" \/>\n<link rel=\"canonical\" href=\"https:\/\/www.gkl-rijeka.hr\/index.php\/gradsko-kazaliste-lutaka-rijeka-dobitnik-nagrada-na-jubilarnom-30-sluk-u-u-osijeku\/\" \/>\n<meta property=\"og:locale\" content=\"en_US\" \/>\n<meta property=\"og:type\" content=\"article\" \/>\n<meta property=\"og:title\" content=\"Bomboniera Variete! dobitnik nagrada na jubilarnom 30. SLUK-u u Osijeku! - Gradsko kazali\u0161te lutaka Rijeka\" \/>\n<meta property=\"og:description\" content=\"Gradsko kazali\u0161te lutaka Rijeka s ponosom objavljuje kako je na 30. Susretu lutkara i lutkarskih kazali\u0161ta Hrvatske (SLUK), odr\u017eanom u Osijeku, osvojilo dvije nagrade za predstavu Bomboniera Variete!. Ovogodi\u0161nje jubilarno izdanje SLUK-a, odr\u017eano u znaku inovacije, umjetni\u010dke hrabrosti i predanosti lutkarskoj umjetnosti, okupilo je vode\u0107e hrvatske kazali\u0161ne ansamble, a nagrade je dodijelilo stru\u010dno povjerenstvo u [&hellip;]\" \/>\n<meta property=\"og:url\" content=\"https:\/\/www.gkl-rijeka.hr\/index.php\/gradsko-kazaliste-lutaka-rijeka-dobitnik-nagrada-na-jubilarnom-30-sluk-u-u-osijeku\/\" \/>\n<meta property=\"og:site_name\" content=\"Gradsko kazali\u0161te lutaka Rijeka\" \/>\n<meta property=\"article:publisher\" content=\"https:\/\/www.facebook.com\/gkl.rijeka\" \/>\n<meta property=\"article:published_time\" content=\"2025-06-06T11:43:31+00:00\" \/>\n<meta property=\"article:modified_time\" content=\"2025-06-06T11:51:44+00:00\" \/>\n<meta property=\"og:image\" content=\"https:\/\/www.gkl-rijeka.hr\/wp-content\/uploads\/2024\/02\/Bomboniere_012-scaled.jpg?wsr\" \/>\n\t<meta property=\"og:image:width\" content=\"2560\" \/>\n\t<meta property=\"og:image:height\" content=\"1707\" \/>\n<meta property=\"fb:app_id\" content=\"368762594246882\" \/>\n<meta name=\"twitter:card\" content=\"summary\" \/>\n<script type=\"application\/ld+json\" class=\"yoast-schema-graph\">{\"@context\":\"https:\/\/schema.org\",\"@graph\":[{\"@type\":\"Organization\",\"@id\":\"https:\/\/www.gkl-rijeka.hr\/#organization\",\"name\":\"Gradsko kazali\\u0161te lutaka Rijeka\",\"url\":\"https:\/\/www.gkl-rijeka.hr\/\",\"sameAs\":[\"https:\/\/www.facebook.com\/gkl.rijeka\"],\"logo\":{\"@type\":\"ImageObject\",\"@id\":\"https:\/\/www.gkl-rijeka.hr\/#logo\",\"inLanguage\":\"en-US\",\"url\":\"https:\/\/www.gkl-rijeka.hr\/wp-content\/uploads\/2020\/10\/logo_boja_01.png?wsr\",\"width\":209,\"height\":280,\"caption\":\"Gradsko kazali\\u0161te lutaka Rijeka\"},\"image\":{\"@id\":\"https:\/\/www.gkl-rijeka.hr\/#logo\"}},{\"@type\":\"WebSite\",\"@id\":\"https:\/\/www.gkl-rijeka.hr\/#website\",\"url\":\"https:\/\/www.gkl-rijeka.hr\/\",\"name\":\"Gradsko kazali\\u0161te lutaka Rijeka\",\"description\":\"\",\"publisher\":{\"@id\":\"https:\/\/www.gkl-rijeka.hr\/#organization\"},\"potentialAction\":[{\"@type\":\"SearchAction\",\"target\":\"https:\/\/www.gkl-rijeka.hr\/?s={search_term_string}\",\"query-input\":\"required name=search_term_string\"}],\"inLanguage\":\"en-US\"},{\"@type\":\"ImageObject\",\"@id\":\"https:\/\/www.gkl-rijeka.hr\/index.php\/gradsko-kazaliste-lutaka-rijeka-dobitnik-nagrada-na-jubilarnom-30-sluk-u-u-osijeku\/#primaryimage\",\"inLanguage\":\"en-US\",\"url\":\"https:\/\/www.gkl-rijeka.hr\/wp-content\/uploads\/2024\/02\/Bomboniere_012-scaled.jpg?wsr\",\"width\":2560,\"height\":1707},{\"@type\":\"WebPage\",\"@id\":\"https:\/\/www.gkl-rijeka.hr\/index.php\/gradsko-kazaliste-lutaka-rijeka-dobitnik-nagrada-na-jubilarnom-30-sluk-u-u-osijeku\/#webpage\",\"url\":\"https:\/\/www.gkl-rijeka.hr\/index.php\/gradsko-kazaliste-lutaka-rijeka-dobitnik-nagrada-na-jubilarnom-30-sluk-u-u-osijeku\/\",\"name\":\"Bomboniera Variete! dobitnik nagrada na jubilarnom 30. SLUK-u u Osijeku! - Gradsko kazali\\u0161te lutaka Rijeka\",\"isPartOf\":{\"@id\":\"https:\/\/www.gkl-rijeka.hr\/#website\"},\"primaryImageOfPage\":{\"@id\":\"https:\/\/www.gkl-rijeka.hr\/index.php\/gradsko-kazaliste-lutaka-rijeka-dobitnik-nagrada-na-jubilarnom-30-sluk-u-u-osijeku\/#primaryimage\"},\"datePublished\":\"2025-06-06T11:43:31+00:00\",\"dateModified\":\"2025-06-06T11:51:44+00:00\",\"inLanguage\":\"en-US\",\"potentialAction\":[{\"@type\":\"ReadAction\",\"target\":[\"https:\/\/www.gkl-rijeka.hr\/index.php\/gradsko-kazaliste-lutaka-rijeka-dobitnik-nagrada-na-jubilarnom-30-sluk-u-u-osijeku\/\"]}]},{\"@type\":\"Article\",\"@id\":\"https:\/\/www.gkl-rijeka.hr\/index.php\/gradsko-kazaliste-lutaka-rijeka-dobitnik-nagrada-na-jubilarnom-30-sluk-u-u-osijeku\/#article\",\"isPartOf\":{\"@id\":\"https:\/\/www.gkl-rijeka.hr\/index.php\/gradsko-kazaliste-lutaka-rijeka-dobitnik-nagrada-na-jubilarnom-30-sluk-u-u-osijeku\/#webpage\"},\"author\":{\"@id\":\"https:\/\/www.gkl-rijeka.hr\/#\/schema\/person\/3d9f7620db983ddf36e45ccae28c8651\"},\"headline\":\"Bomboniera Variete! dobitnik nagrada na jubilarnom 30. SLUK-u u Osijeku!\",\"datePublished\":\"2025-06-06T11:43:31+00:00\",\"dateModified\":\"2025-06-06T11:51:44+00:00\",\"mainEntityOfPage\":{\"@id\":\"https:\/\/www.gkl-rijeka.hr\/index.php\/gradsko-kazaliste-lutaka-rijeka-dobitnik-nagrada-na-jubilarnom-30-sluk-u-u-osijeku\/#webpage\"},\"publisher\":{\"@id\":\"https:\/\/www.gkl-rijeka.hr\/#organization\"},\"image\":{\"@id\":\"https:\/\/www.gkl-rijeka.hr\/index.php\/gradsko-kazaliste-lutaka-rijeka-dobitnik-nagrada-na-jubilarnom-30-sluk-u-u-osijeku\/#primaryimage\"},\"articleSection\":\"Novosti\",\"inLanguage\":\"en-US\"},{\"@type\":\"Person\",\"@id\":\"https:\/\/www.gkl-rijeka.hr\/#\/schema\/person\/3d9f7620db983ddf36e45ccae28c8651\",\"name\":\"Marin\",\"image\":{\"@type\":\"ImageObject\",\"@id\":\"https:\/\/www.gkl-rijeka.hr\/#personlogo\",\"inLanguage\":\"en-US\",\"url\":\"https:\/\/secure.gravatar.com\/avatar\/9ba8e90e29bf7b5691a75673ed86bcba?s=96&d=mm&r=g\",\"caption\":\"Marin\"}}]}<\/script>\n<!-- \/ Yoast SEO plugin. -->","_links":{"self":[{"href":"https:\/\/www.gkl-rijeka.hr\/index.php\/wp-json\/wp\/v2\/posts\/17037"}],"collection":[{"href":"https:\/\/www.gkl-rijeka.hr\/index.php\/wp-json\/wp\/v2\/posts"}],"about":[{"href":"https:\/\/www.gkl-rijeka.hr\/index.php\/wp-json\/wp\/v2\/types\/post"}],"author":[{"embeddable":true,"href":"https:\/\/www.gkl-rijeka.hr\/index.php\/wp-json\/wp\/v2\/users\/1"}],"replies":[{"embeddable":true,"href":"https:\/\/www.gkl-rijeka.hr\/index.php\/wp-json\/wp\/v2\/comments?post=17037"}],"version-history":[{"count":6,"href":"https:\/\/www.gkl-rijeka.hr\/index.php\/wp-json\/wp\/v2\/posts\/17037\/revisions"}],"predecessor-version":[{"id":17044,"href":"https:\/\/www.gkl-rijeka.hr\/index.php\/wp-json\/wp\/v2\/posts\/17037\/revisions\/17044"}],"wp:featuredmedia":[{"embeddable":true,"href":"https:\/\/www.gkl-rijeka.hr\/index.php\/wp-json\/wp\/v2\/media\/15859"}],"wp:attachment":[{"href":"https:\/\/www.gkl-rijeka.hr\/index.php\/wp-json\/wp\/v2\/media?parent=17037"}],"wp:term":[{"taxonomy":"category","embeddable":true,"href":"https:\/\/www.gkl-rijeka.hr\/index.php\/wp-json\/wp\/v2\/categories?post=17037"},{"taxonomy":"post_tag","embeddable":true,"href":"https:\/\/www.gkl-rijeka.hr\/index.php\/wp-json\/wp\/v2\/tags?post=17037"}],"curies":[{"name":"wp","href":"https:\/\/api.w.org\/{rel}","templated":true}]}}