{"id":17089,"date":"2025-07-01T12:06:24","date_gmt":"2025-07-01T12:06:24","guid":{"rendered":"https:\/\/www.gkl-rijeka.hr\/?p=17089"},"modified":"2025-07-01T12:06:24","modified_gmt":"2025-07-01T12:06:24","slug":"promjena-predstave-otkazana-predstava-tok-tok-tok","status":"publish","type":"post","link":"https:\/\/www.gkl-rijeka.hr\/index.php\/promjena-predstave-otkazana-predstava-tok-tok-tok\/","title":{"rendered":"PROMJENA PREDSTAVE &#8211; otkazana predstava TOK, TOK, TOK"},"content":{"rendered":"<h2>OBAVIJEST O PROMIJENI PREDSTAVE<\/h2>\n<p>Zbog bolesti unutar gluma\u010dkog ansambla gostuju\u0107eg kazali\u0161ta, <span class=\"xv78j7m\" spellcheck=\"false\">Lutkovnog gledali\u0161\u0107a Maribor<\/span>, na\u017ealost moramo otkazati najavljenu predstavu &#8220;Tok, tok, tok&#8221;, koja se trebala odr\u017eati u srijedu, 2. srpnja u 17:00 i 18:30 sati u Dje\u010djoj ku\u0107i, u sklopu festivala Tobogan.<\/p>\n<p><span class=\"x1xsqp64 xiy17q3 x1o6pynw x19co3pv xdj266r xjn30re xat24cr x1hb08if x2b8uid\" data-testid=\"emoji\"><span class=\"xexx8yu xcaqkgz x18d9i69 xbwkkl7 x3jgonx x1bhl96m\"><\/span><\/span> Umjesto otkazane predstave, izvest \u0107emo predstavu &#8220;Gdje su nestale \u010darapice?&#8221; namijenjenu istoj dobnoj skupini \u2013 bebama i djeci uzrasta od 6 mjeseci do 3 godine \u2013 u produkciji Gradskog kazali\u0161ta lutaka Rijeka, i to u istim terminima,<\/p>\n<p><span class=\"x1xsqp64 xiy17q3 x1o6pynw x19co3pv xdj266r xjn30re xat24cr x1hb08if x2b8uid\" data-testid=\"emoji\"><span class=\"xexx8yu xcaqkgz x18d9i69 xbwkkl7 x3jgonx x1bhl96m\"><\/span><\/span> Kupljene ulaznice vrijede i za zamjensku predstavu.<br \/>\nUkoliko vam promjena ne odgovara, mo\u017eete zatra\u017eiti povrat sredstava slanjem e-maila na: blagajna.gklri@gmail.com<\/p>\n<p>Hvala vam na razumijevanju i vidimo se u Dje\u010djoj ku\u0107i! <span class=\"x1xsqp64 xiy17q3 x1o6pynw x19co3pv xdj266r xjn30re xat24cr x1hb08if x2b8uid\" data-testid=\"emoji\"><span class=\"xexx8yu xcaqkgz x18d9i69 xbwkkl7 x3jgonx x1bhl96m\"><\/span><\/span><span class=\"x1xsqp64 xiy17q3 x1o6pynw x19co3pv xdj266r xjn30re xat24cr x1hb08if x2b8uid\" data-testid=\"emoji\"><span class=\"xexx8yu xcaqkgz x18d9i69 xbwkkl7 x3jgonx x1bhl96m\"><\/span><\/span><\/p>\n<p>&nbsp;<\/p>\n<p>&nbsp;<\/p>\n<p><img loading=\"lazy\" class=\"wp-image-17090 aligncenter\" src=\"https:\/\/www.gkl-rijeka.hr\/wp-content\/uploads\/2025\/07\/IMG-f8fc37771241594f329ca1cd7047d6dd-V-768x1024.jpg\" alt=\"\" width=\"509\" height=\"679\" srcset=\"https:\/\/www.gkl-rijeka.hr\/wp-content\/uploads\/2025\/07\/IMG-f8fc37771241594f329ca1cd7047d6dd-V-768x1024.jpg 768w, https:\/\/www.gkl-rijeka.hr\/wp-content\/uploads\/2025\/07\/IMG-f8fc37771241594f329ca1cd7047d6dd-V-600x800.jpg 600w, https:\/\/www.gkl-rijeka.hr\/wp-content\/uploads\/2025\/07\/IMG-f8fc37771241594f329ca1cd7047d6dd-V-1152x1536.jpg 1152w, https:\/\/www.gkl-rijeka.hr\/wp-content\/uploads\/2025\/07\/IMG-f8fc37771241594f329ca1cd7047d6dd-V-1080x1440.jpg 1080w, https:\/\/www.gkl-rijeka.hr\/wp-content\/uploads\/2025\/07\/IMG-f8fc37771241594f329ca1cd7047d6dd-V.jpg 1200w\" sizes=\"(max-width: 509px) 100vw, 509px\" \/><\/p>\n","protected":false},"excerpt":{"rendered":"<p>OBAVIJEST O PROMIJENI PREDSTAVE Zbog bolesti unutar gluma\u010dkog ansambla gostuju\u0107eg kazali\u0161ta, Lutkovnog gledali\u0161\u0107a Maribor, na\u017ealost moramo otkazati najavljenu predstavu &#8220;Tok, tok, tok&#8221;, koja se trebala odr\u017eati u srijedu, 2. srpnja u 17:00 i 18:30 sati u Dje\u010djoj ku\u0107i, u sklopu festivala Tobogan. Umjesto otkazane predstave, izvest \u0107emo predstavu &#8220;Gdje su nestale \u010darapice?&#8221; namijenjenu istoj dobnoj [&hellip;]<\/p>\n","protected":false},"author":1,"featured_media":17022,"comment_status":"closed","ping_status":"closed","sticky":false,"template":"","format":"standard","meta":{"spay_email":""},"categories":[3],"tags":[],"jetpack_featured_media_url":"https:\/\/www.gkl-rijeka.hr\/wp-content\/uploads\/2025\/06\/195A7774-Edit_bw.jpg?wsr","yoast_head":"<!-- This site is optimized with the Yoast SEO plugin v15.1.1 - https:\/\/yoast.com\/wordpress\/plugins\/seo\/ -->\n<meta name=\"robots\" content=\"index, follow, max-snippet:-1, max-image-preview:large, max-video-preview:-1\" \/>\n<link rel=\"canonical\" href=\"https:\/\/www.gkl-rijeka.hr\/index.php\/promjena-predstave-otkazana-predstava-tok-tok-tok\/\" \/>\n<meta property=\"og:locale\" content=\"en_US\" \/>\n<meta property=\"og:type\" content=\"article\" \/>\n<meta property=\"og:title\" content=\"PROMJENA PREDSTAVE - otkazana predstava TOK, TOK, TOK - Gradsko kazali\u0161te lutaka Rijeka\" \/>\n<meta property=\"og:description\" content=\"OBAVIJEST O PROMIJENI PREDSTAVE Zbog bolesti unutar gluma\u010dkog ansambla gostuju\u0107eg kazali\u0161ta, Lutkovnog gledali\u0161\u0107a Maribor, na\u017ealost moramo otkazati najavljenu predstavu &#8220;Tok, tok, tok&#8221;, koja se trebala odr\u017eati u srijedu, 2. srpnja u 17:00 i 18:30 sati u Dje\u010djoj ku\u0107i, u sklopu festivala Tobogan. Umjesto otkazane predstave, izvest \u0107emo predstavu &#8220;Gdje su nestale \u010darapice?&#8221; namijenjenu istoj dobnoj [&hellip;]\" \/>\n<meta property=\"og:url\" content=\"https:\/\/www.gkl-rijeka.hr\/index.php\/promjena-predstave-otkazana-predstava-tok-tok-tok\/\" \/>\n<meta property=\"og:site_name\" content=\"Gradsko kazali\u0161te lutaka Rijeka\" \/>\n<meta property=\"article:publisher\" content=\"https:\/\/www.facebook.com\/gkl.rijeka\" \/>\n<meta property=\"article:published_time\" content=\"2025-07-01T12:06:24+00:00\" \/>\n<meta property=\"og:image\" content=\"https:\/\/www.gkl-rijeka.hr\/wp-content\/uploads\/2025\/06\/195A7774-Edit_bw.jpg?wsr\" \/>\n\t<meta property=\"og:image:width\" content=\"1200\" \/>\n\t<meta property=\"og:image:height\" content=\"800\" \/>\n<meta property=\"fb:app_id\" content=\"368762594246882\" \/>\n<meta name=\"twitter:card\" content=\"summary\" \/>\n<script type=\"application\/ld+json\" class=\"yoast-schema-graph\">{\"@context\":\"https:\/\/schema.org\",\"@graph\":[{\"@type\":\"Organization\",\"@id\":\"https:\/\/www.gkl-rijeka.hr\/#organization\",\"name\":\"Gradsko kazali\\u0161te lutaka Rijeka\",\"url\":\"https:\/\/www.gkl-rijeka.hr\/\",\"sameAs\":[\"https:\/\/www.facebook.com\/gkl.rijeka\"],\"logo\":{\"@type\":\"ImageObject\",\"@id\":\"https:\/\/www.gkl-rijeka.hr\/#logo\",\"inLanguage\":\"en-US\",\"url\":\"https:\/\/www.gkl-rijeka.hr\/wp-content\/uploads\/2020\/10\/logo_boja_01.png?wsr\",\"width\":209,\"height\":280,\"caption\":\"Gradsko kazali\\u0161te lutaka Rijeka\"},\"image\":{\"@id\":\"https:\/\/www.gkl-rijeka.hr\/#logo\"}},{\"@type\":\"WebSite\",\"@id\":\"https:\/\/www.gkl-rijeka.hr\/#website\",\"url\":\"https:\/\/www.gkl-rijeka.hr\/\",\"name\":\"Gradsko kazali\\u0161te lutaka Rijeka\",\"description\":\"\",\"publisher\":{\"@id\":\"https:\/\/www.gkl-rijeka.hr\/#organization\"},\"potentialAction\":[{\"@type\":\"SearchAction\",\"target\":\"https:\/\/www.gkl-rijeka.hr\/?s={search_term_string}\",\"query-input\":\"required name=search_term_string\"}],\"inLanguage\":\"en-US\"},{\"@type\":\"ImageObject\",\"@id\":\"https:\/\/www.gkl-rijeka.hr\/index.php\/promjena-predstave-otkazana-predstava-tok-tok-tok\/#primaryimage\",\"inLanguage\":\"en-US\",\"url\":\"https:\/\/www.gkl-rijeka.hr\/wp-content\/uploads\/2025\/06\/195A7774-Edit_bw.jpg?wsr\",\"width\":1200,\"height\":800},{\"@type\":\"WebPage\",\"@id\":\"https:\/\/www.gkl-rijeka.hr\/index.php\/promjena-predstave-otkazana-predstava-tok-tok-tok\/#webpage\",\"url\":\"https:\/\/www.gkl-rijeka.hr\/index.php\/promjena-predstave-otkazana-predstava-tok-tok-tok\/\",\"name\":\"PROMJENA PREDSTAVE - otkazana predstava TOK, TOK, TOK - Gradsko kazali\\u0161te lutaka Rijeka\",\"isPartOf\":{\"@id\":\"https:\/\/www.gkl-rijeka.hr\/#website\"},\"primaryImageOfPage\":{\"@id\":\"https:\/\/www.gkl-rijeka.hr\/index.php\/promjena-predstave-otkazana-predstava-tok-tok-tok\/#primaryimage\"},\"datePublished\":\"2025-07-01T12:06:24+00:00\",\"dateModified\":\"2025-07-01T12:06:24+00:00\",\"inLanguage\":\"en-US\",\"potentialAction\":[{\"@type\":\"ReadAction\",\"target\":[\"https:\/\/www.gkl-rijeka.hr\/index.php\/promjena-predstave-otkazana-predstava-tok-tok-tok\/\"]}]},{\"@type\":\"Article\",\"@id\":\"https:\/\/www.gkl-rijeka.hr\/index.php\/promjena-predstave-otkazana-predstava-tok-tok-tok\/#article\",\"isPartOf\":{\"@id\":\"https:\/\/www.gkl-rijeka.hr\/index.php\/promjena-predstave-otkazana-predstava-tok-tok-tok\/#webpage\"},\"author\":{\"@id\":\"https:\/\/www.gkl-rijeka.hr\/#\/schema\/person\/3d9f7620db983ddf36e45ccae28c8651\"},\"headline\":\"PROMJENA PREDSTAVE &#8211; otkazana predstava TOK, TOK, TOK\",\"datePublished\":\"2025-07-01T12:06:24+00:00\",\"dateModified\":\"2025-07-01T12:06:24+00:00\",\"mainEntityOfPage\":{\"@id\":\"https:\/\/www.gkl-rijeka.hr\/index.php\/promjena-predstave-otkazana-predstava-tok-tok-tok\/#webpage\"},\"publisher\":{\"@id\":\"https:\/\/www.gkl-rijeka.hr\/#organization\"},\"image\":{\"@id\":\"https:\/\/www.gkl-rijeka.hr\/index.php\/promjena-predstave-otkazana-predstava-tok-tok-tok\/#primaryimage\"},\"articleSection\":\"Novosti\",\"inLanguage\":\"en-US\"},{\"@type\":\"Person\",\"@id\":\"https:\/\/www.gkl-rijeka.hr\/#\/schema\/person\/3d9f7620db983ddf36e45ccae28c8651\",\"name\":\"Marin\",\"image\":{\"@type\":\"ImageObject\",\"@id\":\"https:\/\/www.gkl-rijeka.hr\/#personlogo\",\"inLanguage\":\"en-US\",\"url\":\"https:\/\/secure.gravatar.com\/avatar\/9ba8e90e29bf7b5691a75673ed86bcba?s=96&d=mm&r=g\",\"caption\":\"Marin\"}}]}<\/script>\n<!-- \/ Yoast SEO plugin. -->","_links":{"self":[{"href":"https:\/\/www.gkl-rijeka.hr\/index.php\/wp-json\/wp\/v2\/posts\/17089"}],"collection":[{"href":"https:\/\/www.gkl-rijeka.hr\/index.php\/wp-json\/wp\/v2\/posts"}],"about":[{"href":"https:\/\/www.gkl-rijeka.hr\/index.php\/wp-json\/wp\/v2\/types\/post"}],"author":[{"embeddable":true,"href":"https:\/\/www.gkl-rijeka.hr\/index.php\/wp-json\/wp\/v2\/users\/1"}],"replies":[{"embeddable":true,"href":"https:\/\/www.gkl-rijeka.hr\/index.php\/wp-json\/wp\/v2\/comments?post=17089"}],"version-history":[{"count":6,"href":"https:\/\/www.gkl-rijeka.hr\/index.php\/wp-json\/wp\/v2\/posts\/17089\/revisions"}],"predecessor-version":[{"id":17096,"href":"https:\/\/www.gkl-rijeka.hr\/index.php\/wp-json\/wp\/v2\/posts\/17089\/revisions\/17096"}],"wp:featuredmedia":[{"embeddable":true,"href":"https:\/\/www.gkl-rijeka.hr\/index.php\/wp-json\/wp\/v2\/media\/17022"}],"wp:attachment":[{"href":"https:\/\/www.gkl-rijeka.hr\/index.php\/wp-json\/wp\/v2\/media?parent=17089"}],"wp:term":[{"taxonomy":"category","embeddable":true,"href":"https:\/\/www.gkl-rijeka.hr\/index.php\/wp-json\/wp\/v2\/categories?post=17089"},{"taxonomy":"post_tag","embeddable":true,"href":"https:\/\/www.gkl-rijeka.hr\/index.php\/wp-json\/wp\/v2\/tags?post=17089"}],"curies":[{"name":"wp","href":"https:\/\/api.w.org\/{rel}","templated":true}]}}