{"id":17101,"date":"2025-07-07T10:26:44","date_gmt":"2025-07-07T10:26:44","guid":{"rendered":"https:\/\/www.gkl-rijeka.hr\/?p=17101"},"modified":"2025-07-08T13:45:39","modified_gmt":"2025-07-08T13:45:39","slug":"promjena-termina-predstave-bajka-za-van-crvenkapica-vuk-i-baka","status":"publish","type":"post","link":"https:\/\/www.gkl-rijeka.hr\/index.php\/promjena-termina-predstave-bajka-za-van-crvenkapica-vuk-i-baka\/","title":{"rendered":"PROMJENA TERMINA predstave Bajka za van: Crvenkapica, Vuk i Baka"},"content":{"rendered":"<div class=\"xdj266r x14z9mp xat24cr x1lziwak x1vvkbs x126k92a\">\n<div dir=\"auto\"><span class=\"html-span xexx8yu xyri2b x18d9i69 x1c1uobl x1hl2dhg x16tdsg8 x1vvkbs x3nfvp2 x1j61x8r x1fcty0u xdj266r xat24cr xm2jcoa x1mpyi22 xxymvpz xlup9mm x1kky2od\"><img loading=\"lazy\" class=\"xz74otr x15mokao x1ga7v0g x16uus16 xbiv7yw\" src=\"https:\/\/static.xx.fbcdn.net\/images\/emoji.php\/v9\/t39\/1\/16\/1f4e2.png\" alt=\"\" width=\"16\" height=\"16\" \/><\/span> VA\u017dNA OBAVIJEST!<\/div>\n<div dir=\"auto\"><\/div>\n<div dir=\"auto\">Zbog najavljenih nepovoljnih vremenskih uvijeta predstava &#8220;Bajka za van: Crvenkapica, Vuk i Baka&#8221; gostuju\u0107eg teatra Poco Loco iz Zagreba odga\u0111a se za jedan dan.<\/div>\n<\/div>\n<div class=\"x14z9mp xat24cr x1lziwak x1vvkbs xtlvy1s x126k92a\">\n<div dir=\"auto\"><span class=\"html-span xexx8yu xyri2b x18d9i69 x1c1uobl x1hl2dhg x16tdsg8 x1vvkbs x3nfvp2 x1j61x8r x1fcty0u xdj266r xat24cr xm2jcoa x1mpyi22 xxymvpz xlup9mm x1kky2od\"><img loading=\"lazy\" class=\"xz74otr x15mokao x1ga7v0g x16uus16 xbiv7yw\" src=\"https:\/\/static.xx.fbcdn.net\/images\/emoji.php\/v9\/t7e\/1\/16\/1f4c5.png\" alt=\"\" width=\"16\" height=\"16\" \/><\/span> Novi termin: srijeda, 9. srpnja<\/div>\n<div dir=\"auto\"><span class=\"html-span xexx8yu xyri2b x18d9i69 x1c1uobl x1hl2dhg x16tdsg8 x1vvkbs x3nfvp2 x1j61x8r x1fcty0u xdj266r xat24cr xm2jcoa x1mpyi22 xxymvpz xlup9mm x1kky2od\"><img loading=\"lazy\" class=\"xz74otr x15mokao x1ga7v0g x16uus16 xbiv7yw\" src=\"https:\/\/static.xx.fbcdn.net\/images\/emoji.php\/v9\/t47\/1\/16\/1f560.png\" alt=\"\" width=\"16\" height=\"16\" \/><\/span> Vrijeme izvedbi ostaje isto: 17:30 i 19:00 sati<\/div>\n<div dir=\"auto\"><span class=\"html-span xexx8yu xyri2b x18d9i69 x1c1uobl x1hl2dhg x16tdsg8 x1vvkbs x3nfvp2 x1j61x8r x1fcty0u xdj266r xat24cr xm2jcoa x1mpyi22 xxymvpz xlup9mm x1kky2od\"><img loading=\"lazy\" class=\"xz74otr x15mokao x1ga7v0g x16uus16 xbiv7yw\" src=\"https:\/\/static.xx.fbcdn.net\/images\/emoji.php\/v9\/td8\/1\/16\/1f39f.png\" alt=\"\ufe0f\" width=\"16\" height=\"16\" \/><\/span> Sve kupljene ulaznice vrijede za novi datum. Ukoliko vam novi termini ne odgovaraju, kupljene ulaznice mo\u017eete vratiti ali isklju\u010divo do po\u010detka predstave.<\/div>\n<\/div>\n<div class=\"x14z9mp xat24cr x1lziwak x1vvkbs xtlvy1s x126k92a\">\n<div dir=\"auto\">Hvala na razumijevanju \u2013 veselimo se va\u0161em dolasku u novom terminu! <span class=\"html-span xexx8yu xyri2b x18d9i69 x1c1uobl x1hl2dhg x16tdsg8 x1vvkbs x3nfvp2 x1j61x8r x1fcty0u xdj266r xat24cr xm2jcoa x1mpyi22 xxymvpz xlup9mm x1kky2od\"><img loading=\"lazy\" class=\"xz74otr x15mokao x1ga7v0g x16uus16 xbiv7yw\" src=\"https:\/\/static.xx.fbcdn.net\/images\/emoji.php\/v9\/td\/1\/16\/1f302.png\" alt=\"\" width=\"16\" height=\"16\" \/><\/span><span class=\"html-span xexx8yu xyri2b x18d9i69 x1c1uobl x1hl2dhg x16tdsg8 x1vvkbs x3nfvp2 x1j61x8r x1fcty0u xdj266r xat24cr xm2jcoa x1mpyi22 xxymvpz xlup9mm x1kky2od\"><img loading=\"lazy\" class=\"xz74otr x15mokao x1ga7v0g x16uus16 xbiv7yw\" src=\"https:\/\/static.xx.fbcdn.net\/images\/emoji.php\/v9\/tae\/1\/16\/1f3ad.png\" alt=\"\" width=\"16\" height=\"16\" \/><\/span><\/div>\n<\/div>\n<div dir=\"auto\"><\/div>\n<div dir=\"auto\"><\/div>\n<p>Bajka za van izvodi se kao kazali\u0161na \u0161etnja u parku, uz obavezno kori\u0161tenje audio opreme.<br \/>\nMolimo vas da na mjesto okupljanja do\u0111ete 15 min prije nazna\u010denog po\u010detka predstave, zbog preuzimanja audio opreme.<br \/>\nBudu\u0107i da je izvedbi prethodila ki\u0161a, mogu\u0107e je da \u0107e teren biti blatnjav, pa molimo gledatelje da su djeca obu\u010dena za boravak u prirodi (sportske cipele).<\/p>\n<p>&nbsp;<\/p>\n<p>&nbsp;<\/p>\n","protected":false},"excerpt":{"rendered":"<p>VA\u017dNA OBAVIJEST! Zbog najavljenih nepovoljnih vremenskih uvijeta predstava &#8220;Bajka za van: Crvenkapica, Vuk i Baka&#8221; gostuju\u0107eg teatra Poco Loco iz Zagreba odga\u0111a se za jedan dan. Novi termin: srijeda, 9. srpnja Vrijeme izvedbi ostaje isto: 17:30 i 19:00 sati Sve kupljene ulaznice vrijede za novi datum. Ukoliko vam novi termini ne odgovaraju, kupljene ulaznice mo\u017eete [&hellip;]<\/p>\n","protected":false},"author":1,"featured_media":17050,"comment_status":"closed","ping_status":"closed","sticky":false,"template":"","format":"standard","meta":{"spay_email":""},"categories":[3],"tags":[],"jetpack_featured_media_url":"https:\/\/www.gkl-rijeka.hr\/wp-content\/uploads\/2025\/06\/21.png?wsr","yoast_head":"<!-- This site is optimized with the Yoast SEO plugin v15.1.1 - https:\/\/yoast.com\/wordpress\/plugins\/seo\/ -->\n<meta name=\"robots\" content=\"index, follow, max-snippet:-1, max-image-preview:large, max-video-preview:-1\" \/>\n<link rel=\"canonical\" href=\"https:\/\/www.gkl-rijeka.hr\/index.php\/promjena-termina-predstave-bajka-za-van-crvenkapica-vuk-i-baka\/\" \/>\n<meta property=\"og:locale\" content=\"en_US\" \/>\n<meta property=\"og:type\" content=\"article\" \/>\n<meta property=\"og:title\" content=\"PROMJENA TERMINA predstave Bajka za van: Crvenkapica, Vuk i Baka - Gradsko kazali\u0161te lutaka Rijeka\" \/>\n<meta property=\"og:description\" content=\"VA\u017dNA OBAVIJEST! Zbog najavljenih nepovoljnih vremenskih uvijeta predstava &#8220;Bajka za van: Crvenkapica, Vuk i Baka&#8221; gostuju\u0107eg teatra Poco Loco iz Zagreba odga\u0111a se za jedan dan. Novi termin: srijeda, 9. srpnja Vrijeme izvedbi ostaje isto: 17:30 i 19:00 sati Sve kupljene ulaznice vrijede za novi datum. Ukoliko vam novi termini ne odgovaraju, kupljene ulaznice mo\u017eete [&hellip;]\" \/>\n<meta property=\"og:url\" content=\"https:\/\/www.gkl-rijeka.hr\/index.php\/promjena-termina-predstave-bajka-za-van-crvenkapica-vuk-i-baka\/\" \/>\n<meta property=\"og:site_name\" content=\"Gradsko kazali\u0161te lutaka Rijeka\" \/>\n<meta property=\"article:publisher\" content=\"https:\/\/www.facebook.com\/gkl.rijeka\" \/>\n<meta property=\"article:published_time\" content=\"2025-07-07T10:26:44+00:00\" \/>\n<meta property=\"article:modified_time\" content=\"2025-07-08T13:45:39+00:00\" \/>\n<meta property=\"og:image\" content=\"https:\/\/www.gkl-rijeka.hr\/wp-content\/uploads\/2020\/10\/promocije.jpg?wsr\" \/>\n\t<meta property=\"og:image:width\" content=\"1920\" \/>\n\t<meta property=\"og:image:height\" content=\"1059\" \/>\n<meta property=\"fb:app_id\" content=\"368762594246882\" \/>\n<meta name=\"twitter:card\" content=\"summary\" \/>\n<script type=\"application\/ld+json\" class=\"yoast-schema-graph\">{\"@context\":\"https:\/\/schema.org\",\"@graph\":[{\"@type\":\"Organization\",\"@id\":\"https:\/\/www.gkl-rijeka.hr\/#organization\",\"name\":\"Gradsko kazali\\u0161te lutaka Rijeka\",\"url\":\"https:\/\/www.gkl-rijeka.hr\/\",\"sameAs\":[\"https:\/\/www.facebook.com\/gkl.rijeka\"],\"logo\":{\"@type\":\"ImageObject\",\"@id\":\"https:\/\/www.gkl-rijeka.hr\/#logo\",\"inLanguage\":\"en-US\",\"url\":\"https:\/\/www.gkl-rijeka.hr\/wp-content\/uploads\/2020\/10\/logo_boja_01.png?wsr\",\"width\":209,\"height\":280,\"caption\":\"Gradsko kazali\\u0161te lutaka Rijeka\"},\"image\":{\"@id\":\"https:\/\/www.gkl-rijeka.hr\/#logo\"}},{\"@type\":\"WebSite\",\"@id\":\"https:\/\/www.gkl-rijeka.hr\/#website\",\"url\":\"https:\/\/www.gkl-rijeka.hr\/\",\"name\":\"Gradsko kazali\\u0161te lutaka Rijeka\",\"description\":\"\",\"publisher\":{\"@id\":\"https:\/\/www.gkl-rijeka.hr\/#organization\"},\"potentialAction\":[{\"@type\":\"SearchAction\",\"target\":\"https:\/\/www.gkl-rijeka.hr\/?s={search_term_string}\",\"query-input\":\"required name=search_term_string\"}],\"inLanguage\":\"en-US\"},{\"@type\":\"ImageObject\",\"@id\":\"https:\/\/www.gkl-rijeka.hr\/index.php\/promjena-termina-predstave-bajka-za-van-crvenkapica-vuk-i-baka\/#primaryimage\",\"inLanguage\":\"en-US\",\"url\":\"https:\/\/www.gkl-rijeka.hr\/wp-content\/uploads\/2025\/06\/21.png?wsr\",\"width\":2048,\"height\":1361},{\"@type\":\"WebPage\",\"@id\":\"https:\/\/www.gkl-rijeka.hr\/index.php\/promjena-termina-predstave-bajka-za-van-crvenkapica-vuk-i-baka\/#webpage\",\"url\":\"https:\/\/www.gkl-rijeka.hr\/index.php\/promjena-termina-predstave-bajka-za-van-crvenkapica-vuk-i-baka\/\",\"name\":\"PROMJENA TERMINA predstave Bajka za van: Crvenkapica, Vuk i Baka - Gradsko kazali\\u0161te lutaka Rijeka\",\"isPartOf\":{\"@id\":\"https:\/\/www.gkl-rijeka.hr\/#website\"},\"primaryImageOfPage\":{\"@id\":\"https:\/\/www.gkl-rijeka.hr\/index.php\/promjena-termina-predstave-bajka-za-van-crvenkapica-vuk-i-baka\/#primaryimage\"},\"datePublished\":\"2025-07-07T10:26:44+00:00\",\"dateModified\":\"2025-07-08T13:45:39+00:00\",\"inLanguage\":\"en-US\",\"potentialAction\":[{\"@type\":\"ReadAction\",\"target\":[\"https:\/\/www.gkl-rijeka.hr\/index.php\/promjena-termina-predstave-bajka-za-van-crvenkapica-vuk-i-baka\/\"]}]},{\"@type\":\"Article\",\"@id\":\"https:\/\/www.gkl-rijeka.hr\/index.php\/promjena-termina-predstave-bajka-za-van-crvenkapica-vuk-i-baka\/#article\",\"isPartOf\":{\"@id\":\"https:\/\/www.gkl-rijeka.hr\/index.php\/promjena-termina-predstave-bajka-za-van-crvenkapica-vuk-i-baka\/#webpage\"},\"author\":{\"@id\":\"https:\/\/www.gkl-rijeka.hr\/#\/schema\/person\/3d9f7620db983ddf36e45ccae28c8651\"},\"headline\":\"PROMJENA TERMINA predstave Bajka za van: Crvenkapica, Vuk i Baka\",\"datePublished\":\"2025-07-07T10:26:44+00:00\",\"dateModified\":\"2025-07-08T13:45:39+00:00\",\"mainEntityOfPage\":{\"@id\":\"https:\/\/www.gkl-rijeka.hr\/index.php\/promjena-termina-predstave-bajka-za-van-crvenkapica-vuk-i-baka\/#webpage\"},\"publisher\":{\"@id\":\"https:\/\/www.gkl-rijeka.hr\/#organization\"},\"image\":{\"@id\":\"https:\/\/www.gkl-rijeka.hr\/index.php\/promjena-termina-predstave-bajka-za-van-crvenkapica-vuk-i-baka\/#primaryimage\"},\"articleSection\":\"Novosti\",\"inLanguage\":\"en-US\"},{\"@type\":\"Person\",\"@id\":\"https:\/\/www.gkl-rijeka.hr\/#\/schema\/person\/3d9f7620db983ddf36e45ccae28c8651\",\"name\":\"Marin\",\"image\":{\"@type\":\"ImageObject\",\"@id\":\"https:\/\/www.gkl-rijeka.hr\/#personlogo\",\"inLanguage\":\"en-US\",\"url\":\"https:\/\/secure.gravatar.com\/avatar\/9ba8e90e29bf7b5691a75673ed86bcba?s=96&d=mm&r=g\",\"caption\":\"Marin\"}}]}<\/script>\n<!-- \/ Yoast SEO plugin. -->","_links":{"self":[{"href":"https:\/\/www.gkl-rijeka.hr\/index.php\/wp-json\/wp\/v2\/posts\/17101"}],"collection":[{"href":"https:\/\/www.gkl-rijeka.hr\/index.php\/wp-json\/wp\/v2\/posts"}],"about":[{"href":"https:\/\/www.gkl-rijeka.hr\/index.php\/wp-json\/wp\/v2\/types\/post"}],"author":[{"embeddable":true,"href":"https:\/\/www.gkl-rijeka.hr\/index.php\/wp-json\/wp\/v2\/users\/1"}],"replies":[{"embeddable":true,"href":"https:\/\/www.gkl-rijeka.hr\/index.php\/wp-json\/wp\/v2\/comments?post=17101"}],"version-history":[{"count":4,"href":"https:\/\/www.gkl-rijeka.hr\/index.php\/wp-json\/wp\/v2\/posts\/17101\/revisions"}],"predecessor-version":[{"id":17106,"href":"https:\/\/www.gkl-rijeka.hr\/index.php\/wp-json\/wp\/v2\/posts\/17101\/revisions\/17106"}],"wp:featuredmedia":[{"embeddable":true,"href":"https:\/\/www.gkl-rijeka.hr\/index.php\/wp-json\/wp\/v2\/media\/17050"}],"wp:attachment":[{"href":"https:\/\/www.gkl-rijeka.hr\/index.php\/wp-json\/wp\/v2\/media?parent=17101"}],"wp:term":[{"taxonomy":"category","embeddable":true,"href":"https:\/\/www.gkl-rijeka.hr\/index.php\/wp-json\/wp\/v2\/categories?post=17101"},{"taxonomy":"post_tag","embeddable":true,"href":"https:\/\/www.gkl-rijeka.hr\/index.php\/wp-json\/wp\/v2\/tags?post=17101"}],"curies":[{"name":"wp","href":"https:\/\/api.w.org\/{rel}","templated":true}]}}