{"id":17181,"date":"2025-09-26T13:37:28","date_gmt":"2025-09-26T13:37:28","guid":{"rendered":"https:\/\/www.gkl-rijeka.hr\/?p=17181"},"modified":"2025-09-26T13:37:28","modified_gmt":"2025-09-26T13:37:28","slug":"najavljena-premijera-predstave-optuzeni-vuk","status":"publish","type":"post","link":"https:\/\/www.gkl-rijeka.hr\/index.php\/najavljena-premijera-predstave-optuzeni-vuk\/","title":{"rendered":"Najavljena premijera predstave Optu\u017eeni Vuk"},"content":{"rendered":"<p><strong>Gradsko kazali\u0161te lutaka Rijeka u \u010detvrtak, 25. rujna u 18 sati<\/strong>, izvesti \u0107e prvu premijernu predstavu \u00a0u sezoni 2025\/2026, koju stvara pod motom \u201e<strong>Ku\u0107a jezika djetinjstva\u201c<\/strong>, a radi se o predstavi <strong>\u201eOptu\u017eeni Vuk\u201c<\/strong>, slovenskog autora \u017darka Petana, u re\u017eiji Zorana Petrovi\u010da.<\/p>\n<p><em>Optu\u017eeni Vuk<\/em> je duhovita lutkarska komedija koja donosi novu, suvremenu interpretaciju poznate bajke o Crvenkapici. Radnja je smje\u0161tena u \u201cnajzabavnijoj sudnici u gradu\u201d, gdje se pred publikom vodi proces protiv vuka \u2013 jednog od najpoznatijih negativnih junaka iz svjetske knji\u017eevnosti za djecu. Predstava propituje predrasude, otvara prostor za razli\u010dite interpretacije i poti\u010de na razmi\u0161ljanje o vrijednostima i dru\u0161tvenim obrascima koje bajke prenose generacijama &#8211; izjavila je ravnateljica Gradskog kazali\u0161ta lutaka Rijeka, <strong>Magdalena Lupi Alvir,<\/strong> na konferenciji za medije koja se odr\u017eala u srijedu, 23.rujna.<\/p>\n<p>Dramaturginja <strong>Nu\u0161a Komplet Peperko<\/strong> istaknula\u00a0 je kako je va\u017eno naglasiti da, iako je radnja smje\u0161tena u sudnicu, mi se ne bavimo \u201ezlo\u010dinom\u201c ni rupama u zakonu. \u201eNe \u017eelimo ru\u0161iti pravni sustav, nego otvoriti \u0161iru pri\u010du koja se pri\u010da ve\u0107 vi\u0161e od 200 godina. Generacije su u\u010dile da je Vuk zlo\u010dest, \u0161uma opasna, Lovac spasitelj, a Crvenkapica nemo\u0107na djevoj\u010dica. U na\u0161oj predstavi sve te stereotipe okre\u0107emo na glavu. Tu\u017eitelj zastupa tradicionalnu ideju da je Vuk negativac, dok je braniteljica predstavnica suvremene \u017eene. Predstava preispituje na koji na\u010din te pri\u010de prenosimo danas.<\/p>\n<p>Redatelj <strong>Zoran Petrovi\u010d<\/strong> naglasio ja vizualni sloj predstave i pojasnio da se s jedne strane ulazi u svijet koji je stvaran, s ulogama suca, tu\u017eitelja i braniteljice, a paralelno otvara imaginarni, ma\u0161toviti svijet pomo\u0107u lutaka. Originalnu pri\u010du o Crvenkapici vidimo kroz teatar sjena, dok drvene lutkice vode u prostor eksterijera, u \u0161umu, gdje svjedoci i optu\u017eenik na sud dolaze policijskim vozilom.<em> \u201eNa taj na\u010din, zajedno s glazbom i porukom, stvaramo cjelinu koja pripovijeda ovu pri\u010du na nov i zabavan na\u010din.\u201d<\/em><\/p>\n<p>Dramatur\u0161ku prilagodbu i adaptaciju teksta potpisuju <strong>Nu\u0161a Komplet Peperko<\/strong> i redatelj <strong>Zoran Petrovi\u0107<\/strong>. Scenografiju i lutke oblikovao je <strong>Miha Peperko<\/strong>, dok je glazbu skladao <strong>Josip Mar\u0161i\u0107<\/strong>. Gluma\u010dki ansambl \u010dine <strong>Andrea \u0160pindel<\/strong>, <strong>David Petrovi\u0107<\/strong> i novi \u010dlan ansambla <strong>Lino Brozi\u0107<\/strong>, koji animiraju desetak razli\u010ditih lutkarskih likova i donose mno\u0161tvo duhovitih situacija.<\/p>\n<p>\u201cZa mene je bilo izazovno braniti Vuka i prona\u0107i njegove pozitivne strane. Predstava razbija ustaljene predrasude i daje priliku djeci i odraslima da se zabave i promisle o pri\u010di koju svi poznajemo\u201d, istaknula je glumica Andrea \u0160pindel.<\/p>\n<p>Predstava je namijenjena uzrastu starijem od \u010detiri godine, a ulaznice su ve\u0107 u prodaji putem web shopa Gkl Rijeka,\u00a0 te portala Moje karte kao i \u00a0na blagajni kazali\u0161ta.<\/p>\n<p>Zbog velikog interesa, sve izvedbe u rujnu su ve\u0107 rasprodane, a novi termini najavljeni su za listopad.<\/p>\n<p>Ravnateljica Magdalena Lupi Alvir najavila je gostovanja koja u listopadu o\u010dekuju Gradsko kazali\u0161te lutaka Rijeka. Nakon <em>Optu\u017eenog Vuka<\/em> slijedi predstava <em>Dan kad sam se pretvorio u pticu<\/em>, autorice i redateljice Tamare Ku\u010dinovi\u0107 selektirana za 28. Susret profesionalnih kazali\u0161ta za djecu i mlade \u2013 Hrvatskog centra Assitej u \u010cakovcu. Potom \u0107e ansambl izvesti i predstavu <em>Zeko i poto\u010di\u0107<\/em> koju je prema istoimenoj pjesmi Branka Mihaljevi\u0107a postavila Ton\u010dica Knez, a u sklopu 8. showcasea Hrvatskih lutkarskih kazali\u0161ta, tako\u0111er u \u010cakovcu.<\/p>\n<p>&nbsp;<\/p>\n<p>&nbsp;<\/p>\n","protected":false},"excerpt":{"rendered":"<p>Gradsko kazali\u0161te lutaka Rijeka u \u010detvrtak, 25. rujna u 18 sati, izvesti \u0107e prvu premijernu predstavu \u00a0u sezoni 2025\/2026, koju stvara pod motom \u201eKu\u0107a jezika djetinjstva\u201c, a radi se o predstavi \u201eOptu\u017eeni Vuk\u201c, slovenskog autora \u017darka Petana, u re\u017eiji Zorana Petrovi\u010da. Optu\u017eeni Vuk je duhovita lutkarska komedija koja donosi novu, suvremenu interpretaciju poznate bajke o [&hellip;]<\/p>\n","protected":false},"author":1,"featured_media":17175,"comment_status":"closed","ping_status":"closed","sticky":false,"template":"","format":"standard","meta":{"spay_email":""},"categories":[3],"tags":[],"jetpack_featured_media_url":"https:\/\/www.gkl-rijeka.hr\/wp-content\/uploads\/2025\/08\/Optuzeni-vuk_090.jpg?wsr","yoast_head":"<!-- This site is optimized with the Yoast SEO plugin v15.1.1 - https:\/\/yoast.com\/wordpress\/plugins\/seo\/ -->\n<meta name=\"robots\" content=\"index, follow, max-snippet:-1, max-image-preview:large, max-video-preview:-1\" \/>\n<link rel=\"canonical\" href=\"https:\/\/www.gkl-rijeka.hr\/index.php\/najavljena-premijera-predstave-optuzeni-vuk\/\" \/>\n<meta property=\"og:locale\" content=\"en_US\" \/>\n<meta property=\"og:type\" content=\"article\" \/>\n<meta property=\"og:title\" content=\"Najavljena premijera predstave Optu\u017eeni Vuk - Gradsko kazali\u0161te lutaka Rijeka\" \/>\n<meta property=\"og:description\" content=\"Gradsko kazali\u0161te lutaka Rijeka u \u010detvrtak, 25. rujna u 18 sati, izvesti \u0107e prvu premijernu predstavu \u00a0u sezoni 2025\/2026, koju stvara pod motom \u201eKu\u0107a jezika djetinjstva\u201c, a radi se o predstavi \u201eOptu\u017eeni Vuk\u201c, slovenskog autora \u017darka Petana, u re\u017eiji Zorana Petrovi\u010da. Optu\u017eeni Vuk je duhovita lutkarska komedija koja donosi novu, suvremenu interpretaciju poznate bajke o [&hellip;]\" \/>\n<meta property=\"og:url\" content=\"https:\/\/www.gkl-rijeka.hr\/index.php\/najavljena-premijera-predstave-optuzeni-vuk\/\" \/>\n<meta property=\"og:site_name\" content=\"Gradsko kazali\u0161te lutaka Rijeka\" \/>\n<meta property=\"article:publisher\" content=\"https:\/\/www.facebook.com\/gkl.rijeka\" \/>\n<meta property=\"article:published_time\" content=\"2025-09-26T13:37:28+00:00\" \/>\n<meta property=\"og:image\" content=\"https:\/\/www.gkl-rijeka.hr\/wp-content\/uploads\/2025\/08\/Optuzeni-vuk_090.jpg?wsr\" \/>\n\t<meta property=\"og:image:width\" content=\"2200\" \/>\n\t<meta property=\"og:image:height\" content=\"1467\" \/>\n<meta property=\"fb:app_id\" content=\"368762594246882\" \/>\n<meta name=\"twitter:card\" content=\"summary\" \/>\n<script type=\"application\/ld+json\" class=\"yoast-schema-graph\">{\"@context\":\"https:\/\/schema.org\",\"@graph\":[{\"@type\":\"Organization\",\"@id\":\"https:\/\/www.gkl-rijeka.hr\/#organization\",\"name\":\"Gradsko kazali\\u0161te lutaka Rijeka\",\"url\":\"https:\/\/www.gkl-rijeka.hr\/\",\"sameAs\":[\"https:\/\/www.facebook.com\/gkl.rijeka\"],\"logo\":{\"@type\":\"ImageObject\",\"@id\":\"https:\/\/www.gkl-rijeka.hr\/#logo\",\"inLanguage\":\"en-US\",\"url\":\"https:\/\/www.gkl-rijeka.hr\/wp-content\/uploads\/2020\/10\/logo_boja_01.png?wsr\",\"width\":209,\"height\":280,\"caption\":\"Gradsko kazali\\u0161te lutaka Rijeka\"},\"image\":{\"@id\":\"https:\/\/www.gkl-rijeka.hr\/#logo\"}},{\"@type\":\"WebSite\",\"@id\":\"https:\/\/www.gkl-rijeka.hr\/#website\",\"url\":\"https:\/\/www.gkl-rijeka.hr\/\",\"name\":\"Gradsko kazali\\u0161te lutaka Rijeka\",\"description\":\"\",\"publisher\":{\"@id\":\"https:\/\/www.gkl-rijeka.hr\/#organization\"},\"potentialAction\":[{\"@type\":\"SearchAction\",\"target\":\"https:\/\/www.gkl-rijeka.hr\/?s={search_term_string}\",\"query-input\":\"required name=search_term_string\"}],\"inLanguage\":\"en-US\"},{\"@type\":\"ImageObject\",\"@id\":\"https:\/\/www.gkl-rijeka.hr\/index.php\/najavljena-premijera-predstave-optuzeni-vuk\/#primaryimage\",\"inLanguage\":\"en-US\",\"url\":\"https:\/\/www.gkl-rijeka.hr\/wp-content\/uploads\/2025\/08\/Optuzeni-vuk_090.jpg?wsr\",\"width\":2200,\"height\":1467},{\"@type\":\"WebPage\",\"@id\":\"https:\/\/www.gkl-rijeka.hr\/index.php\/najavljena-premijera-predstave-optuzeni-vuk\/#webpage\",\"url\":\"https:\/\/www.gkl-rijeka.hr\/index.php\/najavljena-premijera-predstave-optuzeni-vuk\/\",\"name\":\"Najavljena premijera predstave Optu\\u017eeni Vuk - Gradsko kazali\\u0161te lutaka Rijeka\",\"isPartOf\":{\"@id\":\"https:\/\/www.gkl-rijeka.hr\/#website\"},\"primaryImageOfPage\":{\"@id\":\"https:\/\/www.gkl-rijeka.hr\/index.php\/najavljena-premijera-predstave-optuzeni-vuk\/#primaryimage\"},\"datePublished\":\"2025-09-26T13:37:28+00:00\",\"dateModified\":\"2025-09-26T13:37:28+00:00\",\"inLanguage\":\"en-US\",\"potentialAction\":[{\"@type\":\"ReadAction\",\"target\":[\"https:\/\/www.gkl-rijeka.hr\/index.php\/najavljena-premijera-predstave-optuzeni-vuk\/\"]}]},{\"@type\":\"Article\",\"@id\":\"https:\/\/www.gkl-rijeka.hr\/index.php\/najavljena-premijera-predstave-optuzeni-vuk\/#article\",\"isPartOf\":{\"@id\":\"https:\/\/www.gkl-rijeka.hr\/index.php\/najavljena-premijera-predstave-optuzeni-vuk\/#webpage\"},\"author\":{\"@id\":\"https:\/\/www.gkl-rijeka.hr\/#\/schema\/person\/3d9f7620db983ddf36e45ccae28c8651\"},\"headline\":\"Najavljena premijera predstave Optu\\u017eeni Vuk\",\"datePublished\":\"2025-09-26T13:37:28+00:00\",\"dateModified\":\"2025-09-26T13:37:28+00:00\",\"mainEntityOfPage\":{\"@id\":\"https:\/\/www.gkl-rijeka.hr\/index.php\/najavljena-premijera-predstave-optuzeni-vuk\/#webpage\"},\"publisher\":{\"@id\":\"https:\/\/www.gkl-rijeka.hr\/#organization\"},\"image\":{\"@id\":\"https:\/\/www.gkl-rijeka.hr\/index.php\/najavljena-premijera-predstave-optuzeni-vuk\/#primaryimage\"},\"articleSection\":\"Novosti\",\"inLanguage\":\"en-US\"},{\"@type\":\"Person\",\"@id\":\"https:\/\/www.gkl-rijeka.hr\/#\/schema\/person\/3d9f7620db983ddf36e45ccae28c8651\",\"name\":\"Marin\",\"image\":{\"@type\":\"ImageObject\",\"@id\":\"https:\/\/www.gkl-rijeka.hr\/#personlogo\",\"inLanguage\":\"en-US\",\"url\":\"https:\/\/secure.gravatar.com\/avatar\/9ba8e90e29bf7b5691a75673ed86bcba?s=96&d=mm&r=g\",\"caption\":\"Marin\"}}]}<\/script>\n<!-- \/ Yoast SEO plugin. -->","_links":{"self":[{"href":"https:\/\/www.gkl-rijeka.hr\/index.php\/wp-json\/wp\/v2\/posts\/17181"}],"collection":[{"href":"https:\/\/www.gkl-rijeka.hr\/index.php\/wp-json\/wp\/v2\/posts"}],"about":[{"href":"https:\/\/www.gkl-rijeka.hr\/index.php\/wp-json\/wp\/v2\/types\/post"}],"author":[{"embeddable":true,"href":"https:\/\/www.gkl-rijeka.hr\/index.php\/wp-json\/wp\/v2\/users\/1"}],"replies":[{"embeddable":true,"href":"https:\/\/www.gkl-rijeka.hr\/index.php\/wp-json\/wp\/v2\/comments?post=17181"}],"version-history":[{"count":1,"href":"https:\/\/www.gkl-rijeka.hr\/index.php\/wp-json\/wp\/v2\/posts\/17181\/revisions"}],"predecessor-version":[{"id":17182,"href":"https:\/\/www.gkl-rijeka.hr\/index.php\/wp-json\/wp\/v2\/posts\/17181\/revisions\/17182"}],"wp:featuredmedia":[{"embeddable":true,"href":"https:\/\/www.gkl-rijeka.hr\/index.php\/wp-json\/wp\/v2\/media\/17175"}],"wp:attachment":[{"href":"https:\/\/www.gkl-rijeka.hr\/index.php\/wp-json\/wp\/v2\/media?parent=17181"}],"wp:term":[{"taxonomy":"category","embeddable":true,"href":"https:\/\/www.gkl-rijeka.hr\/index.php\/wp-json\/wp\/v2\/categories?post=17181"},{"taxonomy":"post_tag","embeddable":true,"href":"https:\/\/www.gkl-rijeka.hr\/index.php\/wp-json\/wp\/v2\/tags?post=17181"}],"curies":[{"name":"wp","href":"https:\/\/api.w.org\/{rel}","templated":true}]}}