{"id":17344,"date":"2025-10-06T12:53:54","date_gmt":"2025-10-06T12:53:54","guid":{"rendered":"https:\/\/www.gkl-rijeka.hr\/?p=17344"},"modified":"2025-10-06T12:54:31","modified_gmt":"2025-10-06T12:54:31","slug":"gostovanje-cakovec","status":"publish","type":"post","link":"https:\/\/www.gkl-rijeka.hr\/index.php\/gostovanje-cakovec\/","title":{"rendered":"GKL Rijeka gostuje na 28. susretu profesionalnih kazali\u0161ta za djecu i mlade Hrvatskog centra ASSITEJ i 8. showcaseu Hrvatskih lutkarskih kazali\u0161ta"},"content":{"rendered":"<p><strong>Rijeka, 06.10.2025.<\/strong><\/p>\n<p><strong>Gradsko kazali\u0161te lutaka Rijeka ovaj tjedan gostuje u \u010cakovcu na 28. susretu profesionalnih kazali\u0161ta za djecu i mlade Hrvatskog centra Assitej i 8. showecaseu Hrvatskih lutkarskih kazali\u0161ta<\/strong><\/p>\n<p>Danas, u <strong>10:00h<\/strong> <strong>Gradsko kazali\u0161te lutaka Rijeka<\/strong> izvelo je <strong>predstavu \u201eDan kad sam se pretvorio u pticu\u201c<\/strong> autorice i redateljice <strong>Tamare Ku\u010dinovi\u0107<\/strong> (prema motivima slikovnice Ingrid Chabbert i Raula Nieta Guridija na<strong> 28. susretu profesionalnih kazali\u0161ta za djecu i mlade Hrvatskog centra Assitej.<\/strong> Vizualno bogata predstava progovara o va\u017enoj temi \u2013 kako \u201ebiti dovoljan\u201c, \u201ebiti dostatan\u201c, \u201ebiti prihva\u0107en\u201c, \u201ebiti ono \u0161to jesi\u201c i vjerovati da je to jedini put ka slobodi, onakvoj slobodi kakvu imaju ptice. Uloge tuma\u010de <strong>Andrea \u0160pindel, Tilen Ko\u017eamelj, Almira \u0160tifani\u0107, Petra \u0160arac, Alex \u0110akovi\u0107 i David Petrovi\u0107<\/strong><\/p>\n<p>Sutra, 07.10.2025. u 09:30h GKL Rijeka izvodi predstavu <strong>\u201eZeko i poto\u010di\u0107\u201c<\/strong> na <strong>8. showcaseu lutkarskih kazali\u0161ta u \u010cakovcu<\/strong> \u010diju re\u017eiju potpisuje <strong>Ton\u010dica Knez<\/strong> (prema motivima pjesme Branka Mihaljevi\u0107a). S obzirom da pjesma Zeko i poto\u010di\u0107 podsje\u0107a na djetinjstvo, inspiraciju za uprizorenje redateljica je prona\u0161la u sje\u0107anju koje ve\u017ee uz toplinu i uz dom, a to je pravljenje kola\u010da u hladnim zimskim danima. To je bilo sigurno mjesto, mjesto nje\u017enosti i ljubavi. Poto\u010di\u0107, dom. Predstavu izvode <strong>Laura Kolesari\u0107 i Zlatko Vici\u0107.<\/strong><\/p>\n<p>Sudjelovanjem na ovim presti\u017enim doga\u0111anjima, GKL Rijeka potvr\u0111uje svoju predanost razvoju i promociji lutkarskog kazali\u0161ta.<\/p>\n<p><img loading=\"lazy\" class=\"alignnone wp-image-16694\" src=\"https:\/\/www.gkl-rijeka.hr\/wp-content\/uploads\/2025\/02\/Ptice_021-1024x683.jpg\" alt=\"\" width=\"600\" height=\"400\" srcset=\"https:\/\/www.gkl-rijeka.hr\/wp-content\/uploads\/2025\/02\/Ptice_021-1024x683.jpg 1024w, https:\/\/www.gkl-rijeka.hr\/wp-content\/uploads\/2025\/02\/Ptice_021-1920x1280.jpg 1920w, https:\/\/www.gkl-rijeka.hr\/wp-content\/uploads\/2025\/02\/Ptice_021-800x533.jpg 800w, https:\/\/www.gkl-rijeka.hr\/wp-content\/uploads\/2025\/02\/Ptice_021-1536x1024.jpg 1536w, https:\/\/www.gkl-rijeka.hr\/wp-content\/uploads\/2025\/02\/Ptice_021-2048x1366.jpg 2048w, https:\/\/www.gkl-rijeka.hr\/wp-content\/uploads\/2025\/02\/Ptice_021-1080x720.jpg 1080w\" sizes=\"(max-width: 600px) 100vw, 600px\" \/><\/p>\n<p><img loading=\"lazy\" class=\"alignnone wp-image-16012\" src=\"https:\/\/www.gkl-rijeka.hr\/wp-content\/uploads\/2024\/03\/Zeko_12-1024x683.jpg\" alt=\"\" width=\"603\" height=\"403\" srcset=\"https:\/\/www.gkl-rijeka.hr\/wp-content\/uploads\/2024\/03\/Zeko_12-1024x683.jpg 1024w, https:\/\/www.gkl-rijeka.hr\/wp-content\/uploads\/2024\/03\/Zeko_12-1920x1280.jpg 1920w, https:\/\/www.gkl-rijeka.hr\/wp-content\/uploads\/2024\/03\/Zeko_12-800x533.jpg 800w, https:\/\/www.gkl-rijeka.hr\/wp-content\/uploads\/2024\/03\/Zeko_12-1536x1024.jpg 1536w, https:\/\/www.gkl-rijeka.hr\/wp-content\/uploads\/2024\/03\/Zeko_12-2048x1366.jpg 2048w, https:\/\/www.gkl-rijeka.hr\/wp-content\/uploads\/2024\/03\/Zeko_12-1080x720.jpg 1080w\" sizes=\"(max-width: 603px) 100vw, 603px\" \/><\/p>\n<p>&nbsp;<\/p>\n<p>&nbsp;<\/p>\n<p>&nbsp;<\/p>\n<p>&nbsp;<\/p>\n","protected":false},"excerpt":{"rendered":"<p>Rijeka, 06.10.2025. Gradsko kazali\u0161te lutaka Rijeka ovaj tjedan gostuje u \u010cakovcu na 28. susretu profesionalnih kazali\u0161ta za djecu i mlade Hrvatskog centra Assitej i 8. showecaseu Hrvatskih lutkarskih kazali\u0161ta Danas, u 10:00h Gradsko kazali\u0161te lutaka Rijeka izvelo je predstavu \u201eDan kad sam se pretvorio u pticu\u201c autorice i redateljice Tamare Ku\u010dinovi\u0107 (prema motivima slikovnice Ingrid [&hellip;]<\/p>\n","protected":false},"author":1,"featured_media":16704,"comment_status":"closed","ping_status":"closed","sticky":false,"template":"","format":"standard","meta":{"spay_email":""},"categories":[3],"tags":[],"jetpack_featured_media_url":"https:\/\/www.gkl-rijeka.hr\/wp-content\/uploads\/2025\/02\/Ptice_199.jpg?wsr","yoast_head":"<!-- This site is optimized with the Yoast SEO plugin v15.1.1 - https:\/\/yoast.com\/wordpress\/plugins\/seo\/ -->\n<meta name=\"robots\" content=\"index, follow, max-snippet:-1, max-image-preview:large, max-video-preview:-1\" \/>\n<link rel=\"canonical\" href=\"https:\/\/www.gkl-rijeka.hr\/index.php\/gostovanje-cakovec\/\" \/>\n<meta property=\"og:locale\" content=\"en_US\" \/>\n<meta property=\"og:type\" content=\"article\" \/>\n<meta property=\"og:title\" content=\"GKL Rijeka gostuje na 28. susretu profesionalnih kazali\u0161ta za djecu i mlade Hrvatskog centra ASSITEJ i 8. showcaseu Hrvatskih lutkarskih kazali\u0161ta - Gradsko kazali\u0161te lutaka Rijeka\" \/>\n<meta property=\"og:description\" content=\"Rijeka, 06.10.2025. Gradsko kazali\u0161te lutaka Rijeka ovaj tjedan gostuje u \u010cakovcu na 28. susretu profesionalnih kazali\u0161ta za djecu i mlade Hrvatskog centra Assitej i 8. showecaseu Hrvatskih lutkarskih kazali\u0161ta Danas, u 10:00h Gradsko kazali\u0161te lutaka Rijeka izvelo je predstavu \u201eDan kad sam se pretvorio u pticu\u201c autorice i redateljice Tamare Ku\u010dinovi\u0107 (prema motivima slikovnice Ingrid [&hellip;]\" \/>\n<meta property=\"og:url\" content=\"https:\/\/www.gkl-rijeka.hr\/index.php\/gostovanje-cakovec\/\" \/>\n<meta property=\"og:site_name\" content=\"Gradsko kazali\u0161te lutaka Rijeka\" \/>\n<meta property=\"article:publisher\" content=\"https:\/\/www.facebook.com\/gkl.rijeka\" \/>\n<meta property=\"article:published_time\" content=\"2025-10-06T12:53:54+00:00\" \/>\n<meta property=\"article:modified_time\" content=\"2025-10-06T12:54:31+00:00\" \/>\n<meta property=\"og:image\" content=\"https:\/\/www.gkl-rijeka.hr\/wp-content\/uploads\/2025\/02\/Ptice_199.jpg?wsr\" \/>\n\t<meta property=\"og:image:width\" content=\"2200\" \/>\n\t<meta property=\"og:image:height\" content=\"1467\" \/>\n<meta property=\"fb:app_id\" content=\"368762594246882\" \/>\n<meta name=\"twitter:card\" content=\"summary\" \/>\n<script type=\"application\/ld+json\" class=\"yoast-schema-graph\">{\"@context\":\"https:\/\/schema.org\",\"@graph\":[{\"@type\":\"Organization\",\"@id\":\"https:\/\/www.gkl-rijeka.hr\/#organization\",\"name\":\"Gradsko kazali\\u0161te lutaka Rijeka\",\"url\":\"https:\/\/www.gkl-rijeka.hr\/\",\"sameAs\":[\"https:\/\/www.facebook.com\/gkl.rijeka\"],\"logo\":{\"@type\":\"ImageObject\",\"@id\":\"https:\/\/www.gkl-rijeka.hr\/#logo\",\"inLanguage\":\"en-US\",\"url\":\"https:\/\/www.gkl-rijeka.hr\/wp-content\/uploads\/2020\/10\/logo_boja_01.png?wsr\",\"width\":209,\"height\":280,\"caption\":\"Gradsko kazali\\u0161te lutaka Rijeka\"},\"image\":{\"@id\":\"https:\/\/www.gkl-rijeka.hr\/#logo\"}},{\"@type\":\"WebSite\",\"@id\":\"https:\/\/www.gkl-rijeka.hr\/#website\",\"url\":\"https:\/\/www.gkl-rijeka.hr\/\",\"name\":\"Gradsko kazali\\u0161te lutaka Rijeka\",\"description\":\"\",\"publisher\":{\"@id\":\"https:\/\/www.gkl-rijeka.hr\/#organization\"},\"potentialAction\":[{\"@type\":\"SearchAction\",\"target\":\"https:\/\/www.gkl-rijeka.hr\/?s={search_term_string}\",\"query-input\":\"required name=search_term_string\"}],\"inLanguage\":\"en-US\"},{\"@type\":\"ImageObject\",\"@id\":\"https:\/\/www.gkl-rijeka.hr\/index.php\/gostovanje-cakovec\/#primaryimage\",\"inLanguage\":\"en-US\",\"url\":\"https:\/\/www.gkl-rijeka.hr\/wp-content\/uploads\/2025\/02\/Ptice_199.jpg?wsr\",\"width\":2200,\"height\":1467},{\"@type\":\"WebPage\",\"@id\":\"https:\/\/www.gkl-rijeka.hr\/index.php\/gostovanje-cakovec\/#webpage\",\"url\":\"https:\/\/www.gkl-rijeka.hr\/index.php\/gostovanje-cakovec\/\",\"name\":\"GKL Rijeka gostuje na 28. susretu profesionalnih kazali\\u0161ta za djecu i mlade Hrvatskog centra ASSITEJ i 8. showcaseu Hrvatskih lutkarskih kazali\\u0161ta - Gradsko kazali\\u0161te lutaka Rijeka\",\"isPartOf\":{\"@id\":\"https:\/\/www.gkl-rijeka.hr\/#website\"},\"primaryImageOfPage\":{\"@id\":\"https:\/\/www.gkl-rijeka.hr\/index.php\/gostovanje-cakovec\/#primaryimage\"},\"datePublished\":\"2025-10-06T12:53:54+00:00\",\"dateModified\":\"2025-10-06T12:54:31+00:00\",\"inLanguage\":\"en-US\",\"potentialAction\":[{\"@type\":\"ReadAction\",\"target\":[\"https:\/\/www.gkl-rijeka.hr\/index.php\/gostovanje-cakovec\/\"]}]},{\"@type\":\"Article\",\"@id\":\"https:\/\/www.gkl-rijeka.hr\/index.php\/gostovanje-cakovec\/#article\",\"isPartOf\":{\"@id\":\"https:\/\/www.gkl-rijeka.hr\/index.php\/gostovanje-cakovec\/#webpage\"},\"author\":{\"@id\":\"https:\/\/www.gkl-rijeka.hr\/#\/schema\/person\/3d9f7620db983ddf36e45ccae28c8651\"},\"headline\":\"GKL Rijeka gostuje na 28. susretu profesionalnih kazali\\u0161ta za djecu i mlade Hrvatskog centra ASSITEJ i 8. showcaseu Hrvatskih lutkarskih kazali\\u0161ta\",\"datePublished\":\"2025-10-06T12:53:54+00:00\",\"dateModified\":\"2025-10-06T12:54:31+00:00\",\"mainEntityOfPage\":{\"@id\":\"https:\/\/www.gkl-rijeka.hr\/index.php\/gostovanje-cakovec\/#webpage\"},\"publisher\":{\"@id\":\"https:\/\/www.gkl-rijeka.hr\/#organization\"},\"image\":{\"@id\":\"https:\/\/www.gkl-rijeka.hr\/index.php\/gostovanje-cakovec\/#primaryimage\"},\"articleSection\":\"Novosti\",\"inLanguage\":\"en-US\"},{\"@type\":\"Person\",\"@id\":\"https:\/\/www.gkl-rijeka.hr\/#\/schema\/person\/3d9f7620db983ddf36e45ccae28c8651\",\"name\":\"Marin\",\"image\":{\"@type\":\"ImageObject\",\"@id\":\"https:\/\/www.gkl-rijeka.hr\/#personlogo\",\"inLanguage\":\"en-US\",\"url\":\"https:\/\/secure.gravatar.com\/avatar\/9ba8e90e29bf7b5691a75673ed86bcba?s=96&d=mm&r=g\",\"caption\":\"Marin\"}}]}<\/script>\n<!-- \/ Yoast SEO plugin. -->","_links":{"self":[{"href":"https:\/\/www.gkl-rijeka.hr\/index.php\/wp-json\/wp\/v2\/posts\/17344"}],"collection":[{"href":"https:\/\/www.gkl-rijeka.hr\/index.php\/wp-json\/wp\/v2\/posts"}],"about":[{"href":"https:\/\/www.gkl-rijeka.hr\/index.php\/wp-json\/wp\/v2\/types\/post"}],"author":[{"embeddable":true,"href":"https:\/\/www.gkl-rijeka.hr\/index.php\/wp-json\/wp\/v2\/users\/1"}],"replies":[{"embeddable":true,"href":"https:\/\/www.gkl-rijeka.hr\/index.php\/wp-json\/wp\/v2\/comments?post=17344"}],"version-history":[{"count":2,"href":"https:\/\/www.gkl-rijeka.hr\/index.php\/wp-json\/wp\/v2\/posts\/17344\/revisions"}],"predecessor-version":[{"id":17346,"href":"https:\/\/www.gkl-rijeka.hr\/index.php\/wp-json\/wp\/v2\/posts\/17344\/revisions\/17346"}],"wp:featuredmedia":[{"embeddable":true,"href":"https:\/\/www.gkl-rijeka.hr\/index.php\/wp-json\/wp\/v2\/media\/16704"}],"wp:attachment":[{"href":"https:\/\/www.gkl-rijeka.hr\/index.php\/wp-json\/wp\/v2\/media?parent=17344"}],"wp:term":[{"taxonomy":"category","embeddable":true,"href":"https:\/\/www.gkl-rijeka.hr\/index.php\/wp-json\/wp\/v2\/categories?post=17344"},{"taxonomy":"post_tag","embeddable":true,"href":"https:\/\/www.gkl-rijeka.hr\/index.php\/wp-json\/wp\/v2\/tags?post=17344"}],"curies":[{"name":"wp","href":"https:\/\/api.w.org\/{rel}","templated":true}]}}