{"id":17424,"date":"2025-10-13T11:13:45","date_gmt":"2025-10-13T11:13:45","guid":{"rendered":"https:\/\/www.gkl-rijeka.hr\/?p=17424"},"modified":"2025-10-13T11:13:45","modified_gmt":"2025-10-13T11:13:45","slug":"gkl-rijeka-dobitnik-5-nagrada-na-28-susretu-profesionalnih-kazalista-za-djecu-i-mlade-hrvatskog-centra-assitej-u","status":"publish","type":"post","link":"https:\/\/www.gkl-rijeka.hr\/index.php\/gkl-rijeka-dobitnik-5-nagrada-na-28-susretu-profesionalnih-kazalista-za-djecu-i-mlade-hrvatskog-centra-assitej-u\/","title":{"rendered":"GKL Rijeka dobitnik 5 nagrada na  28. susretu profesionalnih kazali\u0161ta za djecu i mlade Hrvatskog centra ASSITEJ-u"},"content":{"rendered":"<p><strong>Rijeka, 13.10.2025.<\/strong><\/p>\n<p>&nbsp;<\/p>\n<p><strong>GRADSKO KAZALI\u0160TE LUTAKA RIJEKA OSVOJILO PET NAGRADA NA 28. SUSRETU PROFESIONALNIH KAZALI\u0160TA ZA DJECU I MLADE HRVATSKOG CENTRA ASSITEJ U \u010cAKOVCU<\/strong><\/p>\n<p>&nbsp;<\/p>\n<p>Predstava <strong>\u201eDan kad sam se pretvorio u pticu\u201c<\/strong> Gradskog kazali\u0161ta lutaka Rijeka, u re\u017eiji <strong>Tamare Ku\u010dinovi\u0107<\/strong>, ostvarila je izniman uspjeh na <strong>28. Susretu profesionalnih kazali\u0161ta za djecu i mlade Hrvatskog centra ASSITEJ<\/strong> u \u010cakovcu, osvojiv\u0161i ukupno <strong>pet nagra<\/strong>da, uklju\u010duju\u0107i i onu za najbolju predstavu u cjelini.<\/p>\n<p>&nbsp;<\/p>\n<p>Stru\u010dni \u017eiri u sastavu <strong>Igor Ru\u017ei\u0107, Hrvoje Korbar i Matko Boti\u0107<\/strong> jednoglasno je donio odluku o dodjeli nagrada u sljede\u0107im kategorijama:<\/p>\n<p><strong>Nagrada za najbolju predstavu u cjelini<\/strong> \u2013 \u201eDan kad sam se pretvorio u pticu\u201c, Gradsko kazali\u0161te lutaka Rijeka<\/p>\n<p>\u017diri je istaknuo da se predstava \u201e<em>izvrsno\u0161\u0107u u gotovo svim klju\u010dnim segmentima kazali\u0161nog \u010dina name\u0107e kao najbolja predstava u cjelini<\/em>\u201c. Predstava \u201e<em>pokazuje mogu\u0107nosti kazali\u0161ta za djecu i mlade u opreci izme\u0111u tradicionalnih tehnika i materijala s jedne strane, i virtualne svakodnevice s druge<\/em>\u201c, a posebnu vrijednost daje joj \u201e<em>jednostavna poruka da prihva\u0107anje sebe donosi i prihva\u0107anje drugih\u201c.<\/em><\/p>\n<p><strong>Nagrada za najbolju re\u017eiju<\/strong> \u2013 Tamara Ku\u010dinovi\u0107<\/p>\n<p>Re\u017eiju Tamare Ku\u010dinovi\u0107 \u017eiri opisuje kao \u201e<em>slojeviti gesamtkunstwerk<\/em>\u201c u kojem je \u201e<em>ravnote\u017ea izme\u0111u raznorodnih scenskih znakova bitnija od favoriziranja izoliranih segmenata<\/em>\u201c. Redateljica \u201e<em>gradi zadivljuju\u0107e slo\u017een psiholo\u0161ki mehanizam emocionalne raspolu\u0107enosti glavnog lika<\/em>\u201c, a njezin je pristup \u201e<em>besprijekorno osmi\u0161ljen sustav koji dokazuje da dobna granica publike ne smije biti izgovor za sni\u017eavanje estetskih i eti\u010dkih kriterija<\/em>\u201c.<\/p>\n<p><strong>Nagrada za najbolji vizualni identitet<\/strong> (scenografija i kostimografija) \u2013 Volha Milovi\u010d<\/p>\n<p>\u017diri nagla\u0161ava da je vizualni identitet predstave \u201e<em>organski povezan s dramatur\u0161kom, redateljskom i glazbenom cjelinom<\/em>\u201c. Polaze\u0107i od prirodnih materijala, Volha Milovi\u010d \u201e<em>gradi pti\u010dji svijet u kojem se u svakom detalju ogleda promi\u0161ljanje cjeline, a tijela izvo\u0111a\u010da postaju dio totalnog vizualnog identiteta<\/em>\u201c.<\/p>\n<p><strong>Nagrada za najbolju scensku glazbu<\/strong> \u2013 Ivana \u0110ula i Luka Vrbani\u0107<\/p>\n<p>Glazba, prema obrazlo\u017eenju \u017eirija, \u201e<em>nije samostalna partitura, ve\u0107 zvu\u010dna slika pa\u017eljivo upletena u gluma\u010dku igru\u201c<\/em>. Reducirani instrumentarij \u201e<em>be\u0161avno se spaja s gluma\u010dkim glasovima, pru\u017eaju\u0107i akusti\u010dku nadogradnju vizualnim scenskim znakovima<\/em>\u201c, \u010dime glazba postaje \u201e<em>neodvojiv dio monolitne zaokru\u017eenosti scenskog dizajna<\/em>\u201c.<\/p>\n<p><strong>Nagrada za oblikovanje svjetla<\/strong> \u2013 Dario Dru\u017eeta<\/p>\n<p>Oblikovanje svjetla u predstavi, kako isti\u010de \u017eiri, \u201e<em>organski je dio pomno oblikovanog vizualnog identiteta i ni u jednom trenutku ne poku\u0161ava o\u010darati pukim efektom, ve\u0107 pa\u017eljivo prati dramatur\u0161ko tkivo predstave i njezin ritam<\/em>\u201c. Svjetlo tako postaje \u201e<em>jo\u0161 jedna neizostavna dionica gotovo muzi\u010dki oblikovane partiture predstave<\/em>\u201c.<\/p>\n<p>&nbsp;<\/p>\n<p>Redateljica <strong>Tamara Ku\u010dinovi\u0107<\/strong>, ujedno i autorica teksta, predstavu je osmislila prema motivima istoimene slikovnice Ingrid Chabbert i Raula Nieta Guridija. Autorski tim \u010dine <strong>Volha Milovi\u010d<\/strong> (vizualni identitet<strong>), Ivana \u0110ula i Luka Vrbani\u0107<\/strong> (glazba), <strong>Nik\u0161a Eldan <\/strong>(dramatur\u0161ki suradnik i asistent redateljice) te <strong>Dario Dru\u017eeta<\/strong> (oblikovanje svjetla).<\/p>\n<p>U predstavi igraju <strong>Andrea \u0160pindel<\/strong> (Klara), <strong>Tilen Ko\u017eamelj<\/strong> (Jakov) te <strong>Petra \u0160arac<\/strong>, <strong>Almira \u0160tifani\u0107, Alex \u0110akovi\u0107<\/strong> i<strong> David Petrovi\u0107<\/strong> kao Zbor ptica.<\/p>\n<p>&nbsp;<\/p>\n<p>Predstava <strong>\u201eDan kad sam se pretvorio u pticu\u201c<\/strong> posve\u0107ena je svim dje\u010dacima i djevoj\u010dicama, djeci i odraslima, koji tra\u017ee slobodu da budu ono \u0161to jesu. Kroz pri\u010du o dje\u010daku Jakovu, koji se zaljubljuje i poku\u0161ava postati ptica, predstava progovara o autenti\u010dnosti, prihva\u0107anju i ljubavi \u2013 o hrabrosti da budemo svoji.<\/p>\n<p>&nbsp;<\/p>\n<p>Ovaj izniman uspjeh jo\u0161 jednom potvr\u0111uje umjetni\u010dku izvrsnost Gradskog kazali\u0161ta lutaka Rijeka, koje sustavno njeguje visoke standarde u stvaranju kazali\u0161ta za djecu i mlade te promi\u010de suvremene pristupe lutkarskoj i vizualnoj umjetnosti.<\/p>\n<p>&nbsp;<\/p>\n<p><img loading=\"lazy\" class=\"alignnone wp-image-16694\" src=\"https:\/\/www.gkl-rijeka.hr\/wp-content\/uploads\/2025\/02\/Ptice_021-1024x683.jpg\" alt=\"\" width=\"600\" height=\"400\" srcset=\"https:\/\/www.gkl-rijeka.hr\/wp-content\/uploads\/2025\/02\/Ptice_021-1024x683.jpg 1024w, https:\/\/www.gkl-rijeka.hr\/wp-content\/uploads\/2025\/02\/Ptice_021-1920x1280.jpg 1920w, https:\/\/www.gkl-rijeka.hr\/wp-content\/uploads\/2025\/02\/Ptice_021-800x533.jpg 800w, https:\/\/www.gkl-rijeka.hr\/wp-content\/uploads\/2025\/02\/Ptice_021-1536x1024.jpg 1536w, https:\/\/www.gkl-rijeka.hr\/wp-content\/uploads\/2025\/02\/Ptice_021-2048x1366.jpg 2048w, https:\/\/www.gkl-rijeka.hr\/wp-content\/uploads\/2025\/02\/Ptice_021-1080x720.jpg 1080w\" sizes=\"(max-width: 600px) 100vw, 600px\" \/><\/p>\n<p>&nbsp;<\/p>\n<p>&nbsp;<\/p>\n<p>&nbsp;<\/p>\n<p>&nbsp;<\/p>\n<p>&nbsp;<\/p>\n","protected":false},"excerpt":{"rendered":"<p>Rijeka, 13.10.2025. &nbsp; GRADSKO KAZALI\u0160TE LUTAKA RIJEKA OSVOJILO PET NAGRADA NA 28. SUSRETU PROFESIONALNIH KAZALI\u0160TA ZA DJECU I MLADE HRVATSKOG CENTRA ASSITEJ U \u010cAKOVCU &nbsp; Predstava \u201eDan kad sam se pretvorio u pticu\u201c Gradskog kazali\u0161ta lutaka Rijeka, u re\u017eiji Tamare Ku\u010dinovi\u0107, ostvarila je izniman uspjeh na 28. Susretu profesionalnih kazali\u0161ta za djecu i mlade Hrvatskog [&hellip;]<\/p>\n","protected":false},"author":1,"featured_media":16704,"comment_status":"closed","ping_status":"closed","sticky":false,"template":"","format":"standard","meta":{"spay_email":""},"categories":[3],"tags":[],"jetpack_featured_media_url":"https:\/\/www.gkl-rijeka.hr\/wp-content\/uploads\/2025\/02\/Ptice_199.jpg?wsr","yoast_head":"<!-- This site is optimized with the Yoast SEO plugin v15.1.1 - https:\/\/yoast.com\/wordpress\/plugins\/seo\/ -->\n<meta name=\"robots\" content=\"index, follow, max-snippet:-1, max-image-preview:large, max-video-preview:-1\" \/>\n<link rel=\"canonical\" href=\"https:\/\/www.gkl-rijeka.hr\/index.php\/gkl-rijeka-dobitnik-5-nagrada-na-28-susretu-profesionalnih-kazalista-za-djecu-i-mlade-hrvatskog-centra-assitej-u\/\" \/>\n<meta property=\"og:locale\" content=\"en_US\" \/>\n<meta property=\"og:type\" content=\"article\" \/>\n<meta property=\"og:title\" content=\"GKL Rijeka dobitnik 5 nagrada na 28. susretu profesionalnih kazali\u0161ta za djecu i mlade Hrvatskog centra ASSITEJ-u - Gradsko kazali\u0161te lutaka Rijeka\" \/>\n<meta property=\"og:description\" content=\"Rijeka, 13.10.2025. &nbsp; GRADSKO KAZALI\u0160TE LUTAKA RIJEKA OSVOJILO PET NAGRADA NA 28. SUSRETU PROFESIONALNIH KAZALI\u0160TA ZA DJECU I MLADE HRVATSKOG CENTRA ASSITEJ U \u010cAKOVCU &nbsp; Predstava \u201eDan kad sam se pretvorio u pticu\u201c Gradskog kazali\u0161ta lutaka Rijeka, u re\u017eiji Tamare Ku\u010dinovi\u0107, ostvarila je izniman uspjeh na 28. Susretu profesionalnih kazali\u0161ta za djecu i mlade Hrvatskog [&hellip;]\" \/>\n<meta property=\"og:url\" content=\"https:\/\/www.gkl-rijeka.hr\/index.php\/gkl-rijeka-dobitnik-5-nagrada-na-28-susretu-profesionalnih-kazalista-za-djecu-i-mlade-hrvatskog-centra-assitej-u\/\" \/>\n<meta property=\"og:site_name\" content=\"Gradsko kazali\u0161te lutaka Rijeka\" \/>\n<meta property=\"article:publisher\" content=\"https:\/\/www.facebook.com\/gkl.rijeka\" \/>\n<meta property=\"article:published_time\" content=\"2025-10-13T11:13:45+00:00\" \/>\n<meta property=\"og:image\" content=\"https:\/\/www.gkl-rijeka.hr\/wp-content\/uploads\/2025\/02\/Ptice_199.jpg?wsr\" \/>\n\t<meta property=\"og:image:width\" content=\"2200\" \/>\n\t<meta property=\"og:image:height\" content=\"1467\" \/>\n<meta property=\"fb:app_id\" content=\"368762594246882\" \/>\n<meta name=\"twitter:card\" content=\"summary\" \/>\n<script type=\"application\/ld+json\" class=\"yoast-schema-graph\">{\"@context\":\"https:\/\/schema.org\",\"@graph\":[{\"@type\":\"Organization\",\"@id\":\"https:\/\/www.gkl-rijeka.hr\/#organization\",\"name\":\"Gradsko kazali\\u0161te lutaka Rijeka\",\"url\":\"https:\/\/www.gkl-rijeka.hr\/\",\"sameAs\":[\"https:\/\/www.facebook.com\/gkl.rijeka\"],\"logo\":{\"@type\":\"ImageObject\",\"@id\":\"https:\/\/www.gkl-rijeka.hr\/#logo\",\"inLanguage\":\"en-US\",\"url\":\"https:\/\/www.gkl-rijeka.hr\/wp-content\/uploads\/2020\/10\/logo_boja_01.png?wsr\",\"width\":209,\"height\":280,\"caption\":\"Gradsko kazali\\u0161te lutaka Rijeka\"},\"image\":{\"@id\":\"https:\/\/www.gkl-rijeka.hr\/#logo\"}},{\"@type\":\"WebSite\",\"@id\":\"https:\/\/www.gkl-rijeka.hr\/#website\",\"url\":\"https:\/\/www.gkl-rijeka.hr\/\",\"name\":\"Gradsko kazali\\u0161te lutaka Rijeka\",\"description\":\"\",\"publisher\":{\"@id\":\"https:\/\/www.gkl-rijeka.hr\/#organization\"},\"potentialAction\":[{\"@type\":\"SearchAction\",\"target\":\"https:\/\/www.gkl-rijeka.hr\/?s={search_term_string}\",\"query-input\":\"required name=search_term_string\"}],\"inLanguage\":\"en-US\"},{\"@type\":\"ImageObject\",\"@id\":\"https:\/\/www.gkl-rijeka.hr\/index.php\/gkl-rijeka-dobitnik-5-nagrada-na-28-susretu-profesionalnih-kazalista-za-djecu-i-mlade-hrvatskog-centra-assitej-u\/#primaryimage\",\"inLanguage\":\"en-US\",\"url\":\"https:\/\/www.gkl-rijeka.hr\/wp-content\/uploads\/2025\/02\/Ptice_199.jpg?wsr\",\"width\":2200,\"height\":1467},{\"@type\":\"WebPage\",\"@id\":\"https:\/\/www.gkl-rijeka.hr\/index.php\/gkl-rijeka-dobitnik-5-nagrada-na-28-susretu-profesionalnih-kazalista-za-djecu-i-mlade-hrvatskog-centra-assitej-u\/#webpage\",\"url\":\"https:\/\/www.gkl-rijeka.hr\/index.php\/gkl-rijeka-dobitnik-5-nagrada-na-28-susretu-profesionalnih-kazalista-za-djecu-i-mlade-hrvatskog-centra-assitej-u\/\",\"name\":\"GKL Rijeka dobitnik 5 nagrada na 28. susretu profesionalnih kazali\\u0161ta za djecu i mlade Hrvatskog centra ASSITEJ-u - Gradsko kazali\\u0161te lutaka Rijeka\",\"isPartOf\":{\"@id\":\"https:\/\/www.gkl-rijeka.hr\/#website\"},\"primaryImageOfPage\":{\"@id\":\"https:\/\/www.gkl-rijeka.hr\/index.php\/gkl-rijeka-dobitnik-5-nagrada-na-28-susretu-profesionalnih-kazalista-za-djecu-i-mlade-hrvatskog-centra-assitej-u\/#primaryimage\"},\"datePublished\":\"2025-10-13T11:13:45+00:00\",\"dateModified\":\"2025-10-13T11:13:45+00:00\",\"inLanguage\":\"en-US\",\"potentialAction\":[{\"@type\":\"ReadAction\",\"target\":[\"https:\/\/www.gkl-rijeka.hr\/index.php\/gkl-rijeka-dobitnik-5-nagrada-na-28-susretu-profesionalnih-kazalista-za-djecu-i-mlade-hrvatskog-centra-assitej-u\/\"]}]},{\"@type\":\"Article\",\"@id\":\"https:\/\/www.gkl-rijeka.hr\/index.php\/gkl-rijeka-dobitnik-5-nagrada-na-28-susretu-profesionalnih-kazalista-za-djecu-i-mlade-hrvatskog-centra-assitej-u\/#article\",\"isPartOf\":{\"@id\":\"https:\/\/www.gkl-rijeka.hr\/index.php\/gkl-rijeka-dobitnik-5-nagrada-na-28-susretu-profesionalnih-kazalista-za-djecu-i-mlade-hrvatskog-centra-assitej-u\/#webpage\"},\"author\":{\"@id\":\"https:\/\/www.gkl-rijeka.hr\/#\/schema\/person\/3d9f7620db983ddf36e45ccae28c8651\"},\"headline\":\"GKL Rijeka dobitnik 5 nagrada na 28. susretu profesionalnih kazali\\u0161ta za djecu i mlade Hrvatskog centra ASSITEJ-u\",\"datePublished\":\"2025-10-13T11:13:45+00:00\",\"dateModified\":\"2025-10-13T11:13:45+00:00\",\"mainEntityOfPage\":{\"@id\":\"https:\/\/www.gkl-rijeka.hr\/index.php\/gkl-rijeka-dobitnik-5-nagrada-na-28-susretu-profesionalnih-kazalista-za-djecu-i-mlade-hrvatskog-centra-assitej-u\/#webpage\"},\"publisher\":{\"@id\":\"https:\/\/www.gkl-rijeka.hr\/#organization\"},\"image\":{\"@id\":\"https:\/\/www.gkl-rijeka.hr\/index.php\/gkl-rijeka-dobitnik-5-nagrada-na-28-susretu-profesionalnih-kazalista-za-djecu-i-mlade-hrvatskog-centra-assitej-u\/#primaryimage\"},\"articleSection\":\"Novosti\",\"inLanguage\":\"en-US\"},{\"@type\":\"Person\",\"@id\":\"https:\/\/www.gkl-rijeka.hr\/#\/schema\/person\/3d9f7620db983ddf36e45ccae28c8651\",\"name\":\"Marin\",\"image\":{\"@type\":\"ImageObject\",\"@id\":\"https:\/\/www.gkl-rijeka.hr\/#personlogo\",\"inLanguage\":\"en-US\",\"url\":\"https:\/\/secure.gravatar.com\/avatar\/9ba8e90e29bf7b5691a75673ed86bcba?s=96&d=mm&r=g\",\"caption\":\"Marin\"}}]}<\/script>\n<!-- \/ Yoast SEO plugin. -->","_links":{"self":[{"href":"https:\/\/www.gkl-rijeka.hr\/index.php\/wp-json\/wp\/v2\/posts\/17424"}],"collection":[{"href":"https:\/\/www.gkl-rijeka.hr\/index.php\/wp-json\/wp\/v2\/posts"}],"about":[{"href":"https:\/\/www.gkl-rijeka.hr\/index.php\/wp-json\/wp\/v2\/types\/post"}],"author":[{"embeddable":true,"href":"https:\/\/www.gkl-rijeka.hr\/index.php\/wp-json\/wp\/v2\/users\/1"}],"replies":[{"embeddable":true,"href":"https:\/\/www.gkl-rijeka.hr\/index.php\/wp-json\/wp\/v2\/comments?post=17424"}],"version-history":[{"count":1,"href":"https:\/\/www.gkl-rijeka.hr\/index.php\/wp-json\/wp\/v2\/posts\/17424\/revisions"}],"predecessor-version":[{"id":17425,"href":"https:\/\/www.gkl-rijeka.hr\/index.php\/wp-json\/wp\/v2\/posts\/17424\/revisions\/17425"}],"wp:featuredmedia":[{"embeddable":true,"href":"https:\/\/www.gkl-rijeka.hr\/index.php\/wp-json\/wp\/v2\/media\/16704"}],"wp:attachment":[{"href":"https:\/\/www.gkl-rijeka.hr\/index.php\/wp-json\/wp\/v2\/media?parent=17424"}],"wp:term":[{"taxonomy":"category","embeddable":true,"href":"https:\/\/www.gkl-rijeka.hr\/index.php\/wp-json\/wp\/v2\/categories?post=17424"},{"taxonomy":"post_tag","embeddable":true,"href":"https:\/\/www.gkl-rijeka.hr\/index.php\/wp-json\/wp\/v2\/tags?post=17424"}],"curies":[{"name":"wp","href":"https:\/\/api.w.org\/{rel}","templated":true}]}}