{"id":17426,"date":"2025-10-14T12:42:29","date_gmt":"2025-10-14T12:42:29","guid":{"rendered":"https:\/\/www.gkl-rijeka.hr\/?p=17426"},"modified":"2025-10-14T12:42:29","modified_gmt":"2025-10-14T12:42:29","slug":"najavljena-30-revija-lutkarskih-kazalista-na-konferenciji-za-novinare","status":"publish","type":"post","link":"https:\/\/www.gkl-rijeka.hr\/index.php\/najavljena-30-revija-lutkarskih-kazalista-na-konferenciji-za-novinare\/","title":{"rendered":"Najavljena 30. revija lutkarskih kazali\u0161ta na konferenciji za novinare"},"content":{"rendered":"<p>Jubilarna 30. Revija lutkarskih kazali\u0161ta Rijeka odr\u017eat \u0107e se od 3. do 11. studenoga, uz raznolik i bogat program za sve uzraste u kojem \u0107e sudjelovati 14 doma\u0107ih i inozemnih kazali\u0161ta, a predstave \u0107e biti izvedene na tri lokacije: u Gradskom kazali\u0161tu lutaka, Hrvatskom kulturnom domu na Su\u0161aku i Dvorani kulture Joga u svakodnevnom \u017eivotu.<\/p>\n<p>Obljetni\u010dku Reviju su na konferenciji za medije u Salonu Grada Rijeke najavili Iva Rin\u010di\u0107, gradona\u010delnica Rijeke, Toni \u0160timac, zamjenik \u017eupana Primorsko-goranske \u017eupanije, Sonja \u0160i\u0161i\u0107, pro\u010delnica Upravnog odjela za kulturu, sport i tehni\u010dku kulturu PG\u017d, Magdalena Lupi Alvir, ravnateljica Gradskog kazali\u0161ta lutaka Rijeka, te Vedrana Balen Spin\u010di\u0107, stru\u010dna suradnica Gradskog kazali\u0161ta lutaka Rijeka.<\/p>\n<p><strong>Spoj umjetnosti, igre i edukacije<\/strong><\/p>\n<p>Gradona\u010delnica Iva Rin\u010di\u0107 izrazila je ponos \u0161to Rijeka ima Gradsko kazali\u0161te lutaka koje je dom kreativnosti, emocija i umjetni\u010dke posve\u0107enosti. Naglasila je kako Revija ve\u0107 tri desetlje\u0107a daruje djeci i odraslima osmijehe, ma\u0161tu i nezaboravne trenutke, spajaju\u0107i umjetnost, igru i edukaciju. Posebno je istaknula ulogu publike koja \u0107e i ove godine birati najbolju predstavu i dodijeliti nagradu publike \u2013 Domino.<\/p>\n<p>Jubilarna 30. Revija lutkarskih kazali\u0161ta Rijeka odr\u017eat \u0107e se od 3. do 11. studenoga, uz raznolik i bogat program za sve uzraste u kojem \u0107e sudjelovati 14 doma\u0107ih i inozemnih kazali\u0161ta, a predstave \u0107e biti izvedene na tri lokacije: u Gradskom kazali\u0161tu lutaka, Hrvatskom kulturnom domu na Su\u0161aku i Dvorani kulture Joga u svakodnevnom \u017eivotu.<\/p>\n<p>Obljetni\u010dku Reviju su na konferenciji za medije u Salonu Grada Rijeke najavili Iva Rin\u010di\u0107, gradona\u010delnica Rijeke, Toni \u0160timac, zamjenik \u017eupana Primorsko-goranske \u017eupanije, Sonja \u0160i\u0161i\u0107, pro\u010delnica Upravnog odjela za kulturu, sport i tehni\u010dku kulturu PG\u017d, Magdalena Lupi Alvir, ravnateljica Gradskog kazali\u0161ta lutaka Rijeka, te Vedrana Balen Spin\u010di\u0107, stru\u010dna suradnica Gradskog kazali\u0161ta lutaka Rijeka.<\/p>\n<p><strong>Spoj umjetnosti, igre i edukacije<\/strong><\/p>\n<p>Gradona\u010delnica Iva Rin\u010di\u0107 izrazila je ponos \u0161to Rijeka ima Gradsko kazali\u0161te lutaka koje je dom kreativnosti, emocija i umjetni\u010dke posve\u0107enosti. Naglasila je kako Revija ve\u0107 tri desetlje\u0107a daruje djeci i odraslima osmijehe, ma\u0161tu i nezaboravne trenutke, spajaju\u0107i umjetnost, igru i edukaciju. Posebno je istaknula ulogu publike koja \u0107e i ove godine birati najbolju predstavu i dodijeliti nagradu publike \u2013 Domino.<\/p>\n<p>\u201eZaista svatko mo\u017ee prona\u0107i ne\u0161to za sebe, a Rijeka ponovno postaje mjesto dru\u017eenja i razmjene emocija i kreativnosti\u201c, poru\u010dila je gradona\u010delnica te pozvala sugra\u0111ane da u studenom budu dio ove predivne pri\u010de i zajedno proslave 30 godina lutkarske \u010darolije.<\/p>\n<p>Zamjenik \u017eupana Toni \u0160timac naglasio je kako se u protekla tri desetlje\u0107a najvi\u0161e promijenila publika te je va\u017eno cijeniti dje\u010dji do\u017eivljaj kazali\u0161ta i kreativni rad. Istaknuo je da Primorsko-goranska \u017eupanija i Grad Rijeka prepoznaju va\u017enost lutkarstva te da je najva\u017enije da djeca shvate vrijednost kazali\u0161ta. Lutkarima je za\u017eelio mnogo uspjeha i prodanih ulaznica.<\/p>\n<p>U <a href=\"https:\/\/www.gkl-rijeka.hr\/index.php\/30revija\/\">obljetni\u010dkom programu<\/a> sudjelovat \u0107e 14 kazali\u0161ta iz Hrvatske, SAD-a, Francuske, Njema\u010dke, Srbije i Slovenije. Program je podijeljen u dva bloka: za najmla\u0111e i za \u0161kolarce te odrasle, s predstavama koje obra\u0111uju aktualne teme i donose suvremene tendencije u lutkarstvu, najavila je Magdalena Lupi Alvir, ravnateljica Gradskog kazali\u0161ta lutaka Rijeka.<\/p>\n<p><strong>Za \u0161kolarce, mlade i odrasle<\/strong><\/p>\n<p>Za \u0161kolarce, mlade i one odrasle namijenjene su predstave \u201eRMS Titanik\u201c Kazali\u0161ta za djecu i mlade Kragujevac, za starije od deset godina, dok \u0107e \u201eTria Fata\u201c ansambla La Pendue privu\u0107i gledatelje od devet godina navi\u0161e. \u201eKoncert tijela\u201c grupe Lone Wolf Tribe namijenjen je publici od 15 godina, kao i predstave \u201eTransport: Teret\u201c Lutkarskog kazali\u0161ta Maribor i \u201eTransport: Odlazak\u201c Lutkarskog kazali\u0161ta Ljubljana. Za djecu od sedam godina igra se predstava \u201eMisto di raste lavandulilili\u201c Kazali\u0161ta lutaka Zadar.<\/p>\n<p><strong>Za najmla\u0111e gledatelje<\/strong><\/p>\n<p>Za najmla\u0111e gledatelje pripremljene su predstave poput \u201eSlatke rije\u010di\u201c Gradskog kazali\u0161ta lutaka Rijeka, namijenjene djeci od tri godine navi\u0161e, zatim \u201eVuk koji je ispao iz knjige\u201c Teatra Odivo za djecu od \u010detiri godine, te \u201eReci AAAA\u2026 Mali lav i veliki strah\u201c Gradskog kazali\u0161ta lutaka Split, tako\u0111er za djecu od tri godine.<\/p>\n<p>Ljubitelji klasi\u010dnih bajki mo\u0107i \u0107e u\u017eivati u predstavi \u201eCrvenkapica\u201c Kazali\u0161ta mladih Novi Sad, dok \u0107e \u201eUmi\u0161ljena mi\u0161ica\u201c Kazali\u0161ne dru\u017eine Pinklec zabaviti najmla\u0111e od tri godine nadalje. Za najmla\u0111e, od dvije godine, pripremljena je i predstava \u201eOvo sam ja\u201c Teatra Poco Loco. Program za djecu od \u010detiri godine uklju\u010duje i \u201eTvorce sjena\u201c Kolektiva Tangram, a za starije od pet godina bit \u0107e izvedena \u201e\u010cetiri \u010dudesne nezgode\u201c Dje\u010djeg kazali\u0161ta Branka Mihaljevi\u0107a iz Osijeka. Rije\u010d je o predstavi koja je pro\u0161le godine osvojila nagradu rije\u010dke publike, a ove \u0107e godine igrati izvan konkurencije, najavila je stru\u010dna suradnica Vedrana Balen Spin\u010di\u0107.<\/p>\n<p><strong>Bogat popratni sadr\u017eaj<\/strong><\/p>\n<p>Uz glavni kazali\u0161ni program, Revija \u0107e ponuditi bogat popratni sadr\u017eaj, uklju\u010duju\u0107i lutkarsku igraonicu i animaonicu, predstavljanje knjiga, izlo\u017ebe plakata i lutaka te projekt \u201eLutke u izloge\u201c, kojim lutke iz predstava krase gradske izloge i pozivaju prolaznike u lutkarsko kazali\u0161te. \u201ePublika \u0107e, kao i prethodnih godina, ocjenjivati predstave, a najbolja \u0107e osvojiti nagradu publike Domino, nazvanu po prvom nazivu Gradskog kazali\u0161ta lutaka Rijeka. Netko od gledatelja \u0107e na kraju Revije osvojiti nagradu kazali\u0161ta- sezonski obiteljski paket ulaznica\u201c, najavila je Balen Spin\u010di\u0107.<\/p>\n<p>\u201eGrad ponovno di\u0161e lutkarstvo\u201c, istaknula je ravnateljica Lupi Alvir te najavila da \u0107e ovogodi\u0161nju Reviju pratiti i selektori inozemnih lutkarskih festivala te predstavnici UNIMA-e, krovne svjetske lutkarske organizacije.<\/p>\n<p>&nbsp;<\/p>\n","protected":false},"excerpt":{"rendered":"<p>Ulaznice u slobodnoj prodaji od 15. listopada, a po first minute cijeni do 19. listopada!<\/p>\n","protected":false},"author":1,"featured_media":17427,"comment_status":"closed","ping_status":"closed","sticky":false,"template":"","format":"standard","meta":{"spay_email":""},"categories":[3],"tags":[],"jetpack_featured_media_url":"https:\/\/www.gkl-rijeka.hr\/wp-content\/uploads\/2025\/10\/Najava-30.-Revije-lutkarskih-kazalista-10.jpg?wsr","yoast_head":"<!-- This site is optimized with the Yoast SEO plugin v15.1.1 - https:\/\/yoast.com\/wordpress\/plugins\/seo\/ -->\n<meta name=\"robots\" content=\"index, follow, max-snippet:-1, max-image-preview:large, max-video-preview:-1\" \/>\n<link rel=\"canonical\" href=\"https:\/\/www.gkl-rijeka.hr\/index.php\/najavljena-30-revija-lutkarskih-kazalista-na-konferenciji-za-novinare\/\" \/>\n<meta property=\"og:locale\" content=\"en_US\" \/>\n<meta property=\"og:type\" content=\"article\" \/>\n<meta property=\"og:title\" content=\"Najavljena 30. revija lutkarskih kazali\u0161ta na konferenciji za novinare - Gradsko kazali\u0161te lutaka Rijeka\" \/>\n<meta property=\"og:description\" content=\"Ulaznice u slobodnoj prodaji od 15. listopada, a po first minute cijeni do 19. listopada!\" \/>\n<meta property=\"og:url\" content=\"https:\/\/www.gkl-rijeka.hr\/index.php\/najavljena-30-revija-lutkarskih-kazalista-na-konferenciji-za-novinare\/\" \/>\n<meta property=\"og:site_name\" content=\"Gradsko kazali\u0161te lutaka Rijeka\" \/>\n<meta property=\"article:publisher\" content=\"https:\/\/www.facebook.com\/gkl.rijeka\" \/>\n<meta property=\"article:published_time\" content=\"2025-10-14T12:42:29+00:00\" \/>\n<meta property=\"og:image\" content=\"https:\/\/www.gkl-rijeka.hr\/wp-content\/uploads\/2025\/10\/Najava-30.-Revije-lutkarskih-kazalista-10.jpg?wsr\" \/>\n\t<meta property=\"og:image:width\" content=\"1600\" \/>\n\t<meta property=\"og:image:height\" content=\"1067\" \/>\n<meta property=\"fb:app_id\" content=\"368762594246882\" \/>\n<meta name=\"twitter:card\" content=\"summary\" \/>\n<script type=\"application\/ld+json\" class=\"yoast-schema-graph\">{\"@context\":\"https:\/\/schema.org\",\"@graph\":[{\"@type\":\"Organization\",\"@id\":\"https:\/\/www.gkl-rijeka.hr\/#organization\",\"name\":\"Gradsko kazali\\u0161te lutaka Rijeka\",\"url\":\"https:\/\/www.gkl-rijeka.hr\/\",\"sameAs\":[\"https:\/\/www.facebook.com\/gkl.rijeka\"],\"logo\":{\"@type\":\"ImageObject\",\"@id\":\"https:\/\/www.gkl-rijeka.hr\/#logo\",\"inLanguage\":\"en-US\",\"url\":\"https:\/\/www.gkl-rijeka.hr\/wp-content\/uploads\/2020\/10\/logo_boja_01.png?wsr\",\"width\":209,\"height\":280,\"caption\":\"Gradsko kazali\\u0161te lutaka Rijeka\"},\"image\":{\"@id\":\"https:\/\/www.gkl-rijeka.hr\/#logo\"}},{\"@type\":\"WebSite\",\"@id\":\"https:\/\/www.gkl-rijeka.hr\/#website\",\"url\":\"https:\/\/www.gkl-rijeka.hr\/\",\"name\":\"Gradsko kazali\\u0161te lutaka Rijeka\",\"description\":\"\",\"publisher\":{\"@id\":\"https:\/\/www.gkl-rijeka.hr\/#organization\"},\"potentialAction\":[{\"@type\":\"SearchAction\",\"target\":\"https:\/\/www.gkl-rijeka.hr\/?s={search_term_string}\",\"query-input\":\"required name=search_term_string\"}],\"inLanguage\":\"en-US\"},{\"@type\":\"ImageObject\",\"@id\":\"https:\/\/www.gkl-rijeka.hr\/index.php\/najavljena-30-revija-lutkarskih-kazalista-na-konferenciji-za-novinare\/#primaryimage\",\"inLanguage\":\"en-US\",\"url\":\"https:\/\/www.gkl-rijeka.hr\/wp-content\/uploads\/2025\/10\/Najava-30.-Revije-lutkarskih-kazalista-10.jpg?wsr\",\"width\":1600,\"height\":1067},{\"@type\":\"WebPage\",\"@id\":\"https:\/\/www.gkl-rijeka.hr\/index.php\/najavljena-30-revija-lutkarskih-kazalista-na-konferenciji-za-novinare\/#webpage\",\"url\":\"https:\/\/www.gkl-rijeka.hr\/index.php\/najavljena-30-revija-lutkarskih-kazalista-na-konferenciji-za-novinare\/\",\"name\":\"Najavljena 30. revija lutkarskih kazali\\u0161ta na konferenciji za novinare - Gradsko kazali\\u0161te lutaka Rijeka\",\"isPartOf\":{\"@id\":\"https:\/\/www.gkl-rijeka.hr\/#website\"},\"primaryImageOfPage\":{\"@id\":\"https:\/\/www.gkl-rijeka.hr\/index.php\/najavljena-30-revija-lutkarskih-kazalista-na-konferenciji-za-novinare\/#primaryimage\"},\"datePublished\":\"2025-10-14T12:42:29+00:00\",\"dateModified\":\"2025-10-14T12:42:29+00:00\",\"inLanguage\":\"en-US\",\"potentialAction\":[{\"@type\":\"ReadAction\",\"target\":[\"https:\/\/www.gkl-rijeka.hr\/index.php\/najavljena-30-revija-lutkarskih-kazalista-na-konferenciji-za-novinare\/\"]}]},{\"@type\":\"Article\",\"@id\":\"https:\/\/www.gkl-rijeka.hr\/index.php\/najavljena-30-revija-lutkarskih-kazalista-na-konferenciji-za-novinare\/#article\",\"isPartOf\":{\"@id\":\"https:\/\/www.gkl-rijeka.hr\/index.php\/najavljena-30-revija-lutkarskih-kazalista-na-konferenciji-za-novinare\/#webpage\"},\"author\":{\"@id\":\"https:\/\/www.gkl-rijeka.hr\/#\/schema\/person\/3d9f7620db983ddf36e45ccae28c8651\"},\"headline\":\"Najavljena 30. revija lutkarskih kazali\\u0161ta na konferenciji za novinare\",\"datePublished\":\"2025-10-14T12:42:29+00:00\",\"dateModified\":\"2025-10-14T12:42:29+00:00\",\"mainEntityOfPage\":{\"@id\":\"https:\/\/www.gkl-rijeka.hr\/index.php\/najavljena-30-revija-lutkarskih-kazalista-na-konferenciji-za-novinare\/#webpage\"},\"publisher\":{\"@id\":\"https:\/\/www.gkl-rijeka.hr\/#organization\"},\"image\":{\"@id\":\"https:\/\/www.gkl-rijeka.hr\/index.php\/najavljena-30-revija-lutkarskih-kazalista-na-konferenciji-za-novinare\/#primaryimage\"},\"articleSection\":\"Novosti\",\"inLanguage\":\"en-US\"},{\"@type\":\"Person\",\"@id\":\"https:\/\/www.gkl-rijeka.hr\/#\/schema\/person\/3d9f7620db983ddf36e45ccae28c8651\",\"name\":\"Marin\",\"image\":{\"@type\":\"ImageObject\",\"@id\":\"https:\/\/www.gkl-rijeka.hr\/#personlogo\",\"inLanguage\":\"en-US\",\"url\":\"https:\/\/secure.gravatar.com\/avatar\/9ba8e90e29bf7b5691a75673ed86bcba?s=96&d=mm&r=g\",\"caption\":\"Marin\"}}]}<\/script>\n<!-- \/ Yoast SEO plugin. -->","_links":{"self":[{"href":"https:\/\/www.gkl-rijeka.hr\/index.php\/wp-json\/wp\/v2\/posts\/17426"}],"collection":[{"href":"https:\/\/www.gkl-rijeka.hr\/index.php\/wp-json\/wp\/v2\/posts"}],"about":[{"href":"https:\/\/www.gkl-rijeka.hr\/index.php\/wp-json\/wp\/v2\/types\/post"}],"author":[{"embeddable":true,"href":"https:\/\/www.gkl-rijeka.hr\/index.php\/wp-json\/wp\/v2\/users\/1"}],"replies":[{"embeddable":true,"href":"https:\/\/www.gkl-rijeka.hr\/index.php\/wp-json\/wp\/v2\/comments?post=17426"}],"version-history":[{"count":1,"href":"https:\/\/www.gkl-rijeka.hr\/index.php\/wp-json\/wp\/v2\/posts\/17426\/revisions"}],"predecessor-version":[{"id":17428,"href":"https:\/\/www.gkl-rijeka.hr\/index.php\/wp-json\/wp\/v2\/posts\/17426\/revisions\/17428"}],"wp:featuredmedia":[{"embeddable":true,"href":"https:\/\/www.gkl-rijeka.hr\/index.php\/wp-json\/wp\/v2\/media\/17427"}],"wp:attachment":[{"href":"https:\/\/www.gkl-rijeka.hr\/index.php\/wp-json\/wp\/v2\/media?parent=17426"}],"wp:term":[{"taxonomy":"category","embeddable":true,"href":"https:\/\/www.gkl-rijeka.hr\/index.php\/wp-json\/wp\/v2\/categories?post=17426"},{"taxonomy":"post_tag","embeddable":true,"href":"https:\/\/www.gkl-rijeka.hr\/index.php\/wp-json\/wp\/v2\/tags?post=17426"}],"curies":[{"name":"wp","href":"https:\/\/api.w.org\/{rel}","templated":true}]}}