{"id":17458,"date":"2025-11-25T09:41:42","date_gmt":"2025-11-25T09:41:42","guid":{"rendered":"https:\/\/www.gkl-rijeka.hr\/?p=17458"},"modified":"2025-11-25T09:43:13","modified_gmt":"2025-11-25T09:43:13","slug":"programi-u-prosincu-2025","status":"publish","type":"post","link":"https:\/\/www.gkl-rijeka.hr\/index.php\/programi-u-prosincu-2025\/","title":{"rendered":"PROGRAMI U PROSINCU 2025"},"content":{"rendered":"<p>Prosinac je u Gradskom kazali\u0161tu lutaka Rijeka najlu\u0111i mjesec u godini, i u cijelom gradu, no GKL osim kazali\u0161nih likova pohode i dvije va\u017ene osobe, a to su glavama i bradama Sv. Nikola i Djed Bo\u017ei\u0107njak. Oni \u0107e biti prisutni na svakoj izvedbi i nakon predstave razveseliti djecu svojom pri\u010dom i slatki\u0161ima. A osim njih dvojice, rije\u010dko \u0107e kazali\u0161te lutaka ovog prosinca pohoditi Je\u017eurka Je\u017ei\u0107 i njegova \u0161umska dru\u017eina, Ebenezer Scrooge i duhovi Bo\u017ei\u0107a iz Dickensove \u201eBo\u017ei\u0107ne pri\u010de\u201c, a na samom kraju godine dru\u017eit \u0107emo se s Mrazom i upaliti svjetla Bo\u017ei\u0107a u svakome od vas.<\/p>\n<p>S mirisom prosinca dolazi nam Je\u017eurka Je\u017ei\u0107 sa svojom poznatom pri\u010dom autora Branka \u0106opi\u0107a \u201eJe\u017eeva ku\u0107ica\u201c. U obnovljenom ruhu, kazali\u0161tem \u0107e odzvanjati poznati stihovi koji \u0107e raspjevati svu publiku. Glazbu je za predstavu skladao Hrvoje Hegedu\u0161i\u0107, a predstavu re\u017eirala Sanda Miladinov Langerholz.<\/p>\n<p>Je\u017eurka Je\u017ei\u0107 svakodnevno luta \u0161umom, te je vrlo po\u0161tovan me\u0111u \u0161umskim \u017eivotinjama. Jednoga dana, Je\u017eurka je pozvan na maratonski ru\u010dak kod Lisice Mice, na \u0161to rado pristaje.<\/p>\n<p>Nakon \u010detverosatnog bogatog obroka Je\u017eurka se vra\u0107a ku\u0107i, a Lisicu, Medu, Vuka i Divlju svinju zanima \u0161to li to Je\u017eurka kod ku\u0107e, toliko va\u017enog, skriva&#8230;<\/p>\n<p>U predstavi sudjeluju Karin Fr\u00f6hlich kao Je\u017eurka Je\u017ei\u0107, Almira \u0160tifani\u0107 kao Lisica Mica, Zlatko Vici\u0107 kao Medo, David Petrovi\u0107 kao Divlja Svinja te Alex \u0110akovi\u0107 kao Vuk i Andrea \u0160pindel kao Po\u0161tar Zec.<\/p>\n<p>Predstava se izvodi u sljede\u0107im terminima:<\/p>\n<ul>\n<li><strong>\u010cetvrtak, 4. prosinca u 18:00<\/strong><\/li>\n<li><strong>Petak, 5. prosinca u 18:00<\/strong><\/li>\n<li><strong>Subota, 6. prosinca u 11:00 i 18:00<\/strong><\/li>\n<li><strong>\u010cetvrtak, 11. prosinca u 18:00<\/strong><\/li>\n<li><strong>Petak, 12. prosinca u 18:00<\/strong><\/li>\n<li><strong>Subota, 13. prosinca u 11:00 i 18:00<\/strong><\/li>\n<\/ul>\n<p>&nbsp;<\/p>\n<p>U Dickensovoj pri\u010di \u201eBo\u017ei\u0107na pri\u010da\u201c, postavljenoj u GKL Rijeka u formi pripovjednog teatra, upoznajemo \u0161krtog i samo\u017eivog Ebenezera Scroogea kojeg posje\u0107uju tri duha, duha njegove pro\u0161losti, sada\u0161njosti i budu\u0107nosti. Scrooge je, naime, \u010dovjek koji je volio novac i svoj posao vi\u0161e od mame, vi\u0161e od tate, vi\u0161e od \u010dokolade, vi\u0161e \u010dak i od Bo\u017ei\u0107a! Mo\u017eete li to zamisliti? Da, tako je bio pohlepan i \u0161krt. Je li mogu\u0107e da se promijeni? Je li mogu\u0107e da shvati da je Bo\u017ei\u0107 najbolje vrijeme za pomaganje, opra\u0161tanje i ljubav? Mogu\u0107e je! Bo\u017ei\u0107 je najbolji dan, ali i svaki drugi dan je taj dan kad ima\u0161 priliku nekome kazati lijepu rije\u010d, nekome pokloniti ne\u0161to \u0161to mu treba, osmjehnuti mu se ili s nekim zapjevati pjesmu!<\/p>\n<p>Dramatizaciju i re\u017eiju potpisuje Maja Kati\u0107, a u predstavi sudjeluju Andrea \u0160pindel, David Petrovi\u0107, Laura Kolesari\u0107, Lino Brozi\u0107 i Zlatko Vici\u0107.<\/p>\n<p>Predstava se izvodi u sljede\u0107im terminima:<\/p>\n<ul>\n<li><strong>Petak, 19. prosinca u 18:00<\/strong><\/li>\n<li><strong>Subota, 20. prosinca u 11:00<\/strong><\/li>\n<li><strong>Ponedjeljak, 22. prosinca u 18:00<\/strong><\/li>\n<\/ul>\n<p>&nbsp;<\/p>\n<p>Predstava \u201eMoj prijatelj Mraz\u201c nas propituje je li najpoznatiji djedica u dana\u0161njem svijetu postao suvi\u0161an. Naime, pretrpane sobe igra\u010daka, naru\u010divanje poklona cijele godine, natjecanje me\u0111u djecom tko \u0161to ima, u sve to pretvorila su se dana\u0161nja djetinjstva. I isto tako \u017eivot odraslih. Sve samo za sebe. Iz toga je proiza\u0161la ova pri\u010da i predstava, iz potrebe da se zaustavimo, sagledamo vlastito pona\u0161anje i mo\u017eda shvatimo da nas ne mogu zaista usre\u0107iti gomile stvari koje imamo samo za sebe, ve\u0107 ne\u0161to \u0161to \u0107emo u\u010diniti i po\u017eeljeti za drugoga. U ovoj pri\u010di Djed Mraz pada u depresiju zbog dje\u010dje sebi\u010dnosti, njegovo svjetlo se ugasi, a u potragu za bo\u017ei\u0107nim lampicama kre\u0107e neobi\u010dna skupina koja na kraju upali svjetlo u srcu Djeda Mraza i bo\u017ei\u0107no svjetlo ponovno obasja cijeli svijet. Predstavu je napisala Vedrana Balen Spin\u010di\u0107 i re\u017eirao Ser\u0111o Dla\u010di\u0107, a izvode je Petra \u0160arac, Almira \u0160tifani\u0107, Karin Fr\u00f6hlich, Alex \u0110akovi\u0107 i kao Djed Mraz &#8211; Zlatko Vici\u0107.<\/p>\n<p>Predstava se izvodi u Gradskom kazali\u0161tu lutaka Rijeka:<\/p>\n<ul>\n<li><strong>Subota, 27. prosinca u 11:00 i 18:00<\/strong><\/li>\n<li><strong>Ponedjeljak, 29. prosinca u 17:00 i 18:30<\/strong><\/li>\n<li><strong>Utorak, 30. prosinca u 17:00 i 18:30<\/strong><\/li>\n<\/ul>\n<p><strong>\u00a0<\/strong><\/p>\n<p>U sklopu manifestacije \u201eArt kvart \u010darolije\u201c Gradsko kazali\u0161te lutaka Rijeka izvodi predstavu <strong>\u201eSretna ku\u0107ica\u201c dana 18. prosinca u 19:00 u dvorani Dje\u010dje ku\u0107e<\/strong> te \u0107e idu\u0107eg dana odr\u017eati <strong>drop-in likovno \u2013 lutkarsku radionicu \u201e\u0160areni patuljci\u201c<\/strong> pod vodstvom Lu\u010di Vidanovi\u0107, Marije Volkmer i Roberta Takacsa u Kontejneru Dje\u010dje ku\u0107e <strong>u petak, 19. prosinca od 17-19:00.<\/strong><\/p>\n<p>\u201eSretna ku\u0107ica\u201c predstava je nastala prema slikovnici Karmen Dela\u010d \u2013 Petkovi\u0107 i Dijane Arbanas, a napisale su je Ivana \u0110ula i Milica Sinkauz, re\u017eirala Morana Dolenc, a izvodi je Zlatko Vici\u0107. Ona govori o jednoj od najmanjih knji\u017enica u Hrvatskoj, ali i svijetu, smje\u0161tenu u Gornjim Kutima. Predstava je postavljena kao projekt EPK Rijeka2020 i vrlo brzo postala omiljena kod publike i struke.<\/p>\n<p>Cijena ulaznica za \u201eSretnu ku\u0107icu\u201c je popularna od 2,5 eura uz napomenu da se ulaznice prodaju isklju\u010divo preko web shopa GKL Rijeka bez mogu\u0107nosti rezervacija.<\/p>\n<p>Radionica \u201e\u0160areni patuljci\u201c razveselit \u0107e svako dijete i roditelje, u zajedni\u010dkom radu izradit \u0107e od filca i cufleka svog patuljka koji postaje bo\u017ei\u0107ni ukras. Sudjelovanje je gratis.<\/p>\n<h3>Magija prosinca iz Gradskog kazali\u0161ta lutaka Rijeka po\u010dinje!<\/h3>\n<p>&nbsp;<\/p>\n<div class=\"et_pb_slider et_pb_slider_fullwidth_off et_pb_gallery_post_type\">\r\n\t\t\t\t<div class=\"et_pb_slides\">\r\n\t\t\t\t\t<div class=\"et_pb_slide\" style=\"background: url(https:\/\/www.gkl-rijeka.hr\/wp-content\/uploads\/2017\/11\/Jezeva_kucica_178.jpg);\"><\/div><div class=\"et_pb_slide\" style=\"background: url(https:\/\/www.gkl-rijeka.hr\/wp-content\/uploads\/2016\/11\/Bozicna_prica_280.jpg);\"><\/div><div class=\"et_pb_slide\" style=\"background: url(https:\/\/www.gkl-rijeka.hr\/wp-content\/uploads\/2020\/02\/sretna-filter.jpg);\"><\/div><div class=\"et_pb_slide\" style=\"background: url(https:\/\/www.gkl-rijeka.hr\/wp-content\/uploads\/2024\/12\/mraz1.jpg);\"><\/div><div class=\"et_pb_slide\" style=\"background: url(https:\/\/www.gkl-rijeka.hr\/wp-content\/uploads\/2025\/11\/1000016621-scaled.jpg);\"><\/div>\r\n\t\t\t\t<\/div>\r\n\t\t\t<\/div>\n<p>&nbsp;<\/p>\n<p>&nbsp;<\/p>\n","protected":false},"excerpt":{"rendered":"<p>Magija prosinca iz Gradskog kazali\u0161ta lutaka Rijeka po\u010dinje!<\/p>\n","protected":false},"author":1,"featured_media":17459,"comment_status":"closed","ping_status":"closed","sticky":false,"template":"","format":"standard","meta":{"spay_email":""},"categories":[3],"tags":[],"jetpack_featured_media_url":"https:\/\/www.gkl-rijeka.hr\/wp-content\/uploads\/2025\/11\/ZAZELI-ZELJU.png?wsr","yoast_head":"<!-- This site is optimized with the Yoast SEO plugin v15.1.1 - https:\/\/yoast.com\/wordpress\/plugins\/seo\/ -->\n<meta name=\"robots\" content=\"index, follow, max-snippet:-1, max-image-preview:large, max-video-preview:-1\" \/>\n<link rel=\"canonical\" href=\"https:\/\/www.gkl-rijeka.hr\/index.php\/programi-u-prosincu-2025\/\" \/>\n<meta property=\"og:locale\" content=\"en_US\" \/>\n<meta property=\"og:type\" content=\"article\" \/>\n<meta property=\"og:title\" content=\"PROGRAMI U PROSINCU 2025 - Gradsko kazali\u0161te lutaka Rijeka\" \/>\n<meta property=\"og:description\" content=\"Magija prosinca iz Gradskog kazali\u0161ta lutaka Rijeka po\u010dinje!\" \/>\n<meta property=\"og:url\" content=\"https:\/\/www.gkl-rijeka.hr\/index.php\/programi-u-prosincu-2025\/\" \/>\n<meta property=\"og:site_name\" content=\"Gradsko kazali\u0161te lutaka Rijeka\" \/>\n<meta property=\"article:publisher\" content=\"https:\/\/www.facebook.com\/gkl.rijeka\" \/>\n<meta property=\"article:published_time\" content=\"2025-11-25T09:41:42+00:00\" \/>\n<meta property=\"article:modified_time\" content=\"2025-11-25T09:43:13+00:00\" \/>\n<meta property=\"og:image\" content=\"https:\/\/www.gkl-rijeka.hr\/wp-content\/uploads\/2025\/11\/ZAZELI-ZELJU.png?wsr\" \/>\n\t<meta property=\"og:image:width\" content=\"1816\" \/>\n\t<meta property=\"og:image:height\" content=\"1033\" \/>\n<meta property=\"fb:app_id\" content=\"368762594246882\" \/>\n<meta name=\"twitter:card\" content=\"summary\" \/>\n<script type=\"application\/ld+json\" class=\"yoast-schema-graph\">{\"@context\":\"https:\/\/schema.org\",\"@graph\":[{\"@type\":\"Organization\",\"@id\":\"https:\/\/www.gkl-rijeka.hr\/#organization\",\"name\":\"Gradsko kazali\\u0161te lutaka Rijeka\",\"url\":\"https:\/\/www.gkl-rijeka.hr\/\",\"sameAs\":[\"https:\/\/www.facebook.com\/gkl.rijeka\"],\"logo\":{\"@type\":\"ImageObject\",\"@id\":\"https:\/\/www.gkl-rijeka.hr\/#logo\",\"inLanguage\":\"en-US\",\"url\":\"https:\/\/www.gkl-rijeka.hr\/wp-content\/uploads\/2020\/10\/logo_boja_01.png?wsr\",\"width\":209,\"height\":280,\"caption\":\"Gradsko kazali\\u0161te lutaka Rijeka\"},\"image\":{\"@id\":\"https:\/\/www.gkl-rijeka.hr\/#logo\"}},{\"@type\":\"WebSite\",\"@id\":\"https:\/\/www.gkl-rijeka.hr\/#website\",\"url\":\"https:\/\/www.gkl-rijeka.hr\/\",\"name\":\"Gradsko kazali\\u0161te lutaka Rijeka\",\"description\":\"\",\"publisher\":{\"@id\":\"https:\/\/www.gkl-rijeka.hr\/#organization\"},\"potentialAction\":[{\"@type\":\"SearchAction\",\"target\":\"https:\/\/www.gkl-rijeka.hr\/?s={search_term_string}\",\"query-input\":\"required name=search_term_string\"}],\"inLanguage\":\"en-US\"},{\"@type\":\"ImageObject\",\"@id\":\"https:\/\/www.gkl-rijeka.hr\/index.php\/programi-u-prosincu-2025\/#primaryimage\",\"inLanguage\":\"en-US\",\"url\":\"https:\/\/www.gkl-rijeka.hr\/wp-content\/uploads\/2025\/11\/ZAZELI-ZELJU.png?wsr\",\"width\":1816,\"height\":1033},{\"@type\":\"WebPage\",\"@id\":\"https:\/\/www.gkl-rijeka.hr\/index.php\/programi-u-prosincu-2025\/#webpage\",\"url\":\"https:\/\/www.gkl-rijeka.hr\/index.php\/programi-u-prosincu-2025\/\",\"name\":\"PROGRAMI U PROSINCU 2025 - Gradsko kazali\\u0161te lutaka Rijeka\",\"isPartOf\":{\"@id\":\"https:\/\/www.gkl-rijeka.hr\/#website\"},\"primaryImageOfPage\":{\"@id\":\"https:\/\/www.gkl-rijeka.hr\/index.php\/programi-u-prosincu-2025\/#primaryimage\"},\"datePublished\":\"2025-11-25T09:41:42+00:00\",\"dateModified\":\"2025-11-25T09:43:13+00:00\",\"inLanguage\":\"en-US\",\"potentialAction\":[{\"@type\":\"ReadAction\",\"target\":[\"https:\/\/www.gkl-rijeka.hr\/index.php\/programi-u-prosincu-2025\/\"]}]},{\"@type\":\"Article\",\"@id\":\"https:\/\/www.gkl-rijeka.hr\/index.php\/programi-u-prosincu-2025\/#article\",\"isPartOf\":{\"@id\":\"https:\/\/www.gkl-rijeka.hr\/index.php\/programi-u-prosincu-2025\/#webpage\"},\"author\":{\"@id\":\"https:\/\/www.gkl-rijeka.hr\/#\/schema\/person\/3d9f7620db983ddf36e45ccae28c8651\"},\"headline\":\"PROGRAMI U PROSINCU 2025\",\"datePublished\":\"2025-11-25T09:41:42+00:00\",\"dateModified\":\"2025-11-25T09:43:13+00:00\",\"mainEntityOfPage\":{\"@id\":\"https:\/\/www.gkl-rijeka.hr\/index.php\/programi-u-prosincu-2025\/#webpage\"},\"publisher\":{\"@id\":\"https:\/\/www.gkl-rijeka.hr\/#organization\"},\"image\":{\"@id\":\"https:\/\/www.gkl-rijeka.hr\/index.php\/programi-u-prosincu-2025\/#primaryimage\"},\"articleSection\":\"Novosti\",\"inLanguage\":\"en-US\"},{\"@type\":\"Person\",\"@id\":\"https:\/\/www.gkl-rijeka.hr\/#\/schema\/person\/3d9f7620db983ddf36e45ccae28c8651\",\"name\":\"Marin\",\"image\":{\"@type\":\"ImageObject\",\"@id\":\"https:\/\/www.gkl-rijeka.hr\/#personlogo\",\"inLanguage\":\"en-US\",\"url\":\"https:\/\/secure.gravatar.com\/avatar\/9ba8e90e29bf7b5691a75673ed86bcba?s=96&d=mm&r=g\",\"caption\":\"Marin\"}}]}<\/script>\n<!-- \/ Yoast SEO plugin. -->","_links":{"self":[{"href":"https:\/\/www.gkl-rijeka.hr\/index.php\/wp-json\/wp\/v2\/posts\/17458"}],"collection":[{"href":"https:\/\/www.gkl-rijeka.hr\/index.php\/wp-json\/wp\/v2\/posts"}],"about":[{"href":"https:\/\/www.gkl-rijeka.hr\/index.php\/wp-json\/wp\/v2\/types\/post"}],"author":[{"embeddable":true,"href":"https:\/\/www.gkl-rijeka.hr\/index.php\/wp-json\/wp\/v2\/users\/1"}],"replies":[{"embeddable":true,"href":"https:\/\/www.gkl-rijeka.hr\/index.php\/wp-json\/wp\/v2\/comments?post=17458"}],"version-history":[{"count":5,"href":"https:\/\/www.gkl-rijeka.hr\/index.php\/wp-json\/wp\/v2\/posts\/17458\/revisions"}],"predecessor-version":[{"id":17465,"href":"https:\/\/www.gkl-rijeka.hr\/index.php\/wp-json\/wp\/v2\/posts\/17458\/revisions\/17465"}],"wp:featuredmedia":[{"embeddable":true,"href":"https:\/\/www.gkl-rijeka.hr\/index.php\/wp-json\/wp\/v2\/media\/17459"}],"wp:attachment":[{"href":"https:\/\/www.gkl-rijeka.hr\/index.php\/wp-json\/wp\/v2\/media?parent=17458"}],"wp:term":[{"taxonomy":"category","embeddable":true,"href":"https:\/\/www.gkl-rijeka.hr\/index.php\/wp-json\/wp\/v2\/categories?post=17458"},{"taxonomy":"post_tag","embeddable":true,"href":"https:\/\/www.gkl-rijeka.hr\/index.php\/wp-json\/wp\/v2\/tags?post=17458"}],"curies":[{"name":"wp","href":"https:\/\/api.w.org\/{rel}","templated":true}]}}