{"id":17642,"date":"2026-03-04T11:54:50","date_gmt":"2026-03-04T11:54:50","guid":{"rendered":"https:\/\/www.gkl-rijeka.hr\/?p=17642"},"modified":"2026-03-18T18:47:07","modified_gmt":"2026-03-18T18:47:07","slug":"premijera-predstave-misevi-i-macke-naglavacke","status":"publish","type":"post","link":"https:\/\/www.gkl-rijeka.hr\/index.php\/premijera-predstave-misevi-i-macke-naglavacke\/","title":{"rendered":"Premijera predstave \u201eMi\u0161evi i ma\u010dke naglava\u010dke\u201c"},"content":{"rendered":"<p>[et_pb_section admin_label=&#8221;section&#8221; background_color=&#8221;#ffffff&#8221; inner_shadow=&#8221;off&#8221; parallax=&#8221;off&#8221; transparent_background=&#8221;off&#8221; allow_player_pause=&#8221;off&#8221; parallax_method=&#8221;off&#8221; padding_mobile=&#8221;off&#8221; make_fullwidth=&#8221;off&#8221; use_custom_width=&#8221;off&#8221; width_unit=&#8221;on&#8221; make_equal=&#8221;off&#8221; use_custom_gutter=&#8221;off&#8221;][et_pb_row admin_label=&#8221;row&#8221; make_fullwidth=&#8221;off&#8221; use_custom_width=&#8221;off&#8221; width_unit=&#8221;on&#8221; use_custom_gutter=&#8221;off&#8221; padding_mobile=&#8221;off&#8221; background_color=&#8221;#ffffff&#8221; allow_player_pause=&#8221;off&#8221; parallax=&#8221;off&#8221; parallax_method=&#8221;off&#8221; make_equal=&#8221;off&#8221; column_padding_mobile=&#8221;on&#8221;][et_pb_column type=&#8221;4_4&#8243;][et_pb_post_title admin_label=&#8221;Post Title&#8221; title=&#8221;on&#8221; meta=&#8221;off&#8221; author=&#8221;on&#8221; date=&#8221;on&#8221; categories=&#8221;on&#8221; comments=&#8221;on&#8221; featured_image=&#8221;on&#8221; featured_placement=&#8221;below&#8221; parallax_effect=&#8221;on&#8221; parallax_method=&#8221;on&#8221; text_orientation=&#8221;left&#8221; text_color=&#8221;dark&#8221; text_background=&#8221;off&#8221; text_bg_color=&#8221;rgba(255,255,255,0.9)&#8221; module_bg_color=&#8221;rgba(255,255,255,0)&#8221; title_all_caps=&#8221;off&#8221; use_border_color=&#8221;off&#8221; border_color=&#8221;#ffffff&#8221; border_style=&#8221;solid&#8221; \/][et_pb_text admin_label=&#8221;Text&#8221; background_layout=&#8221;light&#8221; text_orientation=&#8221;left&#8221; use_border_color=&#8221;off&#8221; border_color=&#8221;#ffffff&#8221; border_style=&#8221;solid&#8221;]<\/p>\n<p>U Gradskom kazali\u0161tu lutaka Rijeka najavljena je druga premijera kazali\u0161ne sezone 2025.\/26. pod motom \u201eKu\u0107a jezika djetinjstva\u201c. Rije\u010d je o premijeri predstave \u201eMi\u0161evi i ma\u010dke naglava\u010dke\u201c autorica Ivane \u0110ule i Milice Sinkauz prema zbirci pjesama Luke Paljetka te redateljice Renate Carole Gatice, koja \u0107e biti odr\u017eana u \u010detvrtak 5. o\u017eujka u 18 sati.<\/p>\n<p>\u0160to je pjesnik htio re\u0107i pre\u010desto je pitanje kad se o poeziji ili nekom drugom umjetni\u010dkom tekstu radi. \u010culi smo ga u \u0161koli, pro\u010ditali u novinama, urezbarili u bilje\u017enicu sva\u0161taru\u2026 A ponekad se zapitamo i kako pjesniku sve te rije\u010di, misli, stihovi do\u0111u u glavu. Otkrivamo, u pjesnikovoj glavi stanuje svakakav svijet \u2013 slova, predmeti, \u017eivotinje, hrana \u2013 sve to ne da pjesniku mira. Kultna zbirka poezije \u201eMi\u0161evi i ma\u010dke naglava\u010dke\u201c silno je nadahnu\u0107e rije\u010dkim lutkarima u stvaranju boljeg svijeta, rekla je ravnateljica Kazali\u0161ta Magdalena Lupi Alvir.<\/p>\n<p>\u201eNeka ovo bude hommage Luki Paljetku i svim njegovim nadahnu\u0107ima, idejama, likovima, glasovima u glavi, nesigurnostima, za sve one dane pisanja, ludih procesa, za sve te\u0161ke dane kreacije i sate ispred bijelog papira kojima nam je na kraju darovao taj bogati, nevjerojatni svijet u kojem se doga\u0111a sve, a dok istovremeno <em>na kraju nije ni\u0161ta bilo<\/em>\u201c, napisala je redateljica Renata Carola Gatica te je dodala kako Gradsko kazali\u0161te lutaka Rijeka pomi\u010de granice kreativnosti te da je ova predstava stvarana zajedni\u010dki, kreativnom snagom ansambla.<\/p>\n<p>Uigrani ansambl \u010dine Zlatko Vici\u0107 u liku pjesnika te Petra \u0160arac, Tilen Ko\u017eamelj i Lino Brozi\u0107 kao likovi i stihovi iz njegove ma\u0161te.<\/p>\n<p>Uz autorice i redateljicu, autorsku ekipu \u010dine i nagra\u0111ivana scenografkinja, kreatorica lutaka i kostimografkinja Alena Pavlovi\u0107, svestrani skladatelji Ivana \u0110ula i Luka Vrbani\u0107, suradnica za scenski pokret i asistentica redateljice Noemi Dessardo te oblikovatelj svjetla Sanjin Ser\u0161i\u0107.<\/p>\n<p>Dramska predstava s elementima lutkarstva ritmi\u010dna je i dinami\u010dna te bliska i djeci i roditeljima. Ova predstava za uzrast 4+ na repertoaru Kazali\u0161ta bit \u0107e do subote, 21. o\u017eujka, a ulaznice za predstavu mogu se kupiti online u web shopu GKL Rijeka <a href=\"https:\/\/www.gkl-rijeka.hr\/\">https:\/\/www.gkl-rijeka.hr\/<\/a> te putem platforme Moje karte.hr.<\/p>\n<p>[\/et_pb_text][\/et_pb_column][\/et_pb_row][\/et_pb_section][et_pb_section admin_label=&#8221;section&#8221; background_color=&#8221;#313f55&#8243; inner_shadow=&#8221;off&#8221; parallax=&#8221;off&#8221;][et_pb_row admin_label=&#8221;row&#8221;][et_pb_column type=&#8221;1_3&#8243;][\/et_pb_column][et_pb_column type=&#8221;1_3&#8243;][\/et_pb_column][et_pb_column type=&#8221;1_3&#8243;][\/et_pb_column][\/et_pb_row][\/et_pb_section][et_pb_section admin_label=&#8221;section&#8221; background_color=&#8221;#27323a&#8221; inner_shadow=&#8221;on&#8221; parallax=&#8221;off&#8221;][et_pb_row admin_label=&#8221;row&#8221;][et_pb_column type=&#8221;4_4&#8243;][et_pb_cta admin_label=&#8221;Call To Action&#8221; button_url=&#8221;https:\/\/gkl-rijeka.mojekarte.hr\/hr\/all.html&#8221; button_text=&#8221;Ulaznice&#8221; use_background_color=&#8221;off&#8221; background_color=&#8221;#2ea3f2&#8243; background_layout=&#8221;light&#8221; text_orientation=&#8221;center&#8221; url_new_window=&#8221;on&#8221; use_border_color=&#8221;off&#8221; border_color=&#8221;#ffffff&#8221; border_style=&#8221;solid&#8221; custom_button=&#8221;off&#8221; button_letter_spacing=&#8221;0&#8243; button_use_icon=&#8221;default&#8221; button_icon_placement=&#8221;right&#8221; button_on_hover=&#8221;on&#8221; button_letter_spacing_hover=&#8221;0&#8243;]<\/p>\n<p>[\/et_pb_cta][\/et_pb_column][\/et_pb_row][\/et_pb_section][et_pb_section admin_label=&#8221;section&#8221;][et_pb_row admin_label=&#8221;row&#8221;][\/et_pb_row][\/et_pb_section]<\/p>\n","protected":false},"excerpt":{"rendered":"<p>5. o\u017eujka u 18 sati<\/p>\n","protected":false},"author":1,"featured_media":17643,"comment_status":"closed","ping_status":"closed","sticky":false,"template":"","format":"standard","meta":{"spay_email":""},"categories":[3],"tags":[],"jetpack_featured_media_url":"https:\/\/www.gkl-rijeka.hr\/wp-content\/uploads\/2026\/03\/Misevi-i-macke-naglavacke_15-scaled.jpg?wsr","yoast_head":"<!-- This site is optimized with the Yoast SEO plugin v15.1.1 - https:\/\/yoast.com\/wordpress\/plugins\/seo\/ -->\n<meta name=\"robots\" content=\"index, follow, max-snippet:-1, max-image-preview:large, max-video-preview:-1\" \/>\n<link rel=\"canonical\" href=\"https:\/\/www.gkl-rijeka.hr\/index.php\/premijera-predstave-misevi-i-macke-naglavacke\/\" \/>\n<meta property=\"og:locale\" content=\"en_US\" \/>\n<meta property=\"og:type\" content=\"article\" \/>\n<meta property=\"og:title\" content=\"Premijera predstave \u201eMi\u0161evi i ma\u010dke naglava\u010dke\u201c - Gradsko kazali\u0161te lutaka Rijeka\" \/>\n<meta property=\"og:description\" content=\"5. o\u017eujka u 18 sati\" \/>\n<meta property=\"og:url\" content=\"https:\/\/www.gkl-rijeka.hr\/index.php\/premijera-predstave-misevi-i-macke-naglavacke\/\" \/>\n<meta property=\"og:site_name\" content=\"Gradsko kazali\u0161te lutaka Rijeka\" \/>\n<meta property=\"article:publisher\" content=\"https:\/\/www.facebook.com\/gkl.rijeka\" \/>\n<meta property=\"article:published_time\" content=\"2026-03-04T11:54:50+00:00\" \/>\n<meta property=\"article:modified_time\" content=\"2026-03-18T18:47:07+00:00\" \/>\n<meta property=\"og:image\" content=\"https:\/\/www.gkl-rijeka.hr\/wp-content\/uploads\/2026\/03\/Misevi-i-macke-naglavacke_15-scaled.jpg?wsr\" \/>\n\t<meta property=\"og:image:width\" content=\"2560\" \/>\n\t<meta property=\"og:image:height\" content=\"1707\" \/>\n<meta property=\"fb:app_id\" content=\"368762594246882\" \/>\n<meta name=\"twitter:card\" content=\"summary\" \/>\n<script type=\"application\/ld+json\" class=\"yoast-schema-graph\">{\"@context\":\"https:\/\/schema.org\",\"@graph\":[{\"@type\":\"Organization\",\"@id\":\"https:\/\/www.gkl-rijeka.hr\/#organization\",\"name\":\"Gradsko kazali\\u0161te lutaka Rijeka\",\"url\":\"https:\/\/www.gkl-rijeka.hr\/\",\"sameAs\":[\"https:\/\/www.facebook.com\/gkl.rijeka\"],\"logo\":{\"@type\":\"ImageObject\",\"@id\":\"https:\/\/www.gkl-rijeka.hr\/#logo\",\"inLanguage\":\"en-US\",\"url\":\"https:\/\/www.gkl-rijeka.hr\/wp-content\/uploads\/2020\/10\/logo_boja_01.png?wsr\",\"width\":209,\"height\":280,\"caption\":\"Gradsko kazali\\u0161te lutaka Rijeka\"},\"image\":{\"@id\":\"https:\/\/www.gkl-rijeka.hr\/#logo\"}},{\"@type\":\"WebSite\",\"@id\":\"https:\/\/www.gkl-rijeka.hr\/#website\",\"url\":\"https:\/\/www.gkl-rijeka.hr\/\",\"name\":\"Gradsko kazali\\u0161te lutaka Rijeka\",\"description\":\"\",\"publisher\":{\"@id\":\"https:\/\/www.gkl-rijeka.hr\/#organization\"},\"potentialAction\":[{\"@type\":\"SearchAction\",\"target\":\"https:\/\/www.gkl-rijeka.hr\/?s={search_term_string}\",\"query-input\":\"required name=search_term_string\"}],\"inLanguage\":\"en-US\"},{\"@type\":\"ImageObject\",\"@id\":\"https:\/\/www.gkl-rijeka.hr\/index.php\/premijera-predstave-misevi-i-macke-naglavacke\/#primaryimage\",\"inLanguage\":\"en-US\",\"url\":\"https:\/\/www.gkl-rijeka.hr\/wp-content\/uploads\/2026\/03\/Misevi-i-macke-naglavacke_15-scaled.jpg?wsr\",\"width\":2560,\"height\":1707},{\"@type\":\"WebPage\",\"@id\":\"https:\/\/www.gkl-rijeka.hr\/index.php\/premijera-predstave-misevi-i-macke-naglavacke\/#webpage\",\"url\":\"https:\/\/www.gkl-rijeka.hr\/index.php\/premijera-predstave-misevi-i-macke-naglavacke\/\",\"name\":\"Premijera predstave \\u201eMi\\u0161evi i ma\\u010dke naglava\\u010dke\\u201c - Gradsko kazali\\u0161te lutaka Rijeka\",\"isPartOf\":{\"@id\":\"https:\/\/www.gkl-rijeka.hr\/#website\"},\"primaryImageOfPage\":{\"@id\":\"https:\/\/www.gkl-rijeka.hr\/index.php\/premijera-predstave-misevi-i-macke-naglavacke\/#primaryimage\"},\"datePublished\":\"2026-03-04T11:54:50+00:00\",\"dateModified\":\"2026-03-18T18:47:07+00:00\",\"inLanguage\":\"en-US\",\"potentialAction\":[{\"@type\":\"ReadAction\",\"target\":[\"https:\/\/www.gkl-rijeka.hr\/index.php\/premijera-predstave-misevi-i-macke-naglavacke\/\"]}]},{\"@type\":\"Article\",\"@id\":\"https:\/\/www.gkl-rijeka.hr\/index.php\/premijera-predstave-misevi-i-macke-naglavacke\/#article\",\"isPartOf\":{\"@id\":\"https:\/\/www.gkl-rijeka.hr\/index.php\/premijera-predstave-misevi-i-macke-naglavacke\/#webpage\"},\"author\":{\"@id\":\"https:\/\/www.gkl-rijeka.hr\/#\/schema\/person\/3d9f7620db983ddf36e45ccae28c8651\"},\"headline\":\"Premijera predstave \\u201eMi\\u0161evi i ma\\u010dke naglava\\u010dke\\u201c\",\"datePublished\":\"2026-03-04T11:54:50+00:00\",\"dateModified\":\"2026-03-18T18:47:07+00:00\",\"mainEntityOfPage\":{\"@id\":\"https:\/\/www.gkl-rijeka.hr\/index.php\/premijera-predstave-misevi-i-macke-naglavacke\/#webpage\"},\"publisher\":{\"@id\":\"https:\/\/www.gkl-rijeka.hr\/#organization\"},\"image\":{\"@id\":\"https:\/\/www.gkl-rijeka.hr\/index.php\/premijera-predstave-misevi-i-macke-naglavacke\/#primaryimage\"},\"articleSection\":\"Novosti\",\"inLanguage\":\"en-US\"},{\"@type\":\"Person\",\"@id\":\"https:\/\/www.gkl-rijeka.hr\/#\/schema\/person\/3d9f7620db983ddf36e45ccae28c8651\",\"name\":\"Marin\",\"image\":{\"@type\":\"ImageObject\",\"@id\":\"https:\/\/www.gkl-rijeka.hr\/#personlogo\",\"inLanguage\":\"en-US\",\"url\":\"https:\/\/secure.gravatar.com\/avatar\/9ba8e90e29bf7b5691a75673ed86bcba?s=96&d=mm&r=g\",\"caption\":\"Marin\"}}]}<\/script>\n<!-- \/ Yoast SEO plugin. -->","_links":{"self":[{"href":"https:\/\/www.gkl-rijeka.hr\/index.php\/wp-json\/wp\/v2\/posts\/17642"}],"collection":[{"href":"https:\/\/www.gkl-rijeka.hr\/index.php\/wp-json\/wp\/v2\/posts"}],"about":[{"href":"https:\/\/www.gkl-rijeka.hr\/index.php\/wp-json\/wp\/v2\/types\/post"}],"author":[{"embeddable":true,"href":"https:\/\/www.gkl-rijeka.hr\/index.php\/wp-json\/wp\/v2\/users\/1"}],"replies":[{"embeddable":true,"href":"https:\/\/www.gkl-rijeka.hr\/index.php\/wp-json\/wp\/v2\/comments?post=17642"}],"version-history":[{"count":5,"href":"https:\/\/www.gkl-rijeka.hr\/index.php\/wp-json\/wp\/v2\/posts\/17642\/revisions"}],"predecessor-version":[{"id":17707,"href":"https:\/\/www.gkl-rijeka.hr\/index.php\/wp-json\/wp\/v2\/posts\/17642\/revisions\/17707"}],"wp:featuredmedia":[{"embeddable":true,"href":"https:\/\/www.gkl-rijeka.hr\/index.php\/wp-json\/wp\/v2\/media\/17643"}],"wp:attachment":[{"href":"https:\/\/www.gkl-rijeka.hr\/index.php\/wp-json\/wp\/v2\/media?parent=17642"}],"wp:term":[{"taxonomy":"category","embeddable":true,"href":"https:\/\/www.gkl-rijeka.hr\/index.php\/wp-json\/wp\/v2\/categories?post=17642"},{"taxonomy":"post_tag","embeddable":true,"href":"https:\/\/www.gkl-rijeka.hr\/index.php\/wp-json\/wp\/v2\/tags?post=17642"}],"curies":[{"name":"wp","href":"https:\/\/api.w.org\/{rel}","templated":true}]}}